{"id":47402,"date":"2025-03-20T15:00:00","date_gmt":"2025-03-20T18:00:00","guid":{"rendered":"https:\/\/latinoamerica21.com\/?p=47402"},"modified":"2025-03-20T15:41:28","modified_gmt":"2025-03-20T18:41:28","slug":"bolivia-the-perfect-political-storm-for-whom","status":"publish","type":"post","link":"https:\/\/latinoamerica21.com\/en\/bolivia-the-perfect-political-storm-for-whom\/","title":{"rendered":"Bolivia: The Perfect Political Storm&#8230; For Whom?"},"content":{"rendered":"\n<p>En este per\u00edodo, los bolivianos est\u00e1n demostrando una gran capacidad para soportar una crisis. Por una parte, hace varios d\u00edas que el aparato productivo casi se ha detenido por <a href=\"https:\/\/elpais.com\/internacional\/2025-03-14\/la-escasez-de-combustible-en-bolivia-alienta-las-protestas-de-los-transportistas-contra-arce.html\">la escasez de carburantes<\/a>, con el claro riesgo de que salte por los aires el precio del d\u00f3lar junto con el precio del pan, de la carne y las verduras. En segundo lugar, el gobierno ha perdido toda capacidad de iniciativa pol\u00edtica y solo lanza medidas \u2014diez, en realidad\u2014 que no afectan a la estructura misma del problema. En tercer lugar, los partidos pol\u00edticos se han convertido en maquinarias electorales dominadas por marketeros electorales que tratan de vender gato por liebre. Tenemos incertidumbre, ausencia de gobierno y p\u00e9rdida del sentido de la pol\u00edtica, los ingredientes ideales para una tormenta pol\u00edtica perfecta.\u00a0<\/p>\n\n<p>Por si esto fuera poco, la oposici\u00f3n partidaria anti-MAS (Movimiento al Socialismo) no ofrece nada alternativo al gobierno de Luis Arce. Ante la crisis de ausencia de d\u00f3lares, el s\u00fabdito coreano-boliviano Chi Hyun Chung propone importar d\u00f3lares, que es tanto como decir que tendr\u00e1 que recurrir a los pr\u00e9stamos para salir del problema. Por su parte, Samuel Doria sostiene que lo har\u00e1 en 100 d\u00edas y con \u201ctoda la ayuda internacional que sea posible obtener\u201d: en otras palabras, tender\u00e1 la mano para que el Fondo Monetario Internacional o el Banco Mundial nos den los ausentes d\u00f3lares. Finalmente, Jorge <em>Tuto<\/em> Quiroga propone recurrir a los organismos internacionales, lo que parece razonable, pero lo dice mientras aplaude que la actual Asamblea Legislativa Plurinacional (ALP) haya cerrado el paso a la llegada de estas divisas.\u00a0\u00a0<\/p>\n\n<p>En este contexto, Evo Morales no ha perdido de vista su objetivo de tumbar al gobierno de Arce, pero ha cambiado notablemente de estrategia. Ha dejado se usar su poder de movilizaci\u00f3n callejera y caminera (donde perd\u00eda popularidad porque se lo ve\u00eda como causante de la crisis) y ha decidido concentrarse en la ALP, donde su bancada (m\u00e1s los legisladores anti-MAS) bloquean la aprobaci\u00f3n de pr\u00e9stamos de organismos internacionales. Son 1.600 millones de d\u00f3lares en total. En suma, ya no bloquea caminos, ahora bloquea en la ALP.\u00a0<\/p>\n\n<p>Morales, que se mueve como pez en el agua cuando las aguas turbulentas de la pol\u00edtica empiezan a ponerse bravas, est\u00e1 logrando su objetivo de generar una fuerte crisis de gobernabilidad a la gesti\u00f3n de Arce, bajo el riesgo de que derive en algo mayor. Esta misma estrategia le funcion\u00f3 en 2003 para tumbar a Gonzalo S\u00e1nchez de Lozada y en 2005 contra Carlos Mesa. \u00bfPor qu\u00e9 no podr\u00eda hacerlo en 2025?<\/p>\n\n<p>Por supuesto que detr\u00e1s de las acciones de los actores partidarios est\u00e1 <a href=\"https:\/\/latinoamerica21.com\/es\/elecciones-en-bolivia-economia-en-crisis-y-democracia-a-la-baja\/\">el c\u00e1lculo electoral<\/a>. Suponen que el desgaste pol\u00edtico de Arce m\u00e1s la inhabilitaci\u00f3n de Evo como candidato har\u00e1 que los votos, como por arte de magia, migren desde diversos sectores hacia sus candidaturas. Suponen que la coyuntura actual afecta a la imagen tanto de Arce como de Evo: al primero lo ver\u00edan como el economista incapaz, y al segundo como el causante de la crisis.\u00a0<\/p>\n\n<p>Empero son l\u00f3gicas equivocadas. Nada hace suponer que la clase media y campesina que hoy son interpeladas por unos discursos de corte nacional populista por el MAS y por Evo Morales vayan de pronto a abrirse a propuestas o discursos libertarios o liberales al estilo de Milei o Trump.\u00a0\u00a0<\/p>\n\n<p>La otra suposici\u00f3n es que Morales carece de capacidad de efecto pol\u00edtico por estar inhabilitado en las elecciones de este a\u00f1o. Como van las cosas, es probable que Evo no figure en la papeleta electoral pero puede colocar a un sucesor que capte el 30% de respaldo del que goza el expresidente cocalero. No es poca cosa.\u00a0<\/p>\n\n<p>Desde su autoencierro en el Chapare (Cochabamba), Morales est\u00e1 demostrando que, sin necesidad de moverse, puede afectar y hasta ordenar la agenda pol\u00edtica boliviana. A \u00e9l no le interesan las elecciones generales: \u00e9l va tras la cabeza del presidente Arce (una cabeza que hoy por hoy habla poco y propone menos). En este contexto, muchos opositores o simplemente cr\u00edticos con el gobierno baten palmas por la crisis econ\u00f3mica y pol\u00edtica actual porque creen que debilita al oficialismo y fortalece a una de las oposiciones. Est\u00e1n lamentablemente errados: quien se beneficia de todo este descalabro es Morales, cuyo poder puede quedar intacto en las elecciones de agosto de este a\u00f1o, est\u00e9 o no su foto en la papeleta electoral.<\/p>\n","protected":false},"excerpt":{"rendered":"<p>We have uncertainty, absence of government and loss of sense of politics, the ideal ingredients for a perfect political storm. \u2028<\/p>\n","protected":false},"author":279,"featured_media":47396,"comment_status":"closed","ping_status":"closed","sticky":false,"template":"","format":"standard","meta":{"_acf_changed":false,"episode_type":"","audio_file":"","cover_image":"","cover_image_id":"","duration":"","filesize":"","filesize_raw":"","date_recorded":"","explicit":"","block":"","itunes_episode_number":"","itunes_title":"","itunes_season_number":"","itunes_episode_type":"","footnotes":""},"categories":[16869,16840],"tags":[15635],"gps":[],"class_list":{"0":"post-47402","1":"post","2":"type-post","3":"status-publish","4":"format-standard","5":"has-post-thumbnail","7":"category-crisis-politica-en","8":"category-bolivia-en","9":"tag-debates"},"acf":[],"_links":{"self":[{"href":"https:\/\/latinoamerica21.com\/en\/wp-json\/wp\/v2\/posts\/47402","targetHints":{"allow":["GET"]}}],"collection":[{"href":"https:\/\/latinoamerica21.com\/en\/wp-json\/wp\/v2\/posts"}],"about":[{"href":"https:\/\/latinoamerica21.com\/en\/wp-json\/wp\/v2\/types\/post"}],"author":[{"embeddable":true,"href":"https:\/\/latinoamerica21.com\/en\/wp-json\/wp\/v2\/users\/279"}],"replies":[{"embeddable":true,"href":"https:\/\/latinoamerica21.com\/en\/wp-json\/wp\/v2\/comments?post=47402"}],"version-history":[{"count":0,"href":"https:\/\/latinoamerica21.com\/en\/wp-json\/wp\/v2\/posts\/47402\/revisions"}],"wp:featuredmedia":[{"embeddable":true,"href":"https:\/\/latinoamerica21.com\/en\/wp-json\/wp\/v2\/media\/47396"}],"wp:attachment":[{"href":"https:\/\/latinoamerica21.com\/en\/wp-json\/wp\/v2\/media?parent=47402"}],"wp:term":[{"taxonomy":"category","embeddable":true,"href":"https:\/\/latinoamerica21.com\/en\/wp-json\/wp\/v2\/categories?post=47402"},{"taxonomy":"post_tag","embeddable":true,"href":"https:\/\/latinoamerica21.com\/en\/wp-json\/wp\/v2\/tags?post=47402"},{"taxonomy":"gps","embeddable":true,"href":"https:\/\/latinoamerica21.com\/en\/wp-json\/wp\/v2\/gps?post=47402"}],"curies":[{"name":"wp","href":"https:\/\/api.w.org\/{rel}","templated":true}]}}