{"id":343,"name":"Guillermo Tell Aveledo Coll","url":"","description":"Decano de Estudios Jur\u00eddicos y Pol\u00edticos y profesor en Estudios Pol\u00edticos de la Universidad Metropolitana - UNIMET (Caracas). Doctor en Ciencia Pol\u00edtica por la Universidad Central de Venezuela.","link":"https:\/\/latinoamerica21.com\/en\/autor\/guillermo-tell-aveledo-coll\/","slug":"guillermo-tell-aveledo-coll","meta":[],"acf":[],"simple_local_avatar":{"media_id":51093,"full":"https:\/\/latinoamerica21.com\/wp-content\/uploads\/2025\/09\/Guillermo-Tell-Aveledo-Coll.jpg","blog_id":1,"500":"https:\/\/latinoamerica21.com\/wp-content\/uploads\/2025\/09\/Guillermo-Tell-Aveledo-Coll-500x500.jpg","150":"https:\/\/latinoamerica21.com\/wp-content\/uploads\/2025\/09\/Guillermo-Tell-Aveledo-Coll-150x150.jpg","96":"https:\/\/latinoamerica21.com\/wp-content\/uploads\/2025\/09\/Guillermo-Tell-Aveledo-Coll-96x96.jpg"},"_links":{"self":[{"href":"https:\/\/latinoamerica21.com\/en\/wp-json\/wp\/v2\/users\/343","targetHints":{"allow":["GET"]}}],"collection":[{"href":"https:\/\/latinoamerica21.com\/en\/wp-json\/wp\/v2\/users"}]}}