{"id":672,"name":"Juan Manuel Sotillo","url":"","description":"Economista y doctorando del programa de Derecho, Gobierno y Pol\u00edticas P\u00fablicas de la Universidad Aut\u00f3noma de Madrid en su rama de Ciencia Pol\u00edtica y Relaciones Internacionales. Miembro de la C\u00e1tedra China.","link":"https:\/\/latinoamerica21.com\/en\/autor\/juan-manuel-sotillo\/","slug":"juan-manuel-sotillo","meta":[],"acf":[],"simple_local_avatar":{"media_id":44383,"full":"https:\/\/latinoamerica21.com\/wp-content\/uploads\/2024\/10\/cropped-Juan-Manuel-Sotillo.jpg","blog_id":1,"192":"https:\/\/latinoamerica21.com\/wp-content\/uploads\/2024\/10\/cropped-Juan-Manuel-Sotillo-192x192.jpg","96":"https:\/\/latinoamerica21.com\/wp-content\/uploads\/2024\/10\/cropped-Juan-Manuel-Sotillo-96x96.jpg","150":"https:\/\/latinoamerica21.com\/wp-content\/uploads\/2024\/10\/cropped-Juan-Manuel-Sotillo-150x150.jpg","300":"https:\/\/latinoamerica21.com\/wp-content\/uploads\/2024\/10\/cropped-Juan-Manuel-Sotillo.jpg","24":"https:\/\/latinoamerica21.com\/wp-content\/uploads\/2024\/10\/cropped-Juan-Manuel-Sotillo-24x24.jpg","48":"https:\/\/latinoamerica21.com\/wp-content\/uploads\/2024\/10\/cropped-Juan-Manuel-Sotillo-48x48.jpg","128":"https:\/\/latinoamerica21.com\/wp-content\/uploads\/2024\/10\/cropped-Juan-Manuel-Sotillo-128x128.jpg","80":"https:\/\/latinoamerica21.com\/wp-content\/uploads\/2024\/10\/cropped-Juan-Manuel-Sotillo-80x80.jpg","40":"https:\/\/latinoamerica21.com\/wp-content\/uploads\/2024\/10\/cropped-Juan-Manuel-Sotillo-40x40.jpg","500":"https:\/\/latinoamerica21.com\/wp-content\/uploads\/2024\/10\/cropped-Juan-Manuel-Sotillo.jpg","1600":"https:\/\/latinoamerica21.com\/wp-content\/uploads\/2024\/10\/cropped-Juan-Manuel-Sotillo.jpg","800":"https:\/\/latinoamerica21.com\/wp-content\/uploads\/2024\/10\/cropped-Juan-Manuel-Sotillo.jpg","64":"https:\/\/latinoamerica21.com\/wp-content\/uploads\/2024\/10\/cropped-Juan-Manuel-Sotillo-64x64.jpg","32":"https:\/\/latinoamerica21.com\/wp-content\/uploads\/2024\/10\/cropped-Juan-Manuel-Sotillo-32x32.jpg"},"_links":{"self":[{"href":"https:\/\/latinoamerica21.com\/en\/wp-json\/wp\/v2\/users\/672","targetHints":{"allow":["GET"]}}],"collection":[{"href":"https:\/\/latinoamerica21.com\/en\/wp-json\/wp\/v2\/users"}]}}