{"id":1014,"date":"2017-10-05T19:37:15","date_gmt":"2017-10-05T22:37:15","guid":{"rendered":"http:\/\/latinoamerica21.com\/?p=1014"},"modified":"2024-06-25T06:55:45","modified_gmt":"2024-06-25T09:55:45","slug":"y-el-separatismo-en-america-latina","status":"publish","type":"post","link":"https:\/\/latinoamerica21.com\/es\/y-el-separatismo-en-america-latina\/","title":{"rendered":"\u00bfY el separatismo en Am\u00e9rica Latina?"},"content":{"rendered":"\n<p>El proceso soberanista catal\u00e1n que se ha\nprofundizado en los \u00faltimos meses mantiene conmocionada a la opini\u00f3n p\u00fablica\ninternacional que se hamaca entre partidarios o detractores seg\u00fan se suceden\nlos acontecimientos. Y en Am\u00e9rica Latina, la regi\u00f3n del mundo m\u00e1s\ndesacostumbrada a conflictos separatistas, el simple hecho de imaginar a la\nMadre Patria fracturada nos da v\u00e9rtigo.<\/p>\n\n\n\n<p>En el mundo existen actualmente m\u00e1s de cincuenta\nconflictos separatistas. Algunos son impulsados por la extrema izquierda y\notros por la extrema derecha, \u2014para quienes estamos m\u00e1s acostumbrados a\ncategor\u00edas pol\u00edticas simplificados\u2014 que generalmente est\u00e1n combinados con\nmotivos tribales, ling\u00fc\u00edsticos, \u00e9tnicos o religiosos. Estas condicionantes son\nrelativamente estables, pero en contacto con otras condiciones m\u00e1s din\u00e1micas,\ncomo pueden ser las econ\u00f3micas, pueden llegar a generarse situaciones m\u00e1s o\nmenos tensas. <\/p>\n\n\n\n<p>Muchas veces se trata de nacionalismos impulsados\npor intereses econ\u00f3micos de ciertos sectores inconformes, que trasladan la\npol\u00edtica al campo emocional dejando muchas veces de lado el aspecto racional.\nPero tambi\u00e9n existen casos de situaciones de discriminaci\u00f3n y marginaci\u00f3n en el\nreparto del poder pol\u00edtico, de inequidad en la distribuci\u00f3n de la riqueza o el\nsimple sometimiento de un sector de la poblaci\u00f3n por parte de otro. Ese fue el\ncaso de Sud\u00e1n de Sur, el ultimo pa\u00eds reconocido por Naciones Unidas, tras el\nrefer\u00e9ndum en el a\u00f1o 2011. <\/p>\n\n\n\n<p>Mas all\u00e1 de opiniones, el mapa del mundo se ha\ntransformado constantemente. Los movimientos de emancipaci\u00f3n en Am\u00e9rica fueron\nla primer gran oleada de independentismos desde que existen los Estados-naci\u00f3n.\nM\u00e1s tarde, en 1945, el a\u00f1o de su fundaci\u00f3n, la ONU ten\u00eda apenas 49 miembros, y\ncinco d\u00e9cadas m\u00e1s tarde, en 1990 reconoc\u00eda a 159 pa\u00edses. Actualmente el\norganismo agrupa a 193 Estados independientes, diez de ellos creados en los\n\u00faltimos 24 a\u00f1os. <\/p>\n\n\n\n<p>Una vez finalizados los procesos de descolonizaci\u00f3n\nen \u00c1frica y la desintegraci\u00f3n del bloque comunista y la antigua Yugoslavia, la\ncreaci\u00f3n de nuevos Estados se ha desacelerado. Sin embargo, algunos acad\u00e9micos\nsostienen que las transformaciones econ\u00f3micas, sociales y pol\u00edticas como\nconsecuencia de la \u00abglobalizaci\u00f3n\u00bb han disparado las tensiones\nsecesionistas en las \u00faltimas d\u00e9cadas. M\u00e1s all\u00e1 de la tendencia, es claro que la\nviolencia, como medio de buscar la independencia ha dado lugar a medios pac\u00edficos\ncomo la celebraci\u00f3n de refer\u00e9ndums como fue el caso de Quebec o Escocia.<\/p>\n\n\n\n<p>Gran parte de los movimientos separatistas en Europa,\n\u00c1frica y Asia son de car\u00e1cter \u00e9tnico, debido a la diversidad de pueblos,\nlenguas y religiones dentro de un mismo pa\u00eds. Sin embargo, en Am\u00e9rica Latina,\nel mestizaje y la relativa homogeneidad ling\u00fc\u00edstica y religiosa, como producto\ndel proceso colonizador, generaron sociedades menos diversas, por ende menos\nproclives a fracturarse. <\/p>\n\n\n\n<p>Las fronteras en Am\u00e9rica no han sufrido cambios\ndesde 1903 cuando Panam\u00e1 se separ\u00f3 de Colombia, sin embargo, siempre han\nexistido peque\u00f1os movimientos separatistas. Uno de ellos es el de Santa Cruz de\nla Sierra en Bolivia, la regi\u00f3n m\u00e1s rica del pa\u00eds. All\u00ed, un peque\u00f1o sector de\nlas \u00e9lites blancas promovieron el secesionismo, luego de que Evo Morales, de\norigen aymara, fuera elegido presidente. Un ejemplo a\u00fan menos relevante es el\nmovimiento en Zulia en Venezuela, regi\u00f3n que concentra gran parte de la riqueza\npetrolera del pa\u00eds, donde algunos grupos desconformes con el chavismo llegaron\na reclamar un refer\u00e9ndum de independencia. Otros casos son el separatismo en\nGuayaquil, el mayor puerto de Ecuador, o el movimiento S\u00e3o Paulo Livre (SPL), la\norganizaci\u00f3n m\u00e1s notoria de Brasil, cuyo objetivo es la independencia de la\nciudad que acumula la tercera parte de la riqueza del pa\u00eds.<\/p>\n\n\n\n<p>Queda claro que el aspecto econ\u00f3mico en s\u00ed mismo es\nun m\u00f3vil suficiente como para generar movilizaciones. Sin embargo, los\nmovimientos separatistas en Am\u00e9rica Latina carece de caracterizaciones\nprofundas que puedan movilizar a grandes sectores de la sociedad. Por lo tanto,\nparece muy probable que de momento la configuraci\u00f3n de la regi\u00f3n se mantenga\nintacta. Pero lo que no hay que olvidar, es que desde que existen los Estados,\nel mapa global no ha dejado de redibujarse, y probablemente nunca lo har\u00e1.<\/p>\n\n\n\n<p><em>Foto de gui.tavares en Trend hype \/ CC BY-NC-SA<\/em><\/p>\n","protected":false},"excerpt":{"rendered":"<p>El proceso soberanista catal\u00e1n mantiene conmocionada a la opini\u00f3n p\u00fablica internacional que se hamaca entre partidarios o detractores. Y en Am\u00e9rica Latina, la regi\u00f3n del mundo m\u00e1s desacostumbrada a conflictos separatistas, el simple hecho de imaginar a la Madre Patria fracturada nos da v\u00e9rtigo.<\/p>\n","protected":false},"author":2,"featured_media":1015,"comment_status":"closed","ping_status":"closed","sticky":false,"template":"","format":"standard","meta":{"_acf_changed":false,"episode_type":"","audio_file":"","cover_image":"","cover_image_id":"","duration":"","filesize":"","filesize_raw":"","date_recorded":"","explicit":"","block":"","itunes_episode_number":"","itunes_title":"","itunes_season_number":"","itunes_episode_type":"","footnotes":""},"categories":[16468,16599],"tags":[14128],"gps":[],"class_list":{"0":"post-1014","1":"post","2":"type-post","3":"status-publish","4":"format-standard","5":"has-post-thumbnail","7":"category-politica","8":"category-internet-es","9":"tag-ideas-en-es"},"acf":[],"_links":{"self":[{"href":"https:\/\/latinoamerica21.com\/es\/wp-json\/wp\/v2\/posts\/1014","targetHints":{"allow":["GET"]}}],"collection":[{"href":"https:\/\/latinoamerica21.com\/es\/wp-json\/wp\/v2\/posts"}],"about":[{"href":"https:\/\/latinoamerica21.com\/es\/wp-json\/wp\/v2\/types\/post"}],"author":[{"embeddable":true,"href":"https:\/\/latinoamerica21.com\/es\/wp-json\/wp\/v2\/users\/2"}],"replies":[{"embeddable":true,"href":"https:\/\/latinoamerica21.com\/es\/wp-json\/wp\/v2\/comments?post=1014"}],"version-history":[{"count":0,"href":"https:\/\/latinoamerica21.com\/es\/wp-json\/wp\/v2\/posts\/1014\/revisions"}],"wp:featuredmedia":[{"embeddable":true,"href":"https:\/\/latinoamerica21.com\/es\/wp-json\/wp\/v2\/media\/1015"}],"wp:attachment":[{"href":"https:\/\/latinoamerica21.com\/es\/wp-json\/wp\/v2\/media?parent=1014"}],"wp:term":[{"taxonomy":"category","embeddable":true,"href":"https:\/\/latinoamerica21.com\/es\/wp-json\/wp\/v2\/categories?post=1014"},{"taxonomy":"post_tag","embeddable":true,"href":"https:\/\/latinoamerica21.com\/es\/wp-json\/wp\/v2\/tags?post=1014"},{"taxonomy":"gps","embeddable":true,"href":"https:\/\/latinoamerica21.com\/es\/wp-json\/wp\/v2\/gps?post=1014"}],"curies":[{"name":"wp","href":"https:\/\/api.w.org\/{rel}","templated":true}]}}