{"id":10246,"date":"2022-05-14T09:00:00","date_gmt":"2022-05-14T12:00:00","guid":{"rendered":"https:\/\/latinoamerica21.com\/?p=10246"},"modified":"2022-05-13T09:41:01","modified_gmt":"2022-05-13T12:41:01","slug":"todo-el-gobierno-al-empresariado","status":"publish","type":"post","link":"https:\/\/latinoamerica21.com\/es\/todo-el-gobierno-al-empresariado\/","title":{"rendered":"\u00bfTodo el Gobierno al empresariado?"},"content":{"rendered":"\n<p>Sea por legado de la filosof\u00eda cl\u00e1sica griega o por influencias del pensamiento cat\u00f3lico agustiniano que separaba la esfera privada comercial (orientada por el lucro) de las decisiones colectivas en pos del bien com\u00fan, muchos de nosotros nos acostumbramos a disociar el poder pol\u00edtico y las definiciones p\u00fablicas de las influencias de mercado. Esa separaci\u00f3n pudo tener sentido en la \u00e9poca de los grandes imperios, construcci\u00f3n del Estado nacional y procesos independentistas contestadores del colonialismo propios del siglo XX, cuando las autoridades contaban con recursos, capacidades y legitimidad para surgir como la fuente casi exclusiva del bienestar nacional. Pero hoy en d\u00eda, cuando corporaciones como Apple, Microsoft o Amazon tienen cada una un valor de mercado superior al PBI brasile\u00f1o, ruso, canadiense o espa\u00f1ol \u2014todos, pa\u00edses del selecto y enriquecido G20\u2014, se hace dif\u00edcil defender aquella divisi\u00f3n, as\u00ed como exceptuar a <a href=\"https:\/\/www.france24.com\/es\/20191009-multilatinas-que-son-relevancia-region\" target=\"_blank\" rel=\"noreferrer noopener\">la vanguardia empresarial de un papel<\/a> m\u00e1s determinante que la producci\u00f3n de bienes.<\/p>\n\n\n\n<p>La creciente atribuci\u00f3n de capacidades y responsabilidades a <a href=\"https:\/\/latinoamerica21.com\/es\/oro-blanco-la-emergencia-geopolitica-del-litio\/\" target=\"_blank\" rel=\"noreferrer noopener\">las grandes empresas por el destino de las sociedades<\/a> donde act\u00faan y sus derivaciones ambientales, clim\u00e1ticas, \u00e9ticas y sociales se inscribe en un proceso de paulatino reconocimiento del poder y competencias de las corporaciones. Esas potencialidades no solo reflejan una situaci\u00f3n de paridad o hasta superioridad con las instituciones pol\u00edticas convencionales para generar y distribuir impactos donde act\u00faan. Tambi\u00e9n retratan la percepci\u00f3n de inhabilidad o desinter\u00e9s del poder p\u00fablico tradicional (Gobierno, instituciones del Estado, partidos o Parlamento) para gestionar problemas para los cuales los agentes del mercado (al igual que otros, como la sociedad civil organizada) se proyectan como mucho m\u00e1s capacitados para dar respuestas satisfactorias.<\/p>\n\n\n\n<p>Esto explica la creciente expectativa de la ciudadan\u00eda por un comportamiento empresarial social y ambientalmente responsable. Un estudio de la consultora Market Analysis, junto con la red mundial de encuestadoras independientes WIN, que entrevist\u00f3 a m\u00e1s de 33.230 personas en 39 pa\u00edses, revela que siete de cada diez adultos del mundo consideran extremadamente o muy importante estar conscientes e informados sobre las acciones de gobernanza socioambiental que ejecutan las grandes compa\u00f1\u00edas.<\/p>\n\n\n\n<p>En los principales pa\u00edses de Am\u00e9rica Latina como Brasil, M\u00e9xico y Argentina, esa proporci\u00f3n llega al 80% o m\u00e1s. Aunque en una proporci\u00f3n algo menor, chilenos y colombianos tambi\u00e9n superan el promedio global en jerarquizar el conocimiento sobre la actuaci\u00f3n corporativa en materia de sostenibilidad. Pero la importancia de la concientizaci\u00f3n va m\u00e1s all\u00e1 de especulaciones en abstracto: poco m\u00e1s de 6 de cada 10 adultos en todo el mundo admiten que el comportamiento socioambiental corporativo molda sus preferencias de compra o adhesi\u00f3n a marcas.<\/p>\n\n\n\n<p>Votar con el bolsillo eligiendo los ofertantes de productos y servicios (empresas) con mejores credenciales \u00e9ticas y sustentables se conoce como \u201cconsumo pol\u00edtico\u201d y podr\u00eda ser una fuerza transformadora capaz de extender la acci\u00f3n ciudadana m\u00e1s all\u00e1 de las esferas formales de las urnas, la militancia partidaria o la protesta callejera. Ello ocurrir\u00eda porque el poder y la capacidad de influencia social y ambiental de las corporaciones exige influenciarlas all\u00ed donde \u2014de hecho\u2014 es posible moldar su comportamiento: su salud financiera, su participaci\u00f3n de mercado, su reputaci\u00f3n entre los consumidores y otros <em>stakeholders<\/em>.<\/p>\n\n\n\n<p>El favorecimiento de firmas con gobernanza ciudadana que respetan el medio ambiente en vez de envenenarlo, o que ampl\u00edan los derechos de sus funcionarios y comparten los beneficios econ\u00f3micos entre proveedores, sobre los que ignoran buenas pr\u00e1cticas socioambientales, contribuye a construir una sociedad m\u00e1s humana, abierta e inclusiva.<\/p>\n\n\n\n<p>\u00bfPor qu\u00e9 \u2014entonces\u2014 no se materializa esa nueva forma de activismo y construcci\u00f3n de una agenda progresista impulsando un nuevo orden social que extienda la buena gobernanza de forma m\u00e1s masiva? El estudio Market Analysis\/WIN tambi\u00e9n revela las sospechas que rodean a los agentes con poder, pol\u00edticos y empresariales, en la regi\u00f3n, estimulando la par\u00e1lisis donde podr\u00eda haber oportunidades de movilizaci\u00f3n progresista.<\/p>\n\n\n\n<p>En los 39 pa\u00edses sondados tan solo una de cada cinco personas cree que la mayor\u00eda de las compa\u00f1\u00edas operan seriamente con responsabilidad social y sostenibilidad. Otro 40% cree \u2014al contrario\u2014 que, en su mayor\u00eda, las empresas buscan aparentar gobernanza; en definitiva, puro <em>marketing<\/em>. En Am\u00e9rica Latina, sacando al Brasil que, adem\u00e1s de tener una estructura empresarial m\u00e1s compleja, tiene una tradici\u00f3n de debates e instituciones fuertes y visibles dedicadas a la propagaci\u00f3n y reconocimiento de la llamada ciudadan\u00eda corporativa y los principios ESG (de gobernanza socioambiental), tan solo el 10% conf\u00eda en los compromisos sustentables del mundo empresarial (la mitad del promedio mundial).<\/p>\n\n\n\n<p>El actual escenario que combina fuertes expectativas de compromiso corporativo con el bien com\u00fan por parte de los ciudadanos, sumado a su disposici\u00f3n para premiar o castigar firmas en funci\u00f3n de su desempe\u00f1o socioambiental y la baja credibilidad en el comportamiento altruista y prosocial de las empresas, representa un verdadero desaf\u00edo. Por un lado, esa combinaci\u00f3n redefine y consolida quienes son los nuevos jugadores de peso frente a los desaf\u00edos que nuestros pa\u00edses enfrentan, materializando un corrimiento de las expectativas de que los problemas importantes sean dirigidos hacia las empresas en lugar de concentrar toda la fe en las instituciones tradicionales de la pol\u00edtica y del Estado. Por otro lado, esa situaci\u00f3n genera un caudal de presi\u00f3n y demanda cuya canalizaci\u00f3n se frustra ante la incredulidad sobre las verdaderas intenciones corporativas. La posibilidad de que la actuaci\u00f3n empresarial sea vista como oportunista antes que genuina, adem\u00e1s de las frustraciones con el sistema pol\u00edtico formal\u2014, pueden abrir la puerta para expresiones radicalizadas o antisistema. La descreencia en la posibilidad de concretizar avances progresistas tambi\u00e9n por las v\u00edas de mercado ante Estados fallidos o Gobiernos paralizados como los que caracterizan nuestra regi\u00f3n, junto con los comportamientos corporativos que alimentan o justifican dicha percepci\u00f3n, podr\u00edan frustrar la propuesta de un modelo duradero de desarrollo responsable.<\/p>\n","protected":false},"excerpt":{"rendered":"<p>Por diferentes aspectos culturales, muchos de nosotros nos acostumbramos a disociar el poder pol\u00edtico de las influencias del mercado. Pero hoy en d\u00eda, cuando el valor de Apple o Amazon supera el PIB de grandes potencias, se hace dif\u00edcil defender aquella divisi\u00f3n.<\/p>\n","protected":false},"author":90,"featured_media":10247,"comment_status":"closed","ping_status":"closed","sticky":false,"template":"","format":"standard","meta":{"_acf_changed":false,"episode_type":"","audio_file":"","cover_image":"","cover_image_id":"","duration":"","filesize":"","filesize_raw":"","date_recorded":"","explicit":"","block":"","itunes_episode_number":"","itunes_title":"","itunes_season_number":"","itunes_episode_type":"","footnotes":""},"categories":[16468,16468,16506,16506],"tags":[],"gps":[],"class_list":{"0":"post-10246","1":"post","2":"type-post","3":"status-publish","4":"format-standard","5":"has-post-thumbnail","7":"category-politica","9":"category-economia"},"acf":[],"_links":{"self":[{"href":"https:\/\/latinoamerica21.com\/es\/wp-json\/wp\/v2\/posts\/10246","targetHints":{"allow":["GET"]}}],"collection":[{"href":"https:\/\/latinoamerica21.com\/es\/wp-json\/wp\/v2\/posts"}],"about":[{"href":"https:\/\/latinoamerica21.com\/es\/wp-json\/wp\/v2\/types\/post"}],"author":[{"embeddable":true,"href":"https:\/\/latinoamerica21.com\/es\/wp-json\/wp\/v2\/users\/90"}],"replies":[{"embeddable":true,"href":"https:\/\/latinoamerica21.com\/es\/wp-json\/wp\/v2\/comments?post=10246"}],"version-history":[{"count":0,"href":"https:\/\/latinoamerica21.com\/es\/wp-json\/wp\/v2\/posts\/10246\/revisions"}],"wp:featuredmedia":[{"embeddable":true,"href":"https:\/\/latinoamerica21.com\/es\/wp-json\/wp\/v2\/media\/10247"}],"wp:attachment":[{"href":"https:\/\/latinoamerica21.com\/es\/wp-json\/wp\/v2\/media?parent=10246"}],"wp:term":[{"taxonomy":"category","embeddable":true,"href":"https:\/\/latinoamerica21.com\/es\/wp-json\/wp\/v2\/categories?post=10246"},{"taxonomy":"post_tag","embeddable":true,"href":"https:\/\/latinoamerica21.com\/es\/wp-json\/wp\/v2\/tags?post=10246"},{"taxonomy":"gps","embeddable":true,"href":"https:\/\/latinoamerica21.com\/es\/wp-json\/wp\/v2\/gps?post=10246"}],"curies":[{"name":"wp","href":"https:\/\/api.w.org\/{rel}","templated":true}]}}