{"id":10580,"date":"2022-06-07T09:00:00","date_gmt":"2022-06-07T12:00:00","guid":{"rendered":"https:\/\/latinoamerica21.com\/?p=10580"},"modified":"2022-06-09T21:12:32","modified_gmt":"2022-06-10T00:12:32","slug":"el-desafio-de-desmontar-al-trump-colombiano","status":"publish","type":"post","link":"https:\/\/latinoamerica21.com\/es\/el-desafio-de-desmontar-al-trump-colombiano\/","title":{"rendered":"El desaf\u00edo de desmontar al Trump colombiano"},"content":{"rendered":"\n<p>Al subir al estrado en el hotel Tequendama de Bogot\u00e1, el senador Gustavo Petro se ve\u00eda seguro de s\u00ed mismo. Nos record\u00f3 a Jean-Luc M\u00e9lenchon cuando subi\u00f3 a la tarima para festejar el excelente <em>performance <\/em>que casi lo lleva a la segunda vuelta en las elecciones presidenciales francesas. A partir de ah\u00ed, la <em>France Insoumise <\/em>pas\u00f3 a ser el centro de gravedad de la nueva coalici\u00f3n de izquierda llamada la Nueva Uni\u00f3n Popular, Ecol\u00f3gica y Social. Al Pacto Hist\u00f3rico le cabe ahora pasar tambi\u00e9n a un papel convocante, pero con la mirada puesta hacia el centro.<\/p>\n\n\n\n<p>En su discurso de la victoria, Gustavo Petro dio varios mensajes que iban en la direcci\u00f3n de convocar a un pacto social m\u00e1s amplio, conjugando dos t\u00e9rminos claves: la \u201cjusticia social\u201d y la \u201cestabilidad\u201d. As\u00ed, el candidato bosquej\u00f3 una propuesta de inversi\u00f3n social incluyente, basada en una pol\u00edtica tributaria redistributiva, que permita mejorar las condiciones de vida de los m\u00e1s vulnerables, y al mismo tiempo contribuya a la estabilidad y prosperidad econ\u00f3mica del pa\u00eds y al conjunto de la sociedad.&nbsp;&nbsp;<\/p>\n\n\n\n<p>Norberto Bobbio, en <em>Derecha e izquierda<\/em>, aborda la a\u00fan persistente discusi\u00f3n sobre las derechas e izquierdas en la pol\u00edtica, e introduce el concepto del \u201ctercero incluyente\u201d. Lo describe como una alternativa que va \u201cm\u00e1s all\u00e1 de los dos opuestos (derecha e izquierda), englob\u00e1ndolos en una s\u00edntesis superior\u201d. En la Colombia polarizada, ese \u201ctercero incluyente\u201d puede y debe serlo Gustavo Petro.<\/p>\n\n\n\n<p>No son pocos los analistas que consideran que ganaron dos candidatos \u201cantisistema\u201d, lo cual conspira contra la idea de que Gustavo Petro sea visto como un actor articulador. Si bien Petro es un actor \u201cno tradicional\u201d, conoce y tiene experiencia en el manejo del \u201csistema\u201d pol\u00edtico colombiano. Nada m\u00e1s el hecho de haber sido constituyente y su consecuente apego a la Constituci\u00f3n de 1991 dan una fuerte se\u00f1al de su compromiso con el marco institucional del pa\u00eds.<\/p>\n\n\n\n<p>Petro ha sido senador, concejal y alcalde de la capital. Pero, adem\u00e1s, su partido pol\u00edtico, <a href=\"https:\/\/www.colombiainforma.info\/pacto-historico-se-ratifica-como-la-mayor-bancada-del-senado\/\" target=\"_blank\" rel=\"noreferrer noopener\">el Pacto Hist\u00f3rico, tendr\u00e1 una bancada importante en la pr\u00f3xima legislatura<\/a>. Es decir, su discurso de \u201ctercero incluyente\u201d se complementa con el conocimiento, la experiencia y el peso pol\u00edtico como para llegar a convertir las alternativas en consensos pol\u00edticos. Esto lo diferencia profundamente de su oponente que no tiene ni discurso, ni presencia pol\u00edtica, ni experiencia, ni conocimiento.<\/p>\n\n\n\n<p>Existen, no obstante, ciertos desaf\u00edos. El Pacto Hist\u00f3rico se construy\u00f3 con una fuerte base en los movimientos sociales. Estos conforman la plataforma que lo sostiene en \u00faltima instancia. Por ende, su llamado a la justicia social no puede ser menoscabado ni puesto en duda por los seguidores. No olvidemos que uno de los significados del fen\u00f3meno Petro como alternativa es el desplazamiento de la seguridad como tema central, marca distintiva del uribismo, a la priorizaci\u00f3n de la inclusi\u00f3n social, sobre todo de los j\u00f3venes, como legado de las protestas sociales. Pero dicho desplazamiento no tiene por qu\u00e9 estar en ri\u00f1a con el pa\u00eds del sector privado, el mercado y el emprendimiento.<\/p>\n\n\n\n<p>En teor\u00eda, este desaf\u00edo no deber\u00eda ser tan dif\u00edcil de superar si no fuese por la confusi\u00f3n, los prejuicios y las malas intenciones. La cuesti\u00f3n es insistir en que Petro no representa una \u201cizquierda radical\u201d. Es el contexto pol\u00edtico-social del pa\u00eds y la regi\u00f3n lo que lo hace \u201cradical\u201d. Tal como lo ha dicho el candidato en varias entrevistas, en un contexto como el europeo es probable que sus propuestas se enmarcaran dentro del arco social dem\u00f3crata o hasta de un tipo de liberalismo progresista. Y en esa l\u00ednea, el candidato ha repetido que no va a \u201cexpropiar\u201d.<\/p>\n\n\n\n<p>Al contrario de los intentos fracasados de la coalici\u00f3n de centro, que quisieron atraer a la izquierda y a la derecha a una nueva propuesta, a Petro le toca jalar al centro y a la derecha hacia una comprensi\u00f3n m\u00e1s acabada de los desaf\u00edos que enfrenta el pa\u00eds, y desde una perspectiva progresista. El tema es desmontar un estado de negaci\u00f3n, en el que los sectores favorecidos por las fuerzas pol\u00edticas tradicionales no internalizan el hecho de que Colombia debe reducir los niveles de desigualdad, que no puede seguir con el mismo modelo extractivista y que no puede seguir ignorando su pluralidad. Construir un pa\u00eds sin sectores de la poblaci\u00f3n invisibles, \u00ablos nadie\u201d, como los ha denominado la candidata a vicepresidenta Francia M\u00e1rquez.<\/p>\n\n\n\n<p>Sin duda, el m\u00e1s obvio e inmediato desaf\u00edo que tiene Petro es que se enfrenta a un contrincante distinto. Petro se prepar\u00f3 para competir con \u201cDuque 2\u201d, pero <a href=\"https:\/\/latinoamerica21.com\/es\/que-representa-rodolfo-el-outsider-colombiano\/\" target=\"_blank\" rel=\"noreferrer noopener\">surgi\u00f3 un Bolsonaro-Trump versi\u00f3n colombiana<\/a>, que se desplaz\u00f3 de Facebook y Twitter a TikTok, y que tiene dos puntales muy conocidos en la regi\u00f3n: el discurso de la anticorrupci\u00f3n y el de la antipol\u00edtica. El primero es sumamente atendible y, sin duda, una prioridad para hacer el cambio.<\/p>\n\n\n\n<p>El segundo es m\u00e1s complicado. Petro ha logrado captar la ira de la gente con respecto a las \u00e9lites pol\u00edticas, y parte de su \u00e9xito estriba en haber tenido la capacidad de ocupar ese espacio diferenciador. La derecha va a intentar arrebatarle ese posicionamiento optando por el candidato del llamado \u201cpopulismo de derecha\u201d que vende la ilusi\u00f3n del cambio. El factor central va a ser el comunicacional y, desde un punto de vista racional, el candidato Hern\u00e1ndez es efectivamente \u201cun salto al vac\u00edo\u201d. Sin embargo, el uribismo, los partidos tradicionales y&nbsp; sectores del empresariado lo apoyar\u00e1n aun sabiendo que pondr\u00e1 en peligro la institucionalidad democr\u00e1tica.&nbsp;&nbsp;<\/p>\n\n\n\n<p>En este poco tiempo Petro debe seguir insistiendo en que es el que representa el verdadero cambio y quien ofrece un real compromiso con la institucionalidad, resaltando, a su vez, su experiencia en el manejo del sistema, pero acompa\u00f1ado por\u00a0 una ingeniosa y picante estrategia de comunicaci\u00f3n en las redes para desbaratar al Trump colombiano.<\/p>\n\n\n\n<hr class=\"wp-block-separator has-alpha-channel-opacity\"\/>\n\n\n\n<p class=\"has-text-align-right\"><strong><em>Episodio relacionado de nuestro\u00a0<\/em><\/strong><a href=\"https:\/\/latinoamerica21.com\/podcast\/\"><strong><em>podcast<\/em><\/strong><\/a><strong>:<\/strong><\/p>\n\n\n\n<figure class=\"wp-block-embed is-type-rich is-provider-spotify wp-block-embed-spotify wp-embed-aspect-21-9 wp-has-aspect-ratio\"><div class=\"wp-block-embed__wrapper\">\n<iframe title=\"Spotify Embed: Claves de la protesta social en Colombia\" style=\"border-radius: 12px\" width=\"100%\" height=\"152\" frameborder=\"0\" allowfullscreen allow=\"autoplay; clipboard-write; encrypted-media; fullscreen; picture-in-picture\" loading=\"lazy\" src=\"https:\/\/open.spotify.com\/embed\/episode\/2ilM4FUW0OX6O5lLLkDjtU?si=LFpCIch_RSCNblxZXuowRg&#038;utm_source=oembed\"><\/iframe>\n<\/div><\/figure>\n","protected":false},"excerpt":{"rendered":"<p>Petro se prepar\u00f3 para competir con \u201cDuque 2\u201d, pero surgi\u00f3 un Bolsonaro-Trump versi\u00f3n colombiana, que se desplaz\u00f3 de Facebook y Twitter a TikTok, y que tiene dos puntales muy conocidos en la regi\u00f3n: el discurso de la anticorrupci\u00f3n y el de la antipol\u00edtica. <\/p>\n","protected":false},"author":103,"featured_media":10612,"comment_status":"closed","ping_status":"closed","sticky":false,"template":"","format":"standard","meta":{"_acf_changed":false,"episode_type":"","audio_file":"","cover_image":"","cover_image_id":"","duration":"","filesize":"","filesize_raw":"","date_recorded":"","explicit":"","block":"","itunes_episode_number":"","itunes_title":"","itunes_season_number":"","itunes_episode_type":"","footnotes":""},"categories":[16471,16471,16477,16477],"tags":[],"gps":[],"class_list":{"0":"post-10580","1":"post","2":"type-post","3":"status-publish","4":"format-standard","5":"has-post-thumbnail","7":"category-elecciones","9":"category-colombia"},"acf":[],"_links":{"self":[{"href":"https:\/\/latinoamerica21.com\/es\/wp-json\/wp\/v2\/posts\/10580","targetHints":{"allow":["GET"]}}],"collection":[{"href":"https:\/\/latinoamerica21.com\/es\/wp-json\/wp\/v2\/posts"}],"about":[{"href":"https:\/\/latinoamerica21.com\/es\/wp-json\/wp\/v2\/types\/post"}],"author":[{"embeddable":true,"href":"https:\/\/latinoamerica21.com\/es\/wp-json\/wp\/v2\/users\/103"}],"replies":[{"embeddable":true,"href":"https:\/\/latinoamerica21.com\/es\/wp-json\/wp\/v2\/comments?post=10580"}],"version-history":[{"count":0,"href":"https:\/\/latinoamerica21.com\/es\/wp-json\/wp\/v2\/posts\/10580\/revisions"}],"wp:featuredmedia":[{"embeddable":true,"href":"https:\/\/latinoamerica21.com\/es\/wp-json\/wp\/v2\/media\/10612"}],"wp:attachment":[{"href":"https:\/\/latinoamerica21.com\/es\/wp-json\/wp\/v2\/media?parent=10580"}],"wp:term":[{"taxonomy":"category","embeddable":true,"href":"https:\/\/latinoamerica21.com\/es\/wp-json\/wp\/v2\/categories?post=10580"},{"taxonomy":"post_tag","embeddable":true,"href":"https:\/\/latinoamerica21.com\/es\/wp-json\/wp\/v2\/tags?post=10580"},{"taxonomy":"gps","embeddable":true,"href":"https:\/\/latinoamerica21.com\/es\/wp-json\/wp\/v2\/gps?post=10580"}],"curies":[{"name":"wp","href":"https:\/\/api.w.org\/{rel}","templated":true}]}}