{"id":10854,"date":"2022-06-17T09:00:00","date_gmt":"2022-06-17T12:00:00","guid":{"rendered":"https:\/\/latinoamerica21.com\/?p=10854"},"modified":"2022-06-16T07:42:32","modified_gmt":"2022-06-16T10:42:32","slug":"un-continente-de-insomnes-estresados-y-proclives-a-los-vicios","status":"publish","type":"post","link":"https:\/\/latinoamerica21.com\/es\/un-continente-de-insomnes-estresados-y-proclives-a-los-vicios\/","title":{"rendered":"\u00bfUn continente de insomnes, estresados y proclives a los vicios?"},"content":{"rendered":"\n<p>Uno de los supuestos consagrados tras la pandemia es que la misma dej\u00f3 una marca en el estado an\u00edmico y los h\u00e1bitos de salud de los habitantes del planeta incluidos los latinoamericanos. Junto con el ej\u00e9rcito de infect\u00f3logos y autoridades sanitarias que poblaron los medios de comunicaci\u00f3n tambi\u00e9n se movilizaron un sinn\u00famero de diagn\u00f3sticos que alertaban sobre el impacto de la propagaci\u00f3n del virus y las pr\u00e1cticas defensivas individuales o dom\u00e9sticas para el humor social y la salud p\u00fablica. All\u00ed, las encuestas de opini\u00f3n cumplieron un papel esencial como term\u00f3metro capaz de traducir algunas de las principales predisposiciones y preocupaciones de las sociedades y que nos permiten entender lo que nos sucedi\u00f3.<\/p>\n\n\n\n<p>A nivel mundial <a href=\"https:\/\/latinoamerica21.com\/es\/que-tipo-de-ciudadania-nos-dejara-la-pandemia\/\" target=\"_blank\" rel=\"noreferrer noopener\">hubo una m\u00ednima variaci\u00f3n en conductas<\/a> de riesgo como fumar o beber alcohol, los sentimientos de estr\u00e9s mal llegaron a cambiar y la calidad del sue\u00f1o se mantuvo casi intacta al comparar los dato de finales de 2018 con los datos de finales de 2020 o 2021, en pleno auge de la pandemia, seg\u00fan la serie de sondeos a nivel global de la red de consultoras WIN y Market Analysis.<\/p>\n\n\n\n<p>Por ejemplo, m\u00e1s de uno de cada cuatro adultos del planeta fumaban mucho o con alguna regularidad en 2018 y 3 a\u00f1os despu\u00e9s, en medio de los confinamientos, ese porcentaje en lugar de aumentar, cay\u00f3 levemente. Lo mismo ocurri\u00f3 con la ingesta de bebida alcoh\u00f3lica: disminuy\u00f3 del 43% previo a la pandemia a poco menos de 38% durante los tiempos del Covid-19.<\/p>\n\n\n\n<p>El estr\u00e9s tampoco manifest\u00f3 empeoramientos como esperado: a\u00f1o y medio antes de declarado el confinamiento rondaba el 30%, en el apogeo de las cuarentenas no alcanz\u00f3 el 33%, una variaci\u00f3n pr\u00f3xima al margen de error de las encuestas. Por \u00faltimo, la autopercepci\u00f3n de salud personal tampoco mut\u00f3: era del 76% a fines de la d\u00e9cada pasada y entre el 77%-79% en 2020-2021.<\/p>\n\n\n\n<p>\u00bfQuiere decir que al final no hubo un costo de salud y an\u00edmico a pesar de la radical revoluci\u00f3n de nuestras pr\u00e1cticas a lo largo de los dos a\u00f1os de pandemia?<\/p>\n\n\n\n<p>Es obvio que s\u00ed existi\u00f3 y que persistir\u00e1 ese peaje al humor social derivado de la emergencia sanitaria pero no para todos y s\u00ed concentrado en determinados grupos y fruto de la exposici\u00f3n a determinado tipo de vivencias durante la pandemia. Al examinar c\u00f3mo variaron esos indicadores en regiones como Am\u00e9rica Latina, el promedio agregado de algunas de esas situaciones repite el cuadro global.<\/p>\n\n\n\n<p>Fumar por ejemplo cay\u00f3 de casi 30% en 2018 al 20% en 2021. Beber alcohol declin\u00f3 del 45% en 2018 al 42% 3 a\u00f1os despu\u00e9s. Dormir mal tambi\u00e9n sigui\u00f3 una direcci\u00f3n de ca\u00edda, no de aumento. Por su parte, la sensaci\u00f3n de vigor f\u00edsico retrocedi\u00f3 s\u00f3lo un poco y la de estr\u00e9s aument\u00f3 con la pandemia aunque con sutileza.<\/p>\n\n\n\n<p>La aparente inocuidad de la pandemia en el humor social y percepci\u00f3n de bienestar f\u00edsico y mental latinoamericano esconde la ruina provocada por la manera como ciertos gobiernos gestionaran las respuestas a la crisis. Al desagregar esos n\u00fameros por pa\u00eds la tragedia de salud surge con nitidez. El empeoramiento en la calidad de la salud y condiciones de bienestar personal fueron mayores en los contextos donde los gobiernos siguieron dos tipos de padrones que desorganizaron m\u00e1s fuertemente la vida cotidiana de sus ciudadanos.<\/p>\n\n\n\n<p>Un padr\u00f3n est\u00e1 vinculado con la magnitud y persistencia del abordaje represivo a la ejecuci\u00f3n normal de la vida diaria. Las sociedades que sufrieron medidas m\u00e1s restrictivas como el confinamiento sin contemplaciones, que fueron privadas de alternativas para canalizar la angustia y que vieron sus actividades educativas y sociales presenciales canceladas (mientras las propias autoridades no dudaban en violar las reglas) son las que registran abruptas variaciones en indicadores de calidad de vida y salud personal.<\/p>\n\n\n\n<p>En Argentina, por ejemplo, pa\u00eds que lider\u00f3 por meses el \u00edndice de rigurosidad de los confinamientos seg\u00fan el informe de la Oxford University durante buena parte del 2020, la sensaci\u00f3n de salud personal cay\u00f3 el doble de lo que lo hizo en el conjunto de los pa\u00edses latinoamericanos estudiados. Adem\u00e1s hubo un fuerte aumento del consumo de bebidas alcoh\u00f3licas y se duplic\u00f3 la tasa de estr\u00e9s, pasando del 22% en 2018 al 42% en 2021.<\/p>\n\n\n\n<p>Imposibilitados de canalizar las angustias derivadas de la crisis viral, los argentinos literalmente implosionaron, refugi\u00e1ndose en la bebida y la exacerbaci\u00f3n de los sentimientos de vulnerabilidad y ansiedad, descollando entre sus vecinos.<\/p>\n\n\n\n<p>En oposici\u00f3n a esas m\u00e1ximas restricciones vividas por los argentinos, los ciudadanos brasile\u00f1os y mexicanos tuvieron much\u00edsima m\u00e1s autonom\u00eda de circulaci\u00f3n, opciones sobre c\u00f3mo proveerse, de qu\u00e9 manera estudiar y situaciones de sociabilidad.<\/p>\n\n\n\n<p>Ello no representa un elogio a gobiernos que se mostraron incapaces cuando no abiertamente irresponsables en ofrecer protecci\u00f3n sanitaria a sus compatriotas. De hecho, las abiertas contradicciones y contrasentidos de la gesti\u00f3n de la pandemia por parte de Jair Bolsonaro de Brasil eximieron a sus ciudadanos de pr\u00e1cticas represivas como en Argentina, Chile o Per\u00fa, pero los expusieron a riesgos de comportamientos privados imprudentes que extendieron la inseguridad entre la mayor\u00eda de sus habitantes.<\/p>\n\n\n\n<p>En este marco, los brasile\u00f1os son de los pocos que vieron disminuir el n\u00famero de personas sedentarias entre 2018 y 2021 as\u00ed como la sensaci\u00f3n de estr\u00e9s, aunque s\u00ed aumentaron sus dificultades para dormir con la mayor oscilaci\u00f3n negativa en la regi\u00f3n.<\/p>\n\n\n\n<p>El otro padr\u00f3n adverso se genera de los vaivenes de las decisiones con aperturas, cierres, nuevas aperturas y nuevos cierres que desorientaron a la poblaci\u00f3n y exacerban su sensaci\u00f3n de falta de rumbo, inseguridad y vulnerabilidad. El \u00edndice de rigurosidad gubernamental de Oxford University revela que a lo largo del bienio 2020-2021 Chile y Per\u00fa fueron los pa\u00edses con idas y vueltas m\u00e1s marcantes en materia de restricciones.<\/p>\n\n\n\n<p>Como resultado, los chilenos llegan al presente con los peores n\u00fameros en materia de deterioro de su percepci\u00f3n de vigor y vitalidad f\u00edsica. Tambi\u00e9n descuellan los \u00edndices de burnout que subi\u00f3 17 puntos porcentuales en 3 a\u00f1os. Los peruanos, a su vez, fueron m\u00e1s afectados en el sue\u00f1o que en su consumo de bebida o tabaco, adapt\u00e1ndose a la oscilante y confusa gesti\u00f3n de la pandemia con sus cuarentenas y liberalizaciones por medio una vigilia m\u00e1s sacrificada.<\/p>\n\n\n\n<p>Insomnes, estresados y con algunos vicios empeorados, los latinoamericanos vamos de a poco dejando la pandemia en el pasado, pero la manera sinuosa sino abiertamente perversa e incompetente con que los gobiernos de turno la manejaron no nos dejar\u00e1n tranquilos tan pronto.<\/p>\n","protected":false},"excerpt":{"rendered":"<p>Uno de los supuestos consagrados tras la pandemia es que nos dej\u00f3 una marca en el estado an\u00edmico y los h\u00e1bitos de salud de los habitantes del planeta incluidos los latinoamericanos. <\/p>\n","protected":false},"author":90,"featured_media":10856,"comment_status":"closed","ping_status":"closed","sticky":false,"template":"","format":"standard","meta":{"_acf_changed":false,"episode_type":"","audio_file":"","cover_image":"","cover_image_id":"","duration":"","filesize":"","filesize_raw":"","date_recorded":"","explicit":"","block":"","itunes_episode_number":"","itunes_title":"","itunes_season_number":"","itunes_episode_type":"","footnotes":""},"categories":[16548,16822],"tags":[],"gps":[],"class_list":{"0":"post-10854","1":"post","2":"type-post","3":"status-publish","4":"format-standard","5":"has-post-thumbnail","7":"category-pandemia","8":"category-pandemia-en"},"acf":[],"_links":{"self":[{"href":"https:\/\/latinoamerica21.com\/es\/wp-json\/wp\/v2\/posts\/10854","targetHints":{"allow":["GET"]}}],"collection":[{"href":"https:\/\/latinoamerica21.com\/es\/wp-json\/wp\/v2\/posts"}],"about":[{"href":"https:\/\/latinoamerica21.com\/es\/wp-json\/wp\/v2\/types\/post"}],"author":[{"embeddable":true,"href":"https:\/\/latinoamerica21.com\/es\/wp-json\/wp\/v2\/users\/90"}],"replies":[{"embeddable":true,"href":"https:\/\/latinoamerica21.com\/es\/wp-json\/wp\/v2\/comments?post=10854"}],"version-history":[{"count":0,"href":"https:\/\/latinoamerica21.com\/es\/wp-json\/wp\/v2\/posts\/10854\/revisions"}],"wp:featuredmedia":[{"embeddable":true,"href":"https:\/\/latinoamerica21.com\/es\/wp-json\/wp\/v2\/media\/10856"}],"wp:attachment":[{"href":"https:\/\/latinoamerica21.com\/es\/wp-json\/wp\/v2\/media?parent=10854"}],"wp:term":[{"taxonomy":"category","embeddable":true,"href":"https:\/\/latinoamerica21.com\/es\/wp-json\/wp\/v2\/categories?post=10854"},{"taxonomy":"post_tag","embeddable":true,"href":"https:\/\/latinoamerica21.com\/es\/wp-json\/wp\/v2\/tags?post=10854"},{"taxonomy":"gps","embeddable":true,"href":"https:\/\/latinoamerica21.com\/es\/wp-json\/wp\/v2\/gps?post=10854"}],"curies":[{"name":"wp","href":"https:\/\/api.w.org\/{rel}","templated":true}]}}