{"id":10903,"date":"2022-06-21T09:00:00","date_gmt":"2022-06-21T12:00:00","guid":{"rendered":"https:\/\/latinoamerica21.com\/?p=10903"},"modified":"2022-06-23T00:52:14","modified_gmt":"2022-06-23T03:52:14","slug":"que-deben-aprender-petro-y-marquez-de-venezuela","status":"publish","type":"post","link":"https:\/\/latinoamerica21.com\/es\/que-deben-aprender-petro-y-marquez-de-venezuela\/","title":{"rendered":"\u00bfQu\u00e9 deben aprender Petro y M\u00e1rquez de Venezuela?"},"content":{"rendered":"\n<p>\u201cColombia cay\u00f3 en lo mismo\u201d, \u201cColombia se va a venezolanizar\u201d, teme un sector de venezolanos tras ver los resultados de la elecci\u00f3n en el pa\u00eds vecino. Ese miedo tiene un trasfondo real: la elecci\u00f3n de un presidente de izquierda en Venezuela llev\u00f3 al pa\u00eds al autoritarismo, la fragilidad estatal, la corrupci\u00f3n, la pobreza, la desigualdad, el aislamiento internacional, una migraci\u00f3n y un desplazamiento masivo de m\u00e1s de 6 millones de personas. Hoy Venezuela tiene una investigaci\u00f3n abierta en la Corte Penal Internacional por presuntos cr\u00edmenes de lesa humanidad. Al recibir el 20% de la poblaci\u00f3n migrante y refugiada, Colombia, mucho m\u00e1s que cualquier otro pa\u00eds de la regi\u00f3n, ha sido testigo de la crisis multinivel que a\u00fan atraviesa su pa\u00eds vecino.<\/p>\n\n\n\n<p>Adicionalmente, Colombia abri\u00f3 las puertas a dirigentes pol\u00edticos venezolanos que se vieron forzados a huir de su pa\u00eds para evitar ser perseguidos de manera injusta; algunos han estrechado lazos con la derecha colombiana y, probablemente har\u00e1n de Venezuela un tema de pol\u00edtica interna, tal como ocurre en Espa\u00f1a. Esta es una realidad que el nuevo mandatario colombiano no podr\u00e1 obviar. Con la toma de posesi\u00f3n en puertas, \u00bfqu\u00e9 deber\u00eda aprender el nuevo presidente de Venezuela? Una respuesta sucinta: distanciarse y diferenciarse del chavismo. Veamos.<\/p>\n\n\n\n<p><strong>\u00bfUna izquierda moderna?<\/strong><\/p>\n\n\n\n<p>A diferencia de Hugo Ch\u00e1vez \u2015quien apel\u00f3 al apoyo de actores a lo largo de todo el espectro pol\u00edtico en 1998 para obtener una victoria\u2015, Gustavo Petro s\u00ed asumi\u00f3 una identidad de izquierda progresista, y asumiendo los riesgos que eso implicaba en un pa\u00eds de trayectoria conservadora. El Pacto Hist\u00f3rico promete justicia social, lucha contra el cambio clim\u00e1tico, un alto a la exploraci\u00f3n petrolera y un giro hacia la industria y la agricultura nacional. Adem\u00e1s, destaca la importancia del desarrollo de las regiones, la inclusi\u00f3n de la poblaci\u00f3n ind\u00edgena, afrocolombiana, mujeres, j\u00f3venes y campesinos.<\/p>\n\n\n\n<p>Ch\u00e1vez y Nicol\u00e1s Maduro hicieron promesas de esa \u00edndole, utilizando un lenguaje similar, pero no cumplieron con ellas. Si Petro, por lo tanto, quiere abrirle un camino a una izquierda moderna y democr\u00e1tica, junto, por ejemplo, al presidente de Chile, Gabriel Boric, debe ejecutar sus promesas, valorando, as\u00ed, la relevancia de las coaliciones pol\u00edticas y sin banalizar la l\u00f3gica de los mercados o responsabilidad fiscal. Al parecer, el presidente electo lo sabe. En su discurso, el 19 de junio habl\u00f3 de \u201cdesarrollar el capitalismo en Colombia\u201d y de producir para redistribuir \u201csobre la base del conocimiento que es como se produce en el siglo XXI\u201d.<\/p>\n\n\n\n<p><strong>Redistribuci\u00f3n e inclusi\u00f3n<\/strong><\/p>\n\n\n\n<p>Seg\u00fan cifras de la Cepal, Colombia es el pa\u00eds en el que m\u00e1s crecer\u00edan los niveles de pobreza durante este a\u00f1o: de 36,3% en 2021 a 38% o 39,2% en 2022. Por otro lado, Oxfam se\u00f1ala que Colombia se ubica entre los cinco pa\u00edses m\u00e1s desiguales del mundo en t\u00e9rminos de concentraci\u00f3n de tierra;<a href=\"https:\/\/www.portafolio.co\/negocios\/empresas\/colombia-segundo-pais-mas-desigual-en-latinoamerica-561649\"> el 81% de la tierra privada se concentra en manos de un 1%.<\/a> Solo el 40% cuenta con un empleo formal, lo cual representa una de las tasas m\u00e1s bajas en la regi\u00f3n.<\/p>\n\n\n\n<p>El Pacto Hist\u00f3rico busca transformar la realidad de \u201clos nadie\u201d, los sectores de la poblaci\u00f3n hist\u00f3ricamente excluidos. Francia M\u00e1rquez, una lideresa ambientalista del suroccidente del pa\u00eds, quien ser\u00e1 la vicepresidenta \u2015la primera mujer en la historia colombiana en ocupar ese cargo\u2015, tiene la misi\u00f3n de garantizar el cumplimiento de tales promesas. Lo esencial ser\u00e1 rodearse de asesores y expertos que les permitan dise\u00f1ar programas sostenibles en el tiempo que empoderen a los grupos vulnerables y les faciliten la movilidad social,<a href=\"https:\/\/static.nuso.org\/media\/articles\/downloads\/9.TC_Jimenez_299.pdf\"> algo que no ocurri\u00f3 en la Venezuela chavista.<\/a><\/p>\n\n\n\n<p>En el caso de Venezuela, los programas sociales, financiados por los ingresos provenientes del <em>boom<\/em> petrolero, no estimularon una redistribuci\u00f3n ni inclusi\u00f3n real. Por el contrario, sirvieron como base para el clientelismo pol\u00edtico, y con el tiempo, adem\u00e1s, se convirtieron en un mecanismo de control social. El chavismo, a su vez, bajo los mandatos de Hugo Ch\u00e1vez, busc\u00f3 beneficiar a sus bases con programas y reconocimiento discursivo, mientras de manera constante agredi\u00f3 y excluy\u00f3 a la poblaci\u00f3n opositora.<\/p>\n\n\n\n<p>El chavismo que hoy gobierna bajo el mandato de Nicol\u00e1s Maduro ha<a href=\"https:\/\/journals.sagepub.com\/doi\/full\/10.1177\/0032321721999975\"> reprimido a\u00fan m\u00e1s a la oposici\u00f3n<\/a> y a la poblaci\u00f3n en general, y ha aceptado la econom\u00eda il\u00edcita ante la incapacidad de generar los cuantiosos ingresos petroleros del pasado, lo que ha implicado, adem\u00e1s, la destrucci\u00f3n del medio ambiente, y un impacto enorme y directo en la poblaci\u00f3n ind\u00edgena.<\/p>\n\n\n\n<p>Para cumplir con la oferta de una Colombia de \u201cpaz y amor\u201d, Petro y M\u00e1rquez deber\u00edan desmarcarse claramente de proyectos autoritarios de izquierda en la regi\u00f3n como el venezolano y, adem\u00e1s, atender las necesidades de otro grupo vulnerable: <a href=\"https:\/\/latinoamerica21.com\/es\/el-legado-colombiano-en-la-gestion-de-la-migracion-venezolana\/\" target=\"_blank\" rel=\"noreferrer noopener\">la poblaci\u00f3n venezolana que hoy vive en su territorio<\/a>.<\/p>\n\n\n\n<p><strong>Respeto a las instituciones y a los adversarios<\/strong><\/p>\n\n\n\n<p>La paz como eje del gobierno es la promesa de Petro. A diferencia de Ch\u00e1vez, el presidente colombiano electo parece entender que la \u201c<a href=\"https:\/\/carnegieendowment.org\/2022\/01\/18\/what-happens-when-democracies-become-perniciously-polarized-pub-86190\">polarizaci\u00f3n perniciosa<\/a>\u201d y la aniquilaci\u00f3n del adversario son contradictorias a la democracia. Despu\u00e9s de conocer los resultados, sus asesores y \u00e9l mismo dieron la bienvenida a los 10 millones de votantes de Rodolfo Hern\u00e1ndez a su gobierno; invitan al di\u00e1logo y aseguran que no utilizar\u00e1n el poder para perseguir o destruir al oponente.<\/p>\n\n\n\n<p>En 1998, Ch\u00e1vez gan\u00f3 ofreciendo \u201cfre\u00edr en aceite las cabezas de los adecos\u201d y cumpli\u00f3: hoy en d\u00eda a\u00fan hay m\u00e1s de 200 presos pol\u00edticos en Venezuela, los partidos de oposici\u00f3n est\u00e1n judicializados, un buen n\u00famero de dirigentes pol\u00edticos de trayectoria y periodistas est\u00e1n en el exilio; incluso la misma disidencia chavista ha sido perseguida.<\/p>\n\n\n\n<p>Petro y M\u00e1rquez hablan, m\u00e1s bien, de construir consensos y proponen un gran acuerdo nacional a partir de la participaci\u00f3n y el reconocimiento de las regiones. Si el Pacto Hist\u00f3rico cumple esta oferta pol\u00edtica, respeta la independencia de poderes y canaliza sus programas de manera institucional, beneficiar\u00eda a la sociedad colombiana y agregar\u00eda valor a la izquierda democr\u00e1tica, lo que la separar\u00eda de las izquierdas autoritarias, as\u00ed como de la derecha colombiana que en el pasado tambi\u00e9n intent\u00f3 erosionar la democracia mientras ejerc\u00eda el poder.<\/p>\n\n\n\n<p>Para ello, el nuevo par que liderar\u00e1 el Gobierno deber\u00e1 hacer un ejercicio consciente de institucionalizar los procesos y mitigar el personalismo desde el Ejecutivo, los viejos obst\u00e1culos para la democracia en la regi\u00f3n. Diferenciarse de Ch\u00e1vez y Maduro, pero tambi\u00e9n de Uribe, Bolsonaro y Bukele reivindicar\u00eda la democracia en Colombia y en toda Am\u00e9rica Latina.<\/p>\n\n\n\n<p>Tal como dice Francia M\u00e1rquez, el triunfo de su plataforma es un mandato hist\u00f3rico para transformar a Colombia. Su mera presencia en el futuro gobierno ya marca un antes y un despu\u00e9s. Pero eso no basta. La experiencia propia de Colombia y la del pa\u00eds vecino le ense\u00f1a a todo ese pa\u00eds que las transformaciones en beneficio de la sociedad no ocurren si se excluye, persigue o silencia desde el poder.<\/p>\n\n\n\n<p>Si la paz y la democracia no representan un proyecto colectivo en su dise\u00f1o y ejecuci\u00f3n, est\u00e1 destinado a fracasar. Por tanto, el Pacto Hist\u00f3rico tendr\u00e1 que demostrar una f\u00e9rrea voluntad pol\u00edtica de cumplir con las normas y pr\u00e1cticas democr\u00e1ticas, respetando los tiempos que estas requieren, para as\u00ed brindarle a Colombia lo que el chavismo no ha hecho en Venezuela.<\/p>\n\n\n\n<hr class=\"wp-block-separator has-alpha-channel-opacity\"\/>\n\n\n\n<p class=\"has-text-align-right\"><strong><em>Episodio relacionado de nuestro\u00a0<\/em><\/strong><a href=\"https:\/\/latinoamerica21.com\/podcast\/\"><strong><em>podcast<\/em><\/strong><\/a><strong>:<\/strong><\/p>\n\n\n\n<figure class=\"wp-block-embed is-type-rich is-provider-spotify wp-block-embed-spotify wp-embed-aspect-21-9 wp-has-aspect-ratio\"><div class=\"wp-block-embed__wrapper\">\n<iframe title=\"Spotify Embed: Negociaci\u00f3n y conflicto pol\u00edtico en Venezuela\" style=\"border-radius: 12px\" width=\"100%\" height=\"152\" frameborder=\"0\" allowfullscreen allow=\"autoplay; clipboard-write; encrypted-media; fullscreen; picture-in-picture\" loading=\"lazy\" src=\"https:\/\/open.spotify.com\/embed\/episode\/2kZHIp94Kv4RM7GS5CY1SR?si=83szlSusR-2AMNc9LNZtIA&#038;utm_source=oembed\"><\/iframe>\n<\/div><\/figure>\n","protected":false},"excerpt":{"rendered":"<p>A diferencia de Hugo Ch\u00e1vez y Nicolas Maduro, el presidente colombiano electo parece entender que la \u201cpolarizaci\u00f3n perniciosa\u201d y la aniquilaci\u00f3n del adversario son contradictorias a la democracia.<\/p>\n","protected":false},"author":94,"featured_media":10905,"comment_status":"closed","ping_status":"closed","sticky":false,"template":"","format":"standard","meta":{"_acf_changed":false,"episode_type":"","audio_file":"","cover_image":"","cover_image_id":"","duration":"","filesize":"","filesize_raw":"","date_recorded":"","explicit":"","block":"","itunes_episode_number":"","itunes_title":"","itunes_season_number":"","itunes_episode_type":"","footnotes":""},"categories":[16477,16477],"tags":[],"gps":[],"class_list":{"0":"post-10903","1":"post","2":"type-post","3":"status-publish","4":"format-standard","5":"has-post-thumbnail","7":"category-colombia"},"acf":[],"_links":{"self":[{"href":"https:\/\/latinoamerica21.com\/es\/wp-json\/wp\/v2\/posts\/10903","targetHints":{"allow":["GET"]}}],"collection":[{"href":"https:\/\/latinoamerica21.com\/es\/wp-json\/wp\/v2\/posts"}],"about":[{"href":"https:\/\/latinoamerica21.com\/es\/wp-json\/wp\/v2\/types\/post"}],"author":[{"embeddable":true,"href":"https:\/\/latinoamerica21.com\/es\/wp-json\/wp\/v2\/users\/94"}],"replies":[{"embeddable":true,"href":"https:\/\/latinoamerica21.com\/es\/wp-json\/wp\/v2\/comments?post=10903"}],"version-history":[{"count":0,"href":"https:\/\/latinoamerica21.com\/es\/wp-json\/wp\/v2\/posts\/10903\/revisions"}],"wp:featuredmedia":[{"embeddable":true,"href":"https:\/\/latinoamerica21.com\/es\/wp-json\/wp\/v2\/media\/10905"}],"wp:attachment":[{"href":"https:\/\/latinoamerica21.com\/es\/wp-json\/wp\/v2\/media?parent=10903"}],"wp:term":[{"taxonomy":"category","embeddable":true,"href":"https:\/\/latinoamerica21.com\/es\/wp-json\/wp\/v2\/categories?post=10903"},{"taxonomy":"post_tag","embeddable":true,"href":"https:\/\/latinoamerica21.com\/es\/wp-json\/wp\/v2\/tags?post=10903"},{"taxonomy":"gps","embeddable":true,"href":"https:\/\/latinoamerica21.com\/es\/wp-json\/wp\/v2\/gps?post=10903"}],"curies":[{"name":"wp","href":"https:\/\/api.w.org\/{rel}","templated":true}]}}