{"id":11219,"date":"2022-07-07T09:00:00","date_gmt":"2022-07-07T12:00:00","guid":{"rendered":"https:\/\/latinoamerica21.com\/?p=11219"},"modified":"2023-10-25T07:04:51","modified_gmt":"2023-10-25T10:04:51","slug":"de-los-brics-al-g7-y-a-la-otan-los-dilemas-del-sur-global","status":"publish","type":"post","link":"https:\/\/latinoamerica21.com\/es\/de-los-brics-al-g7-y-a-la-otan-los-dilemas-del-sur-global\/","title":{"rendered":"De los BRICS al G7 y a la OTAN: los dilemas del sur global"},"content":{"rendered":"\n<p>En el transcurso de las dos \u00faltimas semanas se realizaron las cumbres de los BRICS, la del G7 y la de la OTAN. Las dos cumbres que se hicieron en Europa consolidaron la alianza transatl\u00e1ntica y la unidad de Occidente en torno al apoyo a Ucrania y a la amenaza de Rusia a la seguridad europea.<\/p>\n\n\n\n<p>El nuevo concepto estrat\u00e9gico aprobado por la OTAN le dio otro sentido a la organizaci\u00f3n, con Rusia como inminente y principal amenaza, y China como un desaf\u00edo estrat\u00e9gico creciente. A\u00fan quedan asperezas y desacuerdos por limar en el marco de la Alianza \u2015particularmente sobre a d\u00f3nde fue a parar la \u201cautonom\u00eda estrat\u00e9gica\u201d de la Uni\u00f3n Europea\u2015, pero es evidente que el gobierno del presidente Joe Biden logr\u00f3 revertir los desajustes causados por Donald Trump en la relaci\u00f3n con sus aliados, restaurar los v\u00ednculos con estos y atraer a Jap\u00f3n, Corea del Sur, Australia y Nueva Zelandia con miras a la confrontaci\u00f3n eventual con China en el Indopac\u00edfico.<\/p>\n\n\n\n<p>En resumidas cuentas, con la realizaci\u00f3n de las dos cumbres, Washington logr\u00f3 la articulaci\u00f3n del bloque occidental y se esforz\u00f3 por incorporar a nuevos aliados.<\/p>\n\n\n\n<p>Mientras tanto, en otro lugar del planeta, las potencias emergentes siguieron avanzando en la articulaci\u00f3n de un bloque alternativo. M\u00e1s all\u00e1 del cuestionamiento de la OTAN por su papel en generar la crisis en Ucrania, China sum\u00f3 sus cr\u00edticas a la organizaci\u00f3n, mientras que \u2015en el contexto de la creciente convergencia estrat\u00e9gica entre ambos pa\u00edses\u2015 se consolidaba el entramado institucional euroasi\u00e1tico.<\/p>\n\n\n\n<p>No solo por el papel de la Iniciativa de la Franja y de la Ruta, impulsada por China, sino tambi\u00e9n por su armonizaci\u00f3n con la Uni\u00f3n Econ\u00f3mica Euroasi\u00e1tica, la creciente centralidad de la Organizaci\u00f3n de Cooperaci\u00f3n de Shangh\u00e1i en el \u00e1mbito regional, la reafirmaci\u00f3n de la Organizaci\u00f3n del Tratado de Seguridad Colectiva impulsado por Rusia, y la m\u00e1s reciente reuni\u00f3n del Consejo del Caspio que incluye a Ir\u00e1n.<\/p>\n\n\n\n<p>Hemos hecho un seguimiento detallado a estos procesos en dos libros \u2015<em>Eurasia y Am\u00e9rica Latina en un mundo multipolar<\/em>, de 2019 (posteriormente traducido al ruso) y, m\u00e1s recientemente, en <em>Guerra y transici\u00f3n global, \u00bfc\u00f3mo se gest\u00f3 la guerra en Ucrania y c\u00f3mo nos afecta?<\/em>, que se public\u00f3 hace poco.<\/p>\n\n\n\n<p>El parteaguas de la guerra de Ucrania y del efecto <em>boomerang<\/em> de <a href=\"https:\/\/latinoamerica21.com\/es\/funcionaran-las-sanciones-contra-rusia-esto-es-lo-que-aprendimos-de-venezuela\/\" target=\"_blank\" rel=\"noreferrer noopener\">las sanciones occidentales contra Rusia<\/a> sobre la econom\u00eda internacional evidencian no solo un punto de inflexi\u00f3n en el proceso de transici\u00f3n del sistema internacional hacia una nueva configuraci\u00f3n de las relaciones de poder mundial, sino tambi\u00e9n la decantaci\u00f3n de tendencias definidas en la conformaci\u00f3n de bloques en pugna por el predominio global.<\/p>\n\n\n\n<p>Sin embargo, la conformaci\u00f3n de estos bloques da pie, asimismo, a la necesidad de sumar aliados y socios en el sur global. As\u00ed, se potencia y se reactiva <a href=\"https:\/\/cnnespanol.cnn.com\/2022\/06\/22\/putin-regresa-escenario-mundial-cumbre-brics-beijing-trax\/\" target=\"_blank\" rel=\"noreferrer noopener\">el grupo de los BRICS<\/a> concentrado en temas de cooperaci\u00f3n econ\u00f3mica, generaci\u00f3n de acuerdos de libre comercio y, por iniciativa de Rusia, profundizaci\u00f3n de un proceso de desdolarizaci\u00f3n de las econom\u00edas emergentes, de incipientes avances en Eurasia. A esto se suma la ampliaci\u00f3n del grupo con la incorporaci\u00f3n de Argentina, Ir\u00e1n y otros aspirantes.<\/p>\n\n\n\n<p>En su conjunto, estos complejos procesos abren interrogantes sobre el no alineamiento de algunos actores (India, Asean) en la eventual confrontaci\u00f3n entre bloques y sobre la periferizaci\u00f3n de otros (\u00c1frica, parte de Am\u00e9rica Latina) bajo el impacto conjunto de las amenazas de una crisis alimentaria y energ\u00e9tica, de la inflaci\u00f3n creciente y de una eventual recesi\u00f3n econ\u00f3mica ante una creciente confrontaci\u00f3n entre bloques.<\/p>\n\n\n\n<p>El actual contrapunto entre el G7 y la OTAN, por un lado, y los actores euroasi\u00e1ticos y los BRICS, por el otro, no configura un pron\u00f3stico alentador para la paz y la estabilidad mundial. El esfuerzo occidental por excluir a Rusia de la pr\u00f3xima reuni\u00f3n del G20 en Indonesia tampoco configura un buen augurio para la gobernanza global.<\/p>\n\n\n\n<p><sub><em>* Texto publicado originalmente en <\/em>Clar\u00edn<em> de Argentina<\/em><\/sub><\/p>\n\n\n\n<hr class=\"wp-block-separator has-alpha-channel-opacity\"\/>\n\n\n\n<p class=\"has-text-align-right\"><strong><em>Episodio relacionado de nuestro\u00a0<\/em><\/strong><a href=\"https:\/\/latinoamerica21.com\/podcast\/\"><strong><em>podcast<\/em><\/strong><\/a><strong>:<\/strong><\/p>\n\n\n\n<figure class=\"wp-block-embed is-type-rich is-provider-spotify wp-block-embed-spotify wp-embed-aspect-21-9 wp-has-aspect-ratio\"><div class=\"wp-block-embed__wrapper\">\n<iframe title=\"Spotify Embed: Defensa y seguridad colectiva en Am\u00e9rica Latina\" style=\"border-radius: 12px\" width=\"100%\" height=\"152\" frameborder=\"0\" allowfullscreen allow=\"autoplay; clipboard-write; encrypted-media; fullscreen; picture-in-picture\" loading=\"lazy\" src=\"https:\/\/open.spotify.com\/embed\/episode\/1EBzx0mJ2eCYkULAr9RM3P?si=Q5DFvRWNRZCB1MpDdN5nSw&#038;utm_source=oembed\"><\/iframe>\n<\/div><\/figure>\n","protected":false},"excerpt":{"rendered":"<p>El actual contrapunto entre el G7 y la OTAN, por un lado, y los actores euroasi\u00e1ticos y los BRICS, por el otro, no configura un pron\u00f3stico alentador para la paz y la estabilidad mundial.<\/p>\n","protected":false},"author":78,"featured_media":11220,"comment_status":"closed","ping_status":"closed","sticky":false,"template":"","format":"standard","meta":{"_acf_changed":false,"episode_type":"","audio_file":"","cover_image":"","cover_image_id":"","duration":"","filesize":"","filesize_raw":"","date_recorded":"","explicit":"","block":"","itunes_episode_number":"","itunes_title":"","itunes_season_number":"","itunes_episode_type":"","footnotes":""},"categories":[16630,16630,16631,16631,16604,16604],"tags":[],"gps":[],"class_list":{"0":"post-11219","1":"post","2":"type-post","3":"status-publish","4":"format-standard","5":"has-post-thumbnail","7":"category-brics","9":"category-g7","11":"category-sur-global"},"acf":[],"_links":{"self":[{"href":"https:\/\/latinoamerica21.com\/es\/wp-json\/wp\/v2\/posts\/11219","targetHints":{"allow":["GET"]}}],"collection":[{"href":"https:\/\/latinoamerica21.com\/es\/wp-json\/wp\/v2\/posts"}],"about":[{"href":"https:\/\/latinoamerica21.com\/es\/wp-json\/wp\/v2\/types\/post"}],"author":[{"embeddable":true,"href":"https:\/\/latinoamerica21.com\/es\/wp-json\/wp\/v2\/users\/78"}],"replies":[{"embeddable":true,"href":"https:\/\/latinoamerica21.com\/es\/wp-json\/wp\/v2\/comments?post=11219"}],"version-history":[{"count":0,"href":"https:\/\/latinoamerica21.com\/es\/wp-json\/wp\/v2\/posts\/11219\/revisions"}],"wp:featuredmedia":[{"embeddable":true,"href":"https:\/\/latinoamerica21.com\/es\/wp-json\/wp\/v2\/media\/11220"}],"wp:attachment":[{"href":"https:\/\/latinoamerica21.com\/es\/wp-json\/wp\/v2\/media?parent=11219"}],"wp:term":[{"taxonomy":"category","embeddable":true,"href":"https:\/\/latinoamerica21.com\/es\/wp-json\/wp\/v2\/categories?post=11219"},{"taxonomy":"post_tag","embeddable":true,"href":"https:\/\/latinoamerica21.com\/es\/wp-json\/wp\/v2\/tags?post=11219"},{"taxonomy":"gps","embeddable":true,"href":"https:\/\/latinoamerica21.com\/es\/wp-json\/wp\/v2\/gps?post=11219"}],"curies":[{"name":"wp","href":"https:\/\/api.w.org\/{rel}","templated":true}]}}