{"id":11508,"date":"2022-07-25T09:00:00","date_gmt":"2022-07-25T12:00:00","guid":{"rendered":"https:\/\/latinoamerica21.com\/?p=11508"},"modified":"2022-07-25T19:48:58","modified_gmt":"2022-07-25T22:48:58","slug":"la-exclusion-de-las-mujeres-afrodescendientes-en-america-latina","status":"publish","type":"post","link":"https:\/\/latinoamerica21.com\/es\/la-exclusion-de-las-mujeres-afrodescendientes-en-america-latina\/","title":{"rendered":"La exclusi\u00f3n de las mujeres afrodescendientes en Am\u00e9rica Latina"},"content":{"rendered":"\n<p>El 25 de julio se celebra el D\u00eda Internacional de la Mujer Afrolatinoamericana, Afrocaribe\u00f1a y de la Di\u00e1spora. En esa fecha en 1992, en Rep\u00fablica Dominicana, un centenar de mujeres afrodescendientes de Am\u00e9rica Latina realiz\u00f3 su primer encuentro regional en protesta al movimiento feminista blanco que las exclu\u00eda de sus eventos. All\u00ed se conform\u00f3 la Red de Mujeres Afrolatinoamericanas, Afrocaribe\u00f1as y de la di\u00e1spora (<a href=\"http:\/\/www.mujeresafro.org\/\">REDMAAD<\/a>), que hoy cumple 30 a\u00f1os.<\/p>\n\n\n\n<p>Se trata de un espacio de empoderamiento de las mujeres afrodescendientes para la construcci\u00f3n y reconocimiento de sociedades democr\u00e1ticas equitativas, justas, multiculturales, libres de discriminaci\u00f3n, sexismo y patriarcalismo.<\/p>\n\n\n\n<p><a>Esta red <\/a>es quiz\u00e1 la articulaci\u00f3n m\u00e1s poderosa del movimiento social afrodescendiente de las Am\u00e9ricas. Est\u00e1 compuesta por organizaciones en 22 pa\u00edses de la regi\u00f3n, con n\u00facleos en Estados Unidos, Espa\u00f1a y Francia. Adem\u00e1s, opera como una organizaci\u00f3n transnacional, con una coordinadora general, seis comit\u00e9s subregionales y comit\u00e9s nacionales por pa\u00eds.<\/p>\n\n\n\n<p>En estos 30 a\u00f1os de lucha, centrada en la mejora de las condiciones de vida de la poblaci\u00f3n afrodescendiente, la red ha utilizado como estrategia develar las m\u00faltiples discriminaciones de que son objeto las mujeres, denunciando el entramado de relaciones de dominaci\u00f3n y desigualdad que resultan de la intersecci\u00f3n del g\u00e9nero, raza, etnia y clases sociales.<\/p>\n\n\n\n<p>La red, en la esfera p\u00fablica y en el campo pol\u00edtico, ha logrado posicionar repertorios que exigen una mirada interseccional de las problem\u00e1ticas de las mujeres. La reivindicaci\u00f3n de sus derechos demanda a los Estados la implementaci\u00f3n de pol\u00edticas p\u00fablicas y programas eficaces para erradicar la exclusi\u00f3n social.<\/p>\n\n\n\n<p><strong>\u00bfCu\u00e1l es la situaci\u00f3n real de estas mujeres?<\/strong><\/p>\n\n\n\n<p>Aunque la presencia de pol\u00edticas como Epsy Campbell en Costa Rica y <a href=\"https:\/\/latinoamerica21.com\/es\/la-alternancia-politica-llega-a-colombia\/\">Francia M\u00e1rquez en Colombia<\/a> muestran el creciente protagonismo pol\u00edtico de las mujeres afrolatinoamericanas, como han evidenciado diversos <a href=\"http:\/\/www.mujeresafro.org\/publicaciones\/investigaciones\/\">estudios de la REDMAAD<\/a>, las condiciones de exclusi\u00f3n, desigualdad y d\u00e9ficit ciudadano de este grupo son m\u00faltiples. Desde que se constituy\u00f3 la red, se han alcanzado importantes reconocimientos, pero no se reflejan en logros sociales.<\/p>\n\n\n\n<p>De acuerdo con Vicenta Camusso, militante afro uruguaya, los indicadores sobre la situaci\u00f3n socioecon\u00f3mica y de condiciones de vida de las mujeres afrodescendientes no se alteran. Por un lado, existen avances pol\u00edticos, pero por otro, hay pocos avances sociales e incluso retrocesos, sobre todo si pensamos en la radicalizaci\u00f3n de la discriminaci\u00f3n racial antinegra.<\/p>\n\n\n\n<p>Para Camusso, la compleja realidad de las mujeres afrodescendientes puede sintetizarse en las siguientes problem\u00e1ticas: a) Limitado acceso a la educaci\u00f3n, con brechas que no se reducen; b) alta paridad reproductiva a edad temprana; c) alto ingreso al mercado laboral, con entrada temprana y salida tard\u00eda; c) alta participaci\u00f3n en el servicio dom\u00e9stico y la limpieza sin garant\u00edas laborales; d) violencia f\u00edsica sobre ellas y sus hijos; e) aumento del n\u00famero de mujeres j\u00f3venes en las c\u00e1rceles.<\/p>\n\n\n\n<p>Estos y otros problemas estructurales que padecen las mujeres afrodescendientes se resumen en la necesidad de comprender que el racismo, aun despu\u00e9s de la esclavitud, es un poderoso indicador de disparidad.<\/p>\n\n\n\n<p>En algunos pa\u00edses de la regi\u00f3n la sociedad se resiste en admitir la existencia del racismo como factor de desigualdad junto al sexismo, el clasismo, el patriarcalismo y la colonialidad. Esto sucede, particularmente, en ambientes como el Caribe donde institucionalmente se niega la existencia del racismo, siendo una forma concreta de esta negaci\u00f3n la no inclusi\u00f3n de la variable etnia\/raza en los censos y en las encuestas de hogares.<\/p>\n\n\n\n<p>De acuerdo con la <a href=\"https:\/\/www.cepal.org\/es\/publicaciones\/43746-mujeres-afrodescendientes-america-latina-caribe-deudas-igualdad\">CEPAL<\/a>, en el Caribe, donde el porcentaje de poblaci\u00f3n afrodescendiente es amplio, la falta de datos estad\u00edsticos cruzados por etnicidad\/raza impide la comprensi\u00f3n de las realidades que viven las mujeres afrodescendientes, como las relacionadas con el desempleo, la falta de acceso al cr\u00e9dito, el escaso acceso a la tierra productiva, poca participaci\u00f3n pol\u00edtica; m\u00e1s presencia en la educaci\u00f3n superior, pero menos participaci\u00f3n en el empleo calificado y en puestos de decisi\u00f3n. Otras problem\u00e1ticas que enfrentan estas mujeres tienen que ver con el feminicidio y el bajo acceso a la justicia. Destacan tambi\u00e9n la p\u00e9rdida de los territorios ancestrales, la reducida esperanza de vida en relaci\u00f3n con los promedios nacionales.<\/p>\n\n\n\n<p>Para Claudia Mosquera, profesora de la Universidad Nacional de Colombia, la violencia f\u00edsica, psicol\u00f3gica y moral que sufren miles de mujeres afrodescendientes en Colombia producto del conflicto armado interno demuestra que el cuerpo de la mujer afrodescendiente sigue siendo objeto de fuertes discriminaciones y dominaciones. En estas realidades, el cuerpo de la mujer se convierte en bot\u00edn de guerra, d\u00e1ndole forma de esclavitud sexual por parte de los actores armados del conflicto.<\/p>\n\n\n\n<p>Mosquera agrega que otro aspecto tiene que ver con la violencia racial que opera fuertemente contra las mujeres afrodescendientes y las excluye de los mercados laborales de altas posibilidades econ\u00f3micas, de dominio pol\u00edtico y de prestigio. Esto sucede, por ejemplo, en Panam\u00e1 seg\u00fan lo revelan las encuestas de hogares del <a href=\"https:\/\/www.inec.gob.pa\/publicaciones\/Default2.aspx?ID_CATEGORIA=5&amp;ID_SUBCATEGORIA=38\">Instituto Nacional de Estad\u00edsticas<\/a>.<\/p>\n\n\n\n<p>Por su parte, en Cali, <a href=\"http:\/\/biblioteca.clacso.edu.ar\/ar\/libros\/clacso\/crop\/zabala\/11posso.pdf\">estudios de la Universidad del Valle<\/a> han demostrado la existencia de una relaci\u00f3n perversa entre el servicio dom\u00e9stico y los altos niveles de escolaridad de las empleadas dom\u00e9sticas afrodescendientes. Incluso se ha logrado demostrar que a las mujeres denominadas mulatas les va mejor que aquellas que poseen la piel m\u00e1s negra o se les denomina \u201cmujeres negras\u201d. Adem\u00e1s, las mujeres afrodescendientes tienen m\u00e1s carga de personas dependientes, situaci\u00f3n que les limita sus posibilidades de ahorro y crecimiento.<\/p>\n\n\n\n<p>De acuerdo con Roc\u00edo Mu\u00f1oz, activista del movimiento afroperuano, y estudios recientes de la <a href=\"https:\/\/observatorioviolencia.pe\/violencia-contra-mujeres-afroperuanas\/\">consultora GRADE<\/a>, las mujeres afroperuanas soportan tambi\u00e9n un escenario de opresi\u00f3n interseccional. Adem\u00e1s, entre m\u00e1s oscuro es el tono de la piel, m\u00e1s aumenta el racismo sobre el cuerpo de la mujer afrodescendiente.<\/p>\n\n\n\n<p>Por ejemplo, en Lima se ha podido constatar que la identidad por raza\/etnia termina siendo una variable que profundiza las malas condiciones en que de por s\u00ed viven las mujeres en relaci\u00f3n a su condici\u00f3n de clase, g\u00e9nero y subalternidad. En este contexto, las mujeres identificadas como \u201cnegras\u201d o \u201cmuy negras\u201d poseen menos escolaridad, menos acceso a servicios de salud, m\u00e1s trabajos pesados y menos remuneraci\u00f3n.<\/p>\n\n\n\n<p>La realidad social, econ\u00f3mica y pol\u00edtica de las mujeres afrodescendientes debe interpretarse desde un plano de desigualdades entrecruzadas, tanto por etnicidad\/raza, como por sexo y clase. Adem\u00e1s, como defiende la REDMAAD, esta compleja realidad exige una atenci\u00f3n institucional radical, que conlleve al establecimiento de pol\u00edticas p\u00fablicas de enfoque diferencial, comprendidas como acciones afirmativas y de reparaci\u00f3n, que combatan el problema de forma esencial.<\/p>\n\n\n\n<p>En este contexto, es cada vez m\u00e1s notoria la necesidad de pol\u00edticas que aborden las problem\u00e1ticas que se viven en los territorios rurales y urbanos, en los espacios de participaci\u00f3n pol\u00edtica, es decir, en todos los escenarios donde tiene lugar la reproducci\u00f3n del poder masculino sobre el cuerpo de las mujeres afrodescendientes.<\/p>\n\n\n\n<hr class=\"wp-block-separator has-alpha-channel-opacity\"\/>\n\n\n\n<p class=\"has-text-align-right\"><strong><em>Episodio relacionado de nuestro\u00a0<\/em><\/strong><a href=\"https:\/\/latinoamerica21.com\/podcast\/\"><strong><em>podcast<\/em><\/strong><\/a><strong>:<\/strong><\/p>\n\n\n\n<figure class=\"wp-block-embed is-type-rich is-provider-spotify wp-block-embed-spotify wp-embed-aspect-21-9 wp-has-aspect-ratio\"><div class=\"wp-block-embed__wrapper\">\n<iframe title=\"Spotify Embed: Mujeres y poder en Am\u00e9rica Latina. 1era parte\" style=\"border-radius: 12px\" width=\"100%\" height=\"152\" frameborder=\"0\" allowfullscreen allow=\"autoplay; clipboard-write; encrypted-media; fullscreen; picture-in-picture\" loading=\"lazy\" src=\"https:\/\/open.spotify.com\/embed\/episode\/7m9R6TX3viEPixDyeRkTia?si=vyPMllaTR8e_uQ-kNbgvgQ&#038;utm_source=oembed\"><\/iframe>\n<\/div><\/figure>\n\n\n\n<figure class=\"wp-block-embed is-type-rich is-provider-spotify wp-block-embed-spotify wp-embed-aspect-21-9 wp-has-aspect-ratio\"><div class=\"wp-block-embed__wrapper\">\n<iframe title=\"Spotify Embed: Mujeres y poder en Am\u00e9rica Latina. 2da. parte\" style=\"border-radius: 12px\" width=\"100%\" height=\"152\" frameborder=\"0\" allowfullscreen allow=\"autoplay; clipboard-write; encrypted-media; fullscreen; picture-in-picture\" loading=\"lazy\" src=\"https:\/\/open.spotify.com\/embed\/episode\/4GAkoc8i9U2F5GmVjGpHGi?si=skvfFQK8SnmwCpbXlgQypQ&#038;utm_source=oembed\"><\/iframe>\n<\/div><\/figure>\n","protected":false},"excerpt":{"rendered":"<p>Hoy se celebra el D\u00eda Internacional de la Mujer Afrolatinoamericana y aunque la presencia de pol\u00edticas como Epsy Campbell y Francia M\u00e1rquez muestran su creciente protagonismo, las condiciones de exclusi\u00f3n, desigualdad y d\u00e9ficit ciudadano de este grupo son m\u00faltiples. <\/p>\n","protected":false},"author":353,"featured_media":11509,"comment_status":"closed","ping_status":"closed","sticky":false,"template":"","format":"standard","meta":{"_acf_changed":false,"episode_type":"","audio_file":"","cover_image":"","cover_image_id":"","duration":"","filesize":"","filesize_raw":"","date_recorded":"","explicit":"","block":"","itunes_episode_number":"","itunes_title":"","itunes_season_number":"","itunes_episode_type":"","footnotes":""},"categories":[16496,16496,16526,16526],"tags":[],"gps":[],"class_list":{"0":"post-11508","1":"post","2":"type-post","3":"status-publish","4":"format-standard","5":"has-post-thumbnail","7":"category-mujeres","9":"category-genero"},"acf":[],"_links":{"self":[{"href":"https:\/\/latinoamerica21.com\/es\/wp-json\/wp\/v2\/posts\/11508","targetHints":{"allow":["GET"]}}],"collection":[{"href":"https:\/\/latinoamerica21.com\/es\/wp-json\/wp\/v2\/posts"}],"about":[{"href":"https:\/\/latinoamerica21.com\/es\/wp-json\/wp\/v2\/types\/post"}],"author":[{"embeddable":true,"href":"https:\/\/latinoamerica21.com\/es\/wp-json\/wp\/v2\/users\/353"}],"replies":[{"embeddable":true,"href":"https:\/\/latinoamerica21.com\/es\/wp-json\/wp\/v2\/comments?post=11508"}],"version-history":[{"count":0,"href":"https:\/\/latinoamerica21.com\/es\/wp-json\/wp\/v2\/posts\/11508\/revisions"}],"wp:featuredmedia":[{"embeddable":true,"href":"https:\/\/latinoamerica21.com\/es\/wp-json\/wp\/v2\/media\/11509"}],"wp:attachment":[{"href":"https:\/\/latinoamerica21.com\/es\/wp-json\/wp\/v2\/media?parent=11508"}],"wp:term":[{"taxonomy":"category","embeddable":true,"href":"https:\/\/latinoamerica21.com\/es\/wp-json\/wp\/v2\/categories?post=11508"},{"taxonomy":"post_tag","embeddable":true,"href":"https:\/\/latinoamerica21.com\/es\/wp-json\/wp\/v2\/tags?post=11508"},{"taxonomy":"gps","embeddable":true,"href":"https:\/\/latinoamerica21.com\/es\/wp-json\/wp\/v2\/gps?post=11508"}],"curies":[{"name":"wp","href":"https:\/\/api.w.org\/{rel}","templated":true}]}}