{"id":11863,"date":"2022-08-17T09:00:00","date_gmt":"2022-08-17T12:00:00","guid":{"rendered":"https:\/\/latinoamerica21.com\/?p=11863"},"modified":"2022-09-13T10:59:56","modified_gmt":"2022-09-13T13:59:56","slug":"se-agrava-la-tortura-en-las-carceles-de-mexico","status":"publish","type":"post","link":"https:\/\/latinoamerica21.com\/es\/se-agrava-la-tortura-en-las-carceles-de-mexico\/","title":{"rendered":"Se agrava la tortura en las c\u00e1rceles de M\u00e9xico"},"content":{"rendered":"\n<p>El general retirado Sergio Alberto Mart\u00ednez Castuera asumi\u00f3, a principios de 2019, el cargo de coordinador operativo de todas las c\u00e1rceles federales de M\u00e9xico. Este, junto con el entonces comisionado del sistema penitenciario, eran la carta fuerte de Andr\u00e9s Manuel L\u00f3pez Obrador para reconducir la pol\u00edtica penitenciaria. Con el respaldo de una brillante carrera militar, su nombramiento gener\u00f3 grandes expectativas e inclusive, en los inicios de su mandato, se habl\u00f3 de \u201creconciliaci\u00f3n\u201d, \u201cderechos humanos\u201d y se emiti\u00f3 un decreto para que los torturados en prisi\u00f3n fueran liberados. Pero a dos a\u00f1os y medio de aquello, la Secretar\u00eda de Gobernaci\u00f3n ni siquiera ha instalado la mesa de preliberaci\u00f3n y en diferentes partes del pa\u00eds empiezan a organizarse colectivos que se\u00f1alan que el Gobierno no ha hecho nada para cambiar la situaci\u00f3n.<\/p>\n\n\n\n<p>En los \u00faltimos meses, familiares y presos han denunciado la continuidad e incluso el endurecimiento de situaciones inhumanas en pr\u00e1cticamente todos los Centros Federales de Readaptaci\u00f3n Social (Ceferesos). En especial, los gestionados de forma privada, llamados Centros Penitenciarios Concesionados (CPS).<\/p>\n\n\n\n<p>La escasa y deficiente alimentaci\u00f3n, la falta de m\u00e9dicos, dentistas, psiquiatras y medicinas, as\u00ed como la ausencia de medidas de reinserci\u00f3n, de posibilidades de hacer deporte, de estudiar o de desarrollar una actividad laboral son las denuncias m\u00e1s corrientes. Pero tambi\u00e9n se ha denunciado el abuso de autoridad, la tortura y la sistem\u00e1tica utilizaci\u00f3n de amenazas tanto a los reclusos como a sus familiares.<\/p>\n\n\n\n<p>En el \u00faltimo a\u00f1o, aproximadamente mil quinientas personas, que fueron privadas de libertad por presuntamente haber violado la ley, han presentado m\u00e1s de doce amparos frente a la justicia federal, de la mano de la asociaci\u00f3n civil Dignidad y Derechos Humanos, para mejorar sus condiciones de vida en los Ceferesos de Michoac\u00e1n, Chiapas, Durango, Oaxaca y Guanajuato. Adem\u00e1s, la periodista Guadalupe Liz\u00e1rraga ha hecho visible (a trav\u00e9s del medio <em>Los \u00c1ngeles Press<\/em>) una serie de abusos de los derechos humanos tanto en el sistema penitenciario federal como local.<\/p>\n\n\n\n<p>El pasado 19 de julio, este colectivo se manifest\u00f3 frente al Palacio Nacional y posteriormente denunci\u00f3 al Estado mexicano ante el alto comisionado de derechos humanos de las Naciones Unidas en la Ciudad de M\u00e9xico para exigir una intervenci\u00f3n del organismo internacional.<\/p>\n\n\n\n<p>Inicialmente, los amparos tuvieron efectos positivos y se atendieron algunos de los reclamos. Sin embargo, las demandas se han empezado a incumplir recientemente y las autoridades del sistema penitenciario han desatado una campa\u00f1a de represi\u00f3n en contra de los presos y sus familiares. Esto se ha traducido en golpes, negaci\u00f3n de alimentos, agua, medicinas y tiempo fuera de la celda, as\u00ed como en traslados arbitrarios y en abuso de poder y tortura.<\/p>\n\n\n\n<p>El 14 de mayo del a\u00f1o pasado, los internos del Cefereso n\u00famero 4, en el estado de Nayarit, se rebelaron y se\u00f1alaron a la directora, Jazm\u00edn Borb\u00f3n Ochoa, de abuso de poder y tortura y, a continuaci\u00f3n, estall\u00f3 una huelga de hambre. El 14 de marzo de este a\u00f1o, en el Cefereso n\u00famero 17 de Michoac\u00e1n, los presos se declararon en huelga de hambre y denunciaron al director, Alfredo Reyes V\u00e1zquez, y al comandante de seguridad, Roberto L\u00e1zaro Chavarr\u00eda, por abusos de autoridad. Esto llev\u00f3 al ingreso de la Guardia Nacional al penal y al traslado de un grupo de internos a un nuevo centro penitenciario en Guanajuato donde fueron torturados.<\/p>\n\n\n\n<p>D\u00edas despu\u00e9s, tras la concesi\u00f3n de un amparo a favor de los internos del Cefereso n\u00famero 15 de Chiapas, la directora del penal, Erika Adriana Tenopala Chussee, decidi\u00f3 incumplir con las medidas ordenadas por los jueces y endureci\u00f3 las medidas de represi\u00f3n en contra de las 235 personas amparadas. A partir del 4 de julio los reclusos iniciaron una huelga de hambre y la rebeli\u00f3n contin\u00faa hasta estos d\u00edas.<\/p>\n\n\n\n<p>El caso del periodista H\u00e9ctor Valdez, quien fue desplazado por razones de seguridad de Tulum a Ciudad de M\u00e9xico, evidencia la falta de control de la jefa de gobierno, Claudia Sheinbaum, y del secretario de Seguridad P\u00fablica, Omar Garc\u00eda Harfuch. Desde la prisi\u00f3n, el periodista ha denunciado golpizas e incluso amenazas directas del subsecretario del sistema penitenciario, Enrique Serrano.<\/p>\n\n\n\n<p>Esta larga lista de abusos, sin embargo, no suceden \u00fanicamente en el sistema federal, ni espec\u00edficamente en los CPS. El sistema penitenciario local es mucho m\u00e1s dif\u00edcil de controlar y los abusos y los casos de tortura est\u00e1n a la orden del d\u00eda.<\/p>\n\n\n\n<p>La falta de condiciones m\u00ednimas para una vida digna, los abusos de poder en los penales y los traslados sin notificaci\u00f3n son algunos de los agravios que se han diseminado en los \u00faltimos meses en el sistema penitenciario federal. Ante esta situaci\u00f3n, las autoridades enfrentan un gran reto para romper con esta cultura penitenciaria autoritaria y represora que tiene que ver con la impunidad y la corrupci\u00f3n.<\/p>\n","protected":false},"excerpt":{"rendered":"<p>A dos a\u00f1os y medio de asumir las nuevas autoridades carcelarias, la Secretar\u00eda de Gobernaci\u00f3n ni siquiera ha instalado la mesa de preliberaci\u00f3n y en diferentes partes del pa\u00eds colectivos se\u00f1alan que el Gobierno no ha hecho nada para cambiar la situaci\u00f3n.<\/p>\n","protected":false},"author":251,"featured_media":11865,"comment_status":"closed","ping_status":"closed","sticky":false,"template":"","format":"standard","meta":{"_acf_changed":false,"episode_type":"","audio_file":"","cover_image":"","cover_image_id":"","duration":"","filesize":"","filesize_raw":"","date_recorded":"","explicit":"","block":"","itunes_episode_number":"","itunes_title":"","itunes_season_number":"","itunes_episode_type":"","footnotes":""},"categories":[16466,16466],"tags":[],"gps":[],"class_list":{"0":"post-11863","1":"post","2":"type-post","3":"status-publish","4":"format-standard","5":"has-post-thumbnail","7":"category-mexico"},"acf":[],"_links":{"self":[{"href":"https:\/\/latinoamerica21.com\/es\/wp-json\/wp\/v2\/posts\/11863","targetHints":{"allow":["GET"]}}],"collection":[{"href":"https:\/\/latinoamerica21.com\/es\/wp-json\/wp\/v2\/posts"}],"about":[{"href":"https:\/\/latinoamerica21.com\/es\/wp-json\/wp\/v2\/types\/post"}],"author":[{"embeddable":true,"href":"https:\/\/latinoamerica21.com\/es\/wp-json\/wp\/v2\/users\/251"}],"replies":[{"embeddable":true,"href":"https:\/\/latinoamerica21.com\/es\/wp-json\/wp\/v2\/comments?post=11863"}],"version-history":[{"count":0,"href":"https:\/\/latinoamerica21.com\/es\/wp-json\/wp\/v2\/posts\/11863\/revisions"}],"wp:featuredmedia":[{"embeddable":true,"href":"https:\/\/latinoamerica21.com\/es\/wp-json\/wp\/v2\/media\/11865"}],"wp:attachment":[{"href":"https:\/\/latinoamerica21.com\/es\/wp-json\/wp\/v2\/media?parent=11863"}],"wp:term":[{"taxonomy":"category","embeddable":true,"href":"https:\/\/latinoamerica21.com\/es\/wp-json\/wp\/v2\/categories?post=11863"},{"taxonomy":"post_tag","embeddable":true,"href":"https:\/\/latinoamerica21.com\/es\/wp-json\/wp\/v2\/tags?post=11863"},{"taxonomy":"gps","embeddable":true,"href":"https:\/\/latinoamerica21.com\/es\/wp-json\/wp\/v2\/gps?post=11863"}],"curies":[{"name":"wp","href":"https:\/\/api.w.org\/{rel}","templated":true}]}}