{"id":11977,"date":"2022-08-22T09:00:00","date_gmt":"2022-08-22T12:00:00","guid":{"rendered":"https:\/\/latinoamerica21.com\/?p=11977"},"modified":"2022-08-24T21:03:06","modified_gmt":"2022-08-25T00:03:06","slug":"el-narcotrafico-y-la-razon-de-estado","status":"publish","type":"post","link":"https:\/\/latinoamerica21.com\/es\/el-narcotrafico-y-la-razon-de-estado\/","title":{"rendered":"El narcotr\u00e1fico y la raz\u00f3n de Estado"},"content":{"rendered":"\n<p>Tras los sucesos del 15 de julio en la comunidad de San Sim\u00f3n, del municipio de Choix, en M\u00e9xico, que terminaron con la captura del narcotraficante pr\u00f3fugo Rafael Caro Quintero y la ca\u00edda de un helic\u00f3ptero que cost\u00f3 la vida de catorce personas, los relatos de los Gobiernos mexicano y estadounidense est\u00e1n plagados de contradicciones. Esto nos permite explorar el argumento de que detr\u00e1s de todo este tejido abigarrado hay razones de Estado que pretenden hacer de la contradicci\u00f3n una virtud.<\/p>\n\n\n\n<p>La acepci\u00f3n de raz\u00f3n de Estado se asocia generalmente a Nicol\u00e1s Maquiavelo, pero hay otros estudiosos que la atribuyen al pensamiento pol\u00edtico del cardenal Richelieu, quien ser\u00eda el primero en utilizarla en forma extensiva durante los siglos XV y XVI. Se trata de un resorte del poder de \u201c\u00fasese cuando se necesite\u201d para garantizar la supervivencia de un determinado orden pol\u00edtico pero atendiendo a una sospecha o a un inter\u00e9s coyuntural que recomienda no dar a conocer lo que realmente sucedi\u00f3. Esto, sin considerar la naturaleza \u00e9tica de los medios empleados.<\/p>\n\n\n\n<p>\u00bfEl narcotr\u00e1fico, o m\u00e1s espec\u00edficamente la detenci\u00f3n de Caro Quintero, es materia de raz\u00f3n de Estado? S\u00ed. El narcotr\u00e1fico tiene aristas filosas y basta saber que mucho de lo que sucede en ese mundo es desconocido por el com\u00fan de la gente, incluso para los periodistas que se dedican a investigar y que frecuentemente terminan sacando conjeturas sobre los hechos ocultos detr\u00e1s de lo evidente.<\/p>\n\n\n\n<p>El caso Caro Quintero tiene una historia de d\u00e9cadas desde que fue detenido en Costa Rica y llevado a M\u00e9xico para que rindiera cuentas sobre narcotr\u00e1fico y el asesinato del agente de la DEA, Enrique \u201cKiki\u201d Camarena. Tras aquel hecho pasar\u00eda 28 a\u00f1os en prisiones mexicanas pese al pedido de extradici\u00f3n del Gobierno de los Estados Unidos.<\/p>\n\n\n\n<p>La periodista Anabel Hern\u00e1ndez se ha dedicado a explicar que el C\u00e1rtel de Guadalajara, del cual Caro era uno de sus l\u00edderes, ten\u00eda un pacto secreto con la DEA para intercambiar facilidades para el trasiego de droga al otro lado de la frontera a cambio de financiamiento de la \u201ccontra\u201d centroamericana. Esto nunca ha sido rebatido y ni siquiera mencionado.<\/p>\n\n\n\n<p>Pero hay otro argumento sostenido por el soci\u00f3logo Luis Astorga, que linda los l\u00edmites de nuestra sui g\u00e9neris \u201craz\u00f3n de Estado\u201d y que tiene que ver con la larga tradici\u00f3n de narcopol\u00edtica en M\u00e9xico. Una tradici\u00f3n que data de 1914 cuando en Estados Unidos las drogas duras dejaron de poder venderse en farmacias como aspirinas.<\/p>\n\n\n\n<p>Es claro que la operaci\u00f3n del c\u00e1rtel se\u00f1ero del narcotr\u00e1fico mexicano no habr\u00eda sido posible sin los \u201cpermisos\u201d correspondientes del poder de aquel momento. \u00bfO, acaso, el cultivo de mariguana en cientos de hect\u00e1reas con centenares de personas trabajando en el rancho chihuahuense El B\u00fafalo podr\u00eda haberse realizado sin la anuencia del poder pol\u00edtico?<\/p>\n\n\n\n<p>Incluso, Manuel Bartlett, entonces secretario de Gobernaci\u00f3n, responsable de la pol\u00edtica interior y hoy director de la empresa Comisi\u00f3n Federal de Electricidad, tendr\u00eda un expediente en la DEA porque supuestamente estuvo presente en el interrogatorio que termin\u00f3 con el asesinato de Kiki Camarena como se se\u00f1al\u00f3 y en 2014 lo ratificaron dos testigos protegidos ante un juez federal estadounidense.<\/p>\n\n\n\n<p>Ambas explicaciones podr\u00edan no ser necesariamente excluyentes, pues obedecen a una misma y poderosa l\u00f3gica econ\u00f3mica. Por un lado, el Gobierno mexicano es beneficiario, hasta la fecha, de una buena parte de las remesas de este tipo de transacciones ilegales, y por el otro, el estadounidense no solo recibe la droga para sus consumidores, sino tambi\u00e9n una buena parte del dinero. Es decir, estar\u00edamos frente a una empresa multinacional, delincuencia de \u201ccuello blanco\u201d.<\/p>\n\n\n\n<p>Entonces, seg\u00fan esta teor\u00eda, las decisiones que se toman a ambos lados de la frontera, f\u00e1cilmente nos llevar\u00edan a concluir que, detr\u00e1s del discurso sobre la detenci\u00f3n de Caro Quintero, se oculta un orden que ha permanecido en el tiempo.Y que seguir\u00e1 sosteni\u00e9ndose por un inter\u00e9s que va m\u00e1s all\u00e1 del honor de una agencia norteamericana.<\/p>\n\n\n\n<p>Esto explicar\u00eda por qu\u00e9 al d\u00eda siguiente que la directora de la DEA, Anne Milgram, informaba que Caro Quintero estaba detenido y felicitaba a los agentes, el embajador estadounidense en M\u00e9xico, Ken Salazar, negara diplom\u00e1ticamente la participaci\u00f3n de su pa\u00eds y reconociera a los marinos mexicanos como responsables del arresto. De esta manera, el Gobierno estadounidense actuaba en sinton\u00eda con lo dicho por el presidente Andr\u00e9s L\u00f3pez Obrador.<\/p>\n\n\n\n<p>Adem\u00e1s de estas contradicciones, tampoco se conocen el nombre y la identidad de los fallecidos en el desplome del helic\u00f3ptero. Esto alimenta la sospecha de que en la nave podr\u00edan haber ido agentes norteamericanos y, que por razones de Estado, no se han dado a conocer sus identidades.<\/p>\n\n\n\n<p>Otra curiosidad del episodio es que la propia DEA haya tenido la bandera estadounidense a media asta en su sede cuando se supo de la ca\u00edda de la nave mexicana. Y esta teor\u00eda toma nuevo vuelo tras la publicaci\u00f3n de <em>The Washington Post <\/em>de que hubo agentes de la DEA en el caser\u00edo donde fue capturado Caro Quintero.<\/p>\n\n\n\n<p>En definitiva, tras el <em>cors\u00e9<\/em> informativo sobre lo ocurrido ese mediod\u00eda, comienzan a ventilarse hechos que podr\u00edan confrontar una raz\u00f3n de Estado a ambos lados de la frontera. En definitiva, el <em>affaire <\/em>Caro Quintero est\u00e1 abierto con sus claros, pero tambi\u00e9n con sus zonas opacas, lo que en este caso da fuerza a la hip\u00f3tesis que desde su origen tiene componentes de raz\u00f3n de Estado para ambos pa\u00edses.<\/p>\n\n\n\n<hr class=\"wp-block-separator has-alpha-channel-opacity\"\/>\n\n\n\n<p class=\"has-text-align-right\"><strong><em>Episodio relacionado de nuestro\u00a0<\/em><\/strong><a href=\"https:\/\/latinoamerica21.com\/podcast\/\"><strong><em>podcast<\/em><\/strong><\/a><strong>:<\/strong><\/p>\n\n\n\n<figure class=\"wp-block-embed is-type-rich is-provider-spotify wp-block-embed-spotify wp-embed-aspect-21-9 wp-has-aspect-ratio\"><div class=\"wp-block-embed__wrapper\">\n<iframe title=\"Spotify Embed: \u00bfHan funcionado las pol\u00edticas de seguridad ciudadana en Am\u00e9rica Latina?\" style=\"border-radius: 12px\" width=\"100%\" height=\"152\" frameborder=\"0\" allowfullscreen allow=\"autoplay; clipboard-write; encrypted-media; fullscreen; picture-in-picture\" loading=\"lazy\" src=\"https:\/\/open.spotify.com\/embed\/episode\/0ItwWLGHLhJU89VIAuh98G?si=XjIjGKHPRIejcVK05dIj_w&#038;utm_source=oembed\"><\/iframe>\n<\/div><\/figure>\n","protected":false},"excerpt":{"rendered":"<p>La raz\u00f3n de Estado es un resorte del poder que busca ocultar cierta informaci\u00f3n sobre un hecho en concreto para garantizar la supervivencia de un determinado orden pol\u00edtico.<\/p>\n","protected":false},"author":331,"featured_media":11978,"comment_status":"closed","ping_status":"closed","sticky":false,"template":"","format":"standard","meta":{"_acf_changed":false,"episode_type":"","audio_file":"","cover_image":"","cover_image_id":"","duration":"","filesize":"","filesize_raw":"","date_recorded":"","explicit":"","block":"","itunes_episode_number":"","itunes_title":"","itunes_season_number":"","itunes_episode_type":"","footnotes":""},"categories":[16466,16466,16490,16490],"tags":[],"gps":[],"class_list":{"0":"post-11977","1":"post","2":"type-post","3":"status-publish","4":"format-standard","5":"has-post-thumbnail","7":"category-mexico","9":"category-narcotrafico-es"},"acf":[],"_links":{"self":[{"href":"https:\/\/latinoamerica21.com\/es\/wp-json\/wp\/v2\/posts\/11977","targetHints":{"allow":["GET"]}}],"collection":[{"href":"https:\/\/latinoamerica21.com\/es\/wp-json\/wp\/v2\/posts"}],"about":[{"href":"https:\/\/latinoamerica21.com\/es\/wp-json\/wp\/v2\/types\/post"}],"author":[{"embeddable":true,"href":"https:\/\/latinoamerica21.com\/es\/wp-json\/wp\/v2\/users\/331"}],"replies":[{"embeddable":true,"href":"https:\/\/latinoamerica21.com\/es\/wp-json\/wp\/v2\/comments?post=11977"}],"version-history":[{"count":0,"href":"https:\/\/latinoamerica21.com\/es\/wp-json\/wp\/v2\/posts\/11977\/revisions"}],"wp:featuredmedia":[{"embeddable":true,"href":"https:\/\/latinoamerica21.com\/es\/wp-json\/wp\/v2\/media\/11978"}],"wp:attachment":[{"href":"https:\/\/latinoamerica21.com\/es\/wp-json\/wp\/v2\/media?parent=11977"}],"wp:term":[{"taxonomy":"category","embeddable":true,"href":"https:\/\/latinoamerica21.com\/es\/wp-json\/wp\/v2\/categories?post=11977"},{"taxonomy":"post_tag","embeddable":true,"href":"https:\/\/latinoamerica21.com\/es\/wp-json\/wp\/v2\/tags?post=11977"},{"taxonomy":"gps","embeddable":true,"href":"https:\/\/latinoamerica21.com\/es\/wp-json\/wp\/v2\/gps?post=11977"}],"curies":[{"name":"wp","href":"https:\/\/api.w.org\/{rel}","templated":true}]}}