{"id":12086,"date":"2022-08-30T09:00:00","date_gmt":"2022-08-30T12:00:00","guid":{"rendered":"https:\/\/latinoamerica21.com\/?p=12086"},"modified":"2024-05-01T05:43:06","modified_gmt":"2024-05-01T08:43:06","slug":"el-cambio-climatico-es-una-de-las-principales-causas-de-la-migracion-en-las-americas","status":"publish","type":"post","link":"https:\/\/latinoamerica21.com\/es\/el-cambio-climatico-es-una-de-las-principales-causas-de-la-migracion-en-las-americas\/","title":{"rendered":"El cambio clim\u00e1tico es una de las principales causas de la migraci\u00f3n en las Am\u00e9ricas"},"content":{"rendered":"\n<p><strong><em>Coautora Anna Stewart-Ibarra<\/em><\/strong><\/p>\n\n\n\n<p>\u00abLo arriesgo todo porque ya lo he perdido todo\u00bb, dijo una vez una mujer migrante en el camino de la migraci\u00f3n en Oaxaca, M\u00e9xico. En efecto, si la pobreza, la marginaci\u00f3n, la violencia y la agitaci\u00f3n pol\u00edtica no fueran suficientes, los fen\u00f3menos extremos que se encuentran relacionados con el clima (como la sequ\u00eda, las olas de calor y las lluvias torrenciales) est\u00e1n haciendo la vida a\u00fan m\u00e1s precaria para muchas personas que viven al l\u00edmite en Am\u00e9rica Latina y el Caribe. Aunque la relaci\u00f3n entre el cambio clim\u00e1tico y la migraci\u00f3n no es determinista, dependiendo de los factores que tienen que ver con la vulnerabilidad, se prev\u00e9 que 17 millones de habitantes de Am\u00e9rica Latina podr\u00edan migrar, debido al cambio clim\u00e1tico desde ahora hasta 2050.<\/p>\n\n\n\n<p><strong>El impacto del clima en la migraci\u00f3n<\/strong><\/p>\n\n\n\n<p>Los huracanes han llevado a la movilizaci\u00f3n y la migraci\u00f3n de millones de personas en el Caribe y tanto en Centro como en Norteam\u00e9rica. En 22 a\u00f1os (1998-2020), m\u00e1s de 277 millones de personas se vieron directamente afectadas en Am\u00e9rica Latina y el Caribe por fen\u00f3menos clim\u00e1ticos y geof\u00edsicos, en los que murieron 312.000 de ellas. El consiguiente aumento de la inseguridad alimentaria y la pobreza son los principales motores de la movilidad. Cada vez m\u00e1s, Centroam\u00e9rica sufre, asimismo, de inundaciones y tormentas, deslizamientos de tierra y derrumbes, mientras que las zonas \u00e1ridas se ven afectadas por las sequ\u00edas. En Sudam\u00e9rica, las cat\u00e1strofes son importantes impulsoras de los desplazamientos internos, ya que tanto las cat\u00e1strofes r\u00e1pidas como las lentas, por ejemplo, las inundaciones, los corrimientos de tierra y las sequ\u00edas, tienen un impacto generalizado.&nbsp;<\/p>\n\n\n\n<p>En 2020, los desplazamientos internos en la regi\u00f3n se debieron a desastres: 937.000 desplazados en Honduras, 639.000 en Cuba, 358.000 en Brasil (el 75% de ellos por la temporada de lluvias extremas) y 339.000 en Guatemala. En 2021, despu\u00e9s de que la temporada de lluvias en Brasil comenzara antes de tiempo, una tormenta subtropical en Bah\u00eda caus\u00f3 inundaciones y los consiguientes corrimientos de tierra y desprendimientos de rocas, lo que acarre\u00f3 la muerte de al menos 27 personas y 523 heridos. El cicl\u00f3n afect\u00f3 a m\u00e1s de 950.000 personas e hizo que 155 de los 417 municipios de Bah\u00eda declararan el estado de emergencia.<\/p>\n\n\n\n<p>Hist\u00f3ricamente, la migraci\u00f3n en la regi\u00f3n ha fluido desde Sudam\u00e9rica, Centroam\u00e9rica y M\u00e9xico hacia ciudades estadounidenses como Miami, Nueva York, Houston y Los \u00c1ngeles. Sin embargo, las ciudades estadounidenses que reciben migrantes tambi\u00e9n est\u00e1n expuestas a los crecientes impactos del cambio clim\u00e1tico. Las sequ\u00edas m\u00e1s extremas, los incendios forestales, las tormentas destructivas y la subida del nivel del mar en los territorios de Estados Unidos est\u00e1n llevando a un incremento de las lesiones, las muertes y los da\u00f1os econ\u00f3micos. Las comunidades vulnerables, tal es el caso de los inmigrantes indocumentados, corren el riesgo de sufrir da\u00f1os, debido a la exposici\u00f3n a estos fen\u00f3menos clim\u00e1ticos extremos.<\/p>\n\n\n\n<p><strong>Cambio clim\u00e1tico, migraci\u00f3n y enfermedades infecciosas<\/strong><\/p>\n\n\n\n<p>Los habitantes de Am\u00e9rica Latina y el Caribe est\u00e1n afrontando los efectos del cambio clim\u00e1tico en su salud, y a medida que estos efectos aumenten, habr\u00e1 m\u00e1s incentivos de \u00edndole clim\u00e1tica para migrar. Un estudio reciente que se hizo en la regi\u00f3n revel\u00f3 que el aumento de las temperaturas incrementar\u00e1 el riesgo de muertes relacionadas con el calor, en su mayor\u00eda por insolaci\u00f3n, e indic\u00f3 que esta tendencia continuar\u00e1 en el futuro.&nbsp;<\/p>\n\n\n\n<p>Se ha comprobado que los fen\u00f3menos clim\u00e1ticos extremos producen brotes de enfermedades infecciosas que son sensibles al clima, como es el caso de aquellas que son transmitidas por vectores, por ejemplo, el dengue y la malaria, y las transmitidas por el agua, como el c\u00f3lera. Con los desplazamientos humanos a gran escala, por ejemplo, la reciente migraci\u00f3n masiva venezolana, estas enfermedades pueden propagarse a trav\u00e9s de las fronteras ecol\u00f3gicas y pol\u00edticas, lo que hace que la contenci\u00f3n de los brotes sea a\u00fan m\u00e1s dif\u00edcil de manejar en las poblaciones migrantes y locales.<\/p>\n\n\n\n<p><strong>\u00bfQui\u00e9nes migran?&nbsp;<\/strong><\/p>\n\n\n\n<p>Las personas cuyos medios de vida dependen del agua y el suelo, como los pescadores y agricultores a peque\u00f1a escala, pueden ser las m\u00e1s propensas a migrar por causas clim\u00e1ticas. Un ejemplo de ello son las comunidades pesqueras uruguayas que dependen de las cosechas de almejas, las cuales se han reducido dr\u00e1sticamente como consecuencia del calentamiento de las temperaturas oce\u00e1nicas.&nbsp;<\/p>\n\n\n\n<p>A su vez, el aumento de la temperatura y la disminuci\u00f3n de las precipitaciones en la regi\u00f3n del Amazonas est\u00e1 desplazando a las poblaciones ind\u00edgenas de tierras que forman parte de su identidad cultural, tierras que ya est\u00e1n bajo la presi\u00f3n de la industria y la urbanizaci\u00f3n. El menor acceso a los servicios b\u00e1sicos, como la atenci\u00f3n sanitaria, el agua potable canalizada y la educaci\u00f3n, y el empleo, les obliga a\u00fan m\u00e1s a movilizarse. En 2010, al menos el 50% de la poblaci\u00f3n ind\u00edgena (unos 50 millones de personas) de la regi\u00f3n se hab\u00eda visto obligado a abandonar sus tierras o hab\u00eda emigrado intencionalmente a las zonas urbanas, donde son vulnerables a la discriminaci\u00f3n y a la marginaci\u00f3n, mientras se esfuerzan por entrar en la econom\u00eda formal.&nbsp;<\/p>\n\n\n\n<p><strong>Respuesta al cambio clim\u00e1tico y a la migraci\u00f3n<\/strong><\/p>\n\n\n\n<p>La migraci\u00f3n en Am\u00e9rica Latina y el Caribe seguir\u00e1 aumentando bajo la doble presi\u00f3n del cambio clim\u00e1tico y las graves desigualdades sociales. Los Gobiernos necesitan informaci\u00f3n y herramientas que les permitan predecir y responder a los fen\u00f3menos migratorios nacionales e internacionales, y adaptarse a las condiciones clim\u00e1ticas cambiantes. La informaci\u00f3n sobre el clima, tal es el caso de las previsiones de fen\u00f3menos clim\u00e1ticos extremos, puede ser utilizada por los especialistas en migraci\u00f3n para planificar acciones de prevenci\u00f3n y respuesta a las crisis humanitarias. Para ello ser\u00e1 necesario reunir a los sectores de la migraci\u00f3n y el clima con otros sectores relevantes.&nbsp;<\/p>\n\n\n\n<p>Para responder a la necesidad de contar con herramientas que partan de informaci\u00f3n sobre el clima, el Instituto Interamericano de Investigaci\u00f3n sobre el Cambio Global (IAI), el Programa de Investigaci\u00f3n sobre el Cambio Global de los Estados Unidos (USGCRP) y AmeriGEO se han aliado con pa\u00edses de la regi\u00f3n para elaborar conjuntamente una iniciativa a fin de mejorar la capacidad de evaluaci\u00f3n de riesgos clim\u00e1ticos y catalizar las asociaciones para informar las decisiones en Am\u00e9rica Latina y el Caribe (LACI). Representantes de los Ministerios de Medio Ambiente y de otros sectores est\u00e1n trabajando para desarrollar evaluaciones nacionales de impacto clim\u00e1tico y para identificar acciones estrat\u00e9gicas de adaptaci\u00f3n al cambio clim\u00e1tico, como los sistemas de alerta temprana.&nbsp;<\/p>\n\n\n\n<p>Por \u00faltimo, los pa\u00edses deben aunar esfuerzos a fin de buscar soluciones que reduzcan las emisiones de gases de efecto invernadero, sobre todo por parte de los pa\u00edses m\u00e1s emisores, al tiempo que abordan las causas subyacentes de la migraci\u00f3n, es decir, la profunda desigualdad social y la fractura de la gobernanza.<\/p>\n\n\n\n<p><em><sub>Anna Stewart-Ibarra es Directora Cient\u00edfica del Inst. Interamericano para la Investigaci\u00f3n del Cambio Global (IAI). Doctora en Ecolog\u00eda por la Facultad de Ciencias Medioambientales y Forestales SUNY, Univ. de Syracusa (E.U.A.). Profesora del Depto. de Medicina de SUNY.<\/sub><\/em><\/p>\n","protected":false},"excerpt":{"rendered":"<p>Coautora Anna Stewart-Ibarra<br \/>\nSe prev\u00e9 que debido al cambio clim\u00e1tico, de aqu\u00ed al 2050 podr\u00edan migrar 17 millones de personas en Am\u00e9rica Latina.<\/p>\n","protected":false},"author":361,"featured_media":12088,"comment_status":"closed","ping_status":"closed","sticky":false,"template":"","format":"standard","meta":{"_acf_changed":false,"episode_type":"","audio_file":"","cover_image":"","cover_image_id":"","duration":"","filesize":"","filesize_raw":"","date_recorded":"","explicit":"","block":"","itunes_episode_number":"","itunes_title":"","itunes_season_number":"","itunes_episode_type":"","footnotes":""},"categories":[16580,16580,16520,16520],"tags":[],"gps":[],"class_list":{"0":"post-12086","1":"post","2":"type-post","3":"status-publish","4":"format-standard","5":"has-post-thumbnail","7":"category-cambio-climatico","9":"category-migracion"},"acf":[],"_links":{"self":[{"href":"https:\/\/latinoamerica21.com\/es\/wp-json\/wp\/v2\/posts\/12086","targetHints":{"allow":["GET"]}}],"collection":[{"href":"https:\/\/latinoamerica21.com\/es\/wp-json\/wp\/v2\/posts"}],"about":[{"href":"https:\/\/latinoamerica21.com\/es\/wp-json\/wp\/v2\/types\/post"}],"author":[{"embeddable":true,"href":"https:\/\/latinoamerica21.com\/es\/wp-json\/wp\/v2\/users\/361"}],"replies":[{"embeddable":true,"href":"https:\/\/latinoamerica21.com\/es\/wp-json\/wp\/v2\/comments?post=12086"}],"version-history":[{"count":0,"href":"https:\/\/latinoamerica21.com\/es\/wp-json\/wp\/v2\/posts\/12086\/revisions"}],"wp:featuredmedia":[{"embeddable":true,"href":"https:\/\/latinoamerica21.com\/es\/wp-json\/wp\/v2\/media\/12088"}],"wp:attachment":[{"href":"https:\/\/latinoamerica21.com\/es\/wp-json\/wp\/v2\/media?parent=12086"}],"wp:term":[{"taxonomy":"category","embeddable":true,"href":"https:\/\/latinoamerica21.com\/es\/wp-json\/wp\/v2\/categories?post=12086"},{"taxonomy":"post_tag","embeddable":true,"href":"https:\/\/latinoamerica21.com\/es\/wp-json\/wp\/v2\/tags?post=12086"},{"taxonomy":"gps","embeddable":true,"href":"https:\/\/latinoamerica21.com\/es\/wp-json\/wp\/v2\/gps?post=12086"}],"curies":[{"name":"wp","href":"https:\/\/api.w.org\/{rel}","templated":true}]}}