{"id":12108,"date":"2022-09-01T09:00:00","date_gmt":"2022-09-01T12:00:00","guid":{"rendered":"https:\/\/latinoamerica21.com\/?p=12108"},"modified":"2022-09-01T11:32:38","modified_gmt":"2022-09-01T14:32:38","slug":"la-guerra-de-ucrania-y-su-impacto-sobre-la-seguridad-alimentaria-en-america-latina","status":"publish","type":"post","link":"https:\/\/latinoamerica21.com\/es\/la-guerra-de-ucrania-y-su-impacto-sobre-la-seguridad-alimentaria-en-america-latina\/","title":{"rendered":"La guerra de Ucrania y su impacto sobre la seguridad alimentaria en Am\u00e9rica Latina"},"content":{"rendered":"\n<p>La guerra entre Rusia y Ucrania, que empez\u00f3 a finales de febrero de este a\u00f1o, ha tra\u00eddo fuertes consecuencias no solo en Europa, sino tambi\u00e9n a escala mundial. Dichas consecuencias van desde la misma destrucci\u00f3n de la econom\u00eda y obras de Ucrania, pasando por la violaci\u00f3n de derechos humanos de la poblaci\u00f3n (parte de esta ha debido huir y buscar refugio en otros pa\u00edses), hasta los efectos que perjudican a los mismos rusos, su econom\u00eda y relaciones internacionales.<\/p>\n\n\n\n<p>Analizar, pues, el nuevo tablero geopol\u00edtico nos sit\u00faa en medio de las tensiones que se presentan en Eurasia, como parte de las pretensiones expansionistas de Rusia por retomar su predominio sobre el territorio de Ucrania.<\/p>\n\n\n\n<p>A este \u00faltimo pa\u00eds, adem\u00e1s de que Rusia lo considera su lugar m\u00edtico, se agrega la condici\u00f3n geoestrat\u00e9gica que lo hace prototipo de Estado-bisagra, propicio para acercar a Rusia a las aguas c\u00e1lidas del Mediterr\u00e1neo y a los mercados que logr\u00f3 potencializar con varios miembros de la Uni\u00f3n Europea (EU), principalmente en lo que concierne a la venta de hidrocarburos.<\/p>\n\n\n\n<p>Se trata de una situaci\u00f3n de confrontaci\u00f3n b\u00e9lica en la que se mezclan acciones propias de la geopol\u00edtica cl\u00e1sica, centrada en el crecimiento y la recuperaci\u00f3n del espacio vital (<em>lebensraum<\/em>). Tambi\u00e9n se revalora el control sobre las fronteras y las \u00e1reas geogr\u00e1ficas con enorme potencial, ya sea en materia cultural o productiva. Sin embargo, es esencialmente favorable para contener cualquier tipo de amenaza que afecte los criterios de la seguridad y la defensa, tal como se observa en el caso de Rusia con respecto a la presencia cercana de la Organizaci\u00f3n del Tratado del Atl\u00e1ntico Norte (OTAN).<\/p>\n\n\n\n<p>A lo anterior se suman otras interpretaciones sobre el mismo conflicto que ofrecen los postulados de la geopol\u00edtica cr\u00edtica, que incluye a otros agentes y factores para el an\u00e1lisis. En este caso, es pertinente mencionar el papel de los corporativos dedicados al negocio de la agroindustria y a los hidrocarburos, aunado con las empresas transnacionales que se dedican a la comercializaci\u00f3n de alimentos, pero sin dejar de lado las empresas dedicadas a la alta gama tecnol\u00f3gica que se emplea, entre otras cosas, en la supervisi\u00f3n de \u00e1reas de cultivo mediante drones que se operan de forma remota.<\/p>\n\n\n\n<p>En este sentido, la mirada sobre Ucrania como epicentro del conflicto que incide en este redise\u00f1o del tablero geopol\u00edtico mundial se convierte en genuino laboratorio cuyos efectos incluso llegan hasta<a href=\"https:\/\/latinoamerica21.com\/es\/america-latina-y-la-guerra-en-ucrania-la-segunda-trampa-de-tucidides\/\"> Am\u00e9rica Latina<\/a> y la regi\u00f3n del mar Caribe.<\/p>\n\n\n\n<p>Efectivamente, la capacidad productiva de cereales, aceites y fertilizantes que ofertan tanto Rusia como Ucrania (por cierto, esto ha dado lugar a que el territorio ucraniano se haya convertido en el \u201cgranero de Europa\u201d y tambi\u00e9n de otros pa\u00edses del mundo, entre ellos, Egipto, L\u00edbano y Somalia) ha encendido los focos de alerta de la comunidad internacional por el alza de los precios en productos de gran demanda como el ma\u00edz, el trigo, la cebada y los aceites de girasol.<\/p>\n\n\n\n<p>Lo mismo ha pasado con los fertilizantes derivados del nitr\u00f3geno y el potasio (se espera que estos sean despachados a sus mercados de destino desde los puertos del sur de Ucrania, que, sin embargo, permanecen bloqueados por las autoridades rusas).<\/p>\n\n\n\n<p>La continuidad de este bloqueo en los principales puertos de Ucrania, aunado con las retaliaciones por parte de los pa\u00edses occidentales que se han sumado al veto de los productos y suministros procedentes de Rusia, est\u00e1 generando, sin duda alguna, un efecto <em>boomerang<\/em> en toda la cadena de suministros que se emplea para garantizar la<a href=\"https:\/\/latinoamerica21.com\/es\/el-impacto-economico-para-america-latina-del-conflicto-en-ucrania\/\"> seguridad alimentaria a nivel mundial<\/a>.<\/p>\n\n\n\n<p>\u00bfQu\u00e9<a href=\"https:\/\/latinoamerica21.com\/es\/el-impacto-de-la-guerra-de-ucrania-en-america-latina\/\"> repercusiones tiene para Am\u00e9rica Latina y el Caribe<\/a>? Una repercusi\u00f3n fundamental corresponde a la preocupaci\u00f3n de los agricultores latinoamericanos, quienes, en medio de este fuego cruzado, se enfrentan a un posible desabastecimiento de fertilizantes provenientes tanto de Rusia como de Ucrania. Esta situaci\u00f3n genera un ambiente de incertidumbre a corto y mediano plazo para cubrir la demanda de abonos utilizados en la actividad agr\u00edcola que caracteriza a varios pa\u00edses de la regi\u00f3n.<\/p>\n\n\n\n<p>En este sentido, Brasil es uno de los m\u00e1s vulnerables en medio de esta coyuntura, ya que comercializa con Rusia cerca del 80% del suministro que requiere en materia de fertilizantes.<\/p>\n\n\n\n<p>Por su parte, pa\u00edses como Hait\u00ed, e incluso los que tambi\u00e9n integran el Tri\u00e1ngulo Norte (Guatemala, El Salvador, Honduras), entre otros, cuyas capacidades agr\u00edcolas son limitadas, ya sea por falta de suelos productivos, sequ\u00edas continuas, violencia rural y desplazamiento forzado, erosi\u00f3n de las tierras cultivables, falta de fuentes h\u00eddricas, etc., se ven obligados a importar la mayor\u00eda de sus alimentos.<\/p>\n\n\n\n<p>A su vez, estos precios se cotizan en estos momentos al alza, bien por el ambiente de guerra en Ucrania, bien por el rezago inflacionario que se acumula desde que la pandemia de la COVID-19 desaceler\u00f3 las econom\u00edas del mundo de una manera dr\u00e1stica.<\/p>\n\n\n\n<p>Esto hace que actualmente el mapa geogr\u00e1fico de la crisis alimentaria en pa\u00edses de Am\u00e9rica Latina y del Caribe presente<a href=\"https:\/\/latinoamerica21.com\/es\/somos-una-region-desigual-y-discriminatoria\/\"> focos de poblaci\u00f3n subalimentada<\/a>, lo que nos sit\u00faa frente a un contexto de mayores desigualdades frente al acceso a los alimentos b\u00e1sicos, pero tambi\u00e9n frente a posibles situaciones de mayor tensi\u00f3n de car\u00e1cter socioecon\u00f3mico, que se le atribuye al aumento de productos esenciales para la actividad agr\u00edcola, tal como son las semillas y los fertilizantes. A ello se suman, asimismo, los problemas de falta de rentabilidad para atraer la mano de obra requerida en el sector agr\u00edcola.<\/p>\n\n\n\n<p>En s\u00edntesis, las tensiones que se presentan actualmente en Eurasia avivan los divisionismos en forma de dos bloques que contienden en este nuevo tablero geopol\u00edtico, lo que conlleva una mayor polarizaci\u00f3n en el terreno internacional.<\/p>\n\n\n\n<p>Al mismo tiempo, resurgen viejos y nuevos problemas sustantivos a la supervivencia de la raza humana, ya que ata\u00f1en a un plato de comida diaria, a la obtenci\u00f3n de una fuente de empleo, a un techo para vivir, a permanecer en un lugar en paz, y todos estos aspectos tienen una repercusi\u00f3n directa en Am\u00e9rica Latina y el Caribe.<\/p>\n\n\n\n<p><em><sub>* Este texto fue publicado originalmente en la web de<\/sub><\/em><a href=\"http:\/\/chinayamericalatina.com\/\"><sub><em> REDCAEM<\/em><\/sub><\/a><\/p>\n\n\n\n<hr class=\"wp-block-separator has-alpha-channel-opacity\"\/>\n\n\n\n<p class=\"has-text-align-right\"><strong><em>Episodio relacionado de nuestro\u00a0<\/em><\/strong><a href=\"https:\/\/latinoamerica21.com\/podcast\/\"><strong><em>podcast<\/em><\/strong><\/a><strong>:<\/strong><\/p>\n\n\n\n<figure class=\"wp-block-embed is-type-rich is-provider-spotify wp-block-embed-spotify wp-embed-aspect-21-9 wp-has-aspect-ratio\"><div class=\"wp-block-embed__wrapper\">\n<iframe title=\"Spotify Embed: Defensa y seguridad colectiva en Am\u00e9rica Latina\" style=\"border-radius: 12px\" width=\"100%\" height=\"152\" frameborder=\"0\" allowfullscreen allow=\"autoplay; clipboard-write; encrypted-media; fullscreen; picture-in-picture\" loading=\"lazy\" src=\"https:\/\/open.spotify.com\/embed\/episode\/1EBzx0mJ2eCYkULAr9RM3P?si=ocINIDBuTVqUJQE0FGW39g&#038;utm_source=oembed\"><\/iframe>\n<\/div><\/figure>\n","protected":false},"excerpt":{"rendered":"<p>La falta de fertilizantes genera incertidumbre a corto y mediano plazo para cubrir la demanda en la actividad agr\u00edcola que caracteriza a varios pa\u00edses de la regi\u00f3n.<\/p>\n","protected":false},"author":373,"featured_media":12109,"comment_status":"closed","ping_status":"closed","sticky":false,"template":"","format":"standard","meta":{"_acf_changed":false,"episode_type":"","audio_file":"","cover_image":"","cover_image_id":"","duration":"","filesize":"","filesize_raw":"","date_recorded":"","explicit":"","block":"","itunes_episode_number":"","itunes_title":"","itunes_season_number":"","itunes_episode_type":"","footnotes":""},"categories":[16599],"tags":[],"gps":[],"class_list":{"0":"post-12108","1":"post","2":"type-post","3":"status-publish","4":"format-standard","5":"has-post-thumbnail","7":"category-internet-es"},"acf":[],"_links":{"self":[{"href":"https:\/\/latinoamerica21.com\/es\/wp-json\/wp\/v2\/posts\/12108","targetHints":{"allow":["GET"]}}],"collection":[{"href":"https:\/\/latinoamerica21.com\/es\/wp-json\/wp\/v2\/posts"}],"about":[{"href":"https:\/\/latinoamerica21.com\/es\/wp-json\/wp\/v2\/types\/post"}],"author":[{"embeddable":true,"href":"https:\/\/latinoamerica21.com\/es\/wp-json\/wp\/v2\/users\/373"}],"replies":[{"embeddable":true,"href":"https:\/\/latinoamerica21.com\/es\/wp-json\/wp\/v2\/comments?post=12108"}],"version-history":[{"count":0,"href":"https:\/\/latinoamerica21.com\/es\/wp-json\/wp\/v2\/posts\/12108\/revisions"}],"wp:featuredmedia":[{"embeddable":true,"href":"https:\/\/latinoamerica21.com\/es\/wp-json\/wp\/v2\/media\/12109"}],"wp:attachment":[{"href":"https:\/\/latinoamerica21.com\/es\/wp-json\/wp\/v2\/media?parent=12108"}],"wp:term":[{"taxonomy":"category","embeddable":true,"href":"https:\/\/latinoamerica21.com\/es\/wp-json\/wp\/v2\/categories?post=12108"},{"taxonomy":"post_tag","embeddable":true,"href":"https:\/\/latinoamerica21.com\/es\/wp-json\/wp\/v2\/tags?post=12108"},{"taxonomy":"gps","embeddable":true,"href":"https:\/\/latinoamerica21.com\/es\/wp-json\/wp\/v2\/gps?post=12108"}],"curies":[{"name":"wp","href":"https:\/\/api.w.org\/{rel}","templated":true}]}}