{"id":12282,"date":"2022-09-13T09:00:00","date_gmt":"2022-09-13T12:00:00","guid":{"rendered":"https:\/\/latinoamerica21.com\/?p=12282"},"modified":"2022-09-13T01:47:47","modified_gmt":"2022-09-13T04:47:47","slug":"por-que-tantos-brasilenos-intentan-quitarse-la-vida","status":"publish","type":"post","link":"https:\/\/latinoamerica21.com\/es\/por-que-tantos-brasilenos-intentan-quitarse-la-vida\/","title":{"rendered":"\u00bfPor qu\u00e9 tantos brasile\u00f1os intentan quitarse la vida?"},"content":{"rendered":"\n<p>En 2014 un<a href=\"https:\/\/apps.who.int\/iris\/bitstream\/handle\/10665\/131056\/9789241564779_eng.pdf?sequence=1&amp;isAllowed=y\"> informe publicado por la Organizaci\u00f3n Mundial de la Salud (OMS)<\/a> ya se\u00f1alaba una realidad preocupante: entre 2000 y 2012 Brasil fue el cuarto pa\u00eds latinoamericano con mayor crecimiento en el n\u00famero de suicidios. En n\u00fameros absolutos, fue el l\u00edder de la clasificaci\u00f3n. Llama la atenci\u00f3n que el n\u00famero de v\u00edctimas femeninas aument\u00f3 m\u00e1s (17,80%) que el de los hombres (8,20%). Casi diez a\u00f1os despu\u00e9s,<a href=\"https:\/\/www1.folha.uol.com.br\/equilibrioesaude\/2022\/07\/brasil-vive-2a-pandemia-na-saude-mental-com-multidao-de-deprimidos-e-ansiosos.shtml\"> la OMS sit\u00faa a Brasil en la direcci\u00f3n contraria al mundo<\/a>: el n\u00famero de suicidios entre brasile\u00f1os se ha duplicado en los \u00faltimos 20 a\u00f1os, superando (entre las muertes por causas externas) a las muertes por accidentes de moto.<\/p>\n\n\n\n<p>Los suicidios son evitables. En todo el mundo se han aplicado pol\u00edticas p\u00fablicas para reducir las tasas de suicidio, muchas de ellas dirigidas a impedir el acceso a los medios de suicidio m\u00e1s utilizados, adem\u00e1s de restringir el acceso al alcohol y a las armas de fuego, utilizadas s\u00f3lo en el 9% de los casos.<\/p>\n\n\n\n<p><a href=\"https:\/\/www.who.int\/news-room\/fact-sheets\/detail\/suicide\">Los datos globales sobre el suicidio<\/a> muestran que son los hombres de edad avanzada las principales v\u00edctimas, seguidos por los j\u00f3venes y las mujeres de mediana edad. Por este motivo, los pa\u00edses m\u00e1s desarrollados, cuyo perfil de poblaci\u00f3n es m\u00e1s envejecido, tienen tasas de suicidio m\u00e1s elevadas.<\/p>\n\n\n\n<p>Todav\u00eda no se sabe con certeza, pero factores como la crisis econ\u00f3mica, el desempleo, los niveles de desarrollo econ\u00f3mico, la exposici\u00f3n a la violencia y el consumo de alcohol y drogas, los patrones de enfermedad mental y la relaci\u00f3n cultural de las distintas sociedades con el suicidio, adem\u00e1s de facilitar el acceso a los medios para cometerlo, son factores de riesgo.<\/p>\n\n\n\n<p>En el caso de Brasil, llama la atenci\u00f3n el crecimiento de las tasas, fen\u00f3meno que tambi\u00e9n se observa en otros pa\u00edses latinoamericanos como M\u00e9xico, Argentina y Colombia. En concreto, es preocupante el aumento de casos entre mujeres, hombres j\u00f3venes y adolescentes de entre 15 y 29 a\u00f1os. Seg\u00fan la OMS, el suicidio es la segunda causa de muerte en este \u00faltimo grupo de edad a nivel mundial.<\/p>\n\n\n\n<p>En Brasil, el suicidio figura entre las tres principales causas de muerte en el grupo de edad de 10 a 29 a\u00f1os: la violencia interpersonal (que incluye homicidios, feminicidios, agresiones); los suicidios y los accidentes de tr\u00e1fico. Estos casos tienen edad, pero tambi\u00e9n color: la mayor\u00eda son j\u00f3venes negros.<\/p>\n\n\n\n<p>Entre 2000 y 2015 los casos aumentaron un 65% entre las personas de 10 a 14 a\u00f1os y un 45% entre las de 15 a 19 a\u00f1os. El aumento en la media de la poblaci\u00f3n fue del 40% para el mismo periodo. En 2019, cada 46 minutos una persona se suicid\u00f3 en Brasil, la mayor\u00eda eran hombres, negros, con edades de entre 10 y 29 a\u00f1os.<\/p>\n\n\n\n<p>Tambi\u00e9n se observ\u00f3 otro fen\u00f3meno en los dos \u00faltimos a\u00f1os,<a href=\"https:\/\/latinoamerica21.com\/br\/destruicao-e-regressao-as-politicas-do-governo-bolsonaro\/\"> marcado por la pandemia de COVID-19<\/a>. Los casos aumentaron sobre todo entre los ancianos de las regiones del Norte y del Nordeste. Un aumento similar se observ\u00f3 en Rio Grande del Sur, un estado que siempre ha estado a la cabeza de las tasas de suicidio en Brasil.<\/p>\n\n\n\n<p><strong>El suicidio m\u00e1s all\u00e1 de las cifras<\/strong><\/p>\n\n\n\n<p>El suicidio es un fen\u00f3meno extremadamente complejo, pero es posible destacar aqu\u00ed algunas de sus facetas, individuales y colectivas. La principal es que necesitamos, como sociedad, afrontar con franqueza nuestros sufrimientos y sus s\u00edntomas. El sufrimiento que siente el individuo es tambi\u00e9n un sufrimiento colectivo. Los casos de suicidio no se deben s\u00f3lo a un impulso individual, las enfermedades mentales se construyen tambi\u00e9n en relaci\u00f3n con la sociedad, con el cuerpo colectivo que reconoce o no su malestar y sus s\u00edntomas.<\/p>\n\n\n\n<p>De forma recurrente, quienes atentan contra su propia vida presentan enfermedades mentales, como la depresi\u00f3n y el trastorno bipolar, que son algunas de las m\u00e1s comunes. S\u00edntomas como la ansiedad, las crisis de p\u00e1nico, el estr\u00e9s, la fobia social, son com\u00fanmente desatendidos, principalmente en una sociedad que no se permite sufrir, que no elabora el duelo, que no escucha ni observa al otro. Una sociedad que trata las enfermedades mentales como un tab\u00fa, que entiende el sufrimiento como debilidad, cobard\u00eda de quien no puede enfrentarse a la vida.<a href=\"https:\/\/latinoamerica21.com\/br\/o-adeus-a-bolsonaro\/\"> \u00bfC\u00f3mo olvidar al presidente que ante el miedo colectivo y la crisis provocada por la pandemia llam\u00f3 \u00abmaricones\u00bb a los que estaban a favor del distanciamiento y el aislamiento social?<\/a><\/p>\n\n\n\n<p>La aparici\u00f3n de ideas sobre la muerte se relaciona en la modernidad con una forma de sufrimiento ligada al sentimiento de p\u00e9rdida; p\u00e9rdida del deseo, p\u00e9rdida del otro, p\u00e9rdida del reconocimiento social, p\u00e9rdida del sentido de la experiencia, es decir, la percepci\u00f3n de que la vida ya no nos pertenece, una vida que no hay raz\u00f3n para valorar.<\/p>\n\n\n\n<p>\u00bfPara qu\u00e9 vivir si no se respetan mis deseos y sentimientos? \u00bfPara qu\u00e9 vivir si ya no soy \u00fatil para mi pueblo y para la colectividad? \u00bfPor qu\u00e9 vivir si no tengo lugar, ni trabajo, ni reconocimiento?<\/p>\n\n\n\n<p>\u00bfPor qu\u00e9 nuestros hombres mayores, cada vez m\u00e1s j\u00f3venes y adolescentes, y ahora tambi\u00e9n m\u00e1s mujeres, formulan esta pregunta de forma cada vez m\u00e1s recurrente?<\/p>\n\n\n\n<p>Cada transformaci\u00f3n, cada p\u00e9rdida en nuestras vidas, las separaciones, las mudanzas, los cambios de colegio, los cambios de trabajo, el fin de una amistad, la muerte de un ser querido, desencadenan procesos de duelo. Procesos que nos obligan a reelaborar el sentido de la experiencia, de la existencia y cuyo sufrimiento inherente no debe ser ignorado.&nbsp;&nbsp;<\/p>\n\n\n\n<p>Nos enfrentamos a una \u00abpandemia de salud mental\u00bb, con un<a href=\"https:\/\/www.istoedinheiro.com.br\/ansiedade-brasil-vende-123-mil-caixas-de-remedio-tarja-preta-por-dia\/\"> aumento de los casos de depresi\u00f3n y el uso de psicof\u00e1rmacos, a veces abusivos y equivocados<\/a> (son ansiol\u00edticos, antidepresivos, inductores del sue\u00f1o). El clonazepam, que en 2015 ya figuraba en la lista de los 10 medicamentos m\u00e1s vendidos en Brasil y en el primer puesto de la lista de ansiol\u00edticos m\u00e1s vendidos, tuvo un salto de cerca del 22% en sus ventas durante la pandemia.<\/p>\n\n\n\n<p><a href=\"https:\/\/latinoamerica21.com\/br\/bolsonaro-e-o-ataque-permanente-as-instituicoes-brasilei\/\">Brasil vive una compleja experiencia social colectiva en los \u00faltimos a\u00f1os<\/a>: neoliberalizaci\u00f3n de las relaciones sociales, exacerbaci\u00f3n de las responsabilidades individuales, crisis econ\u00f3micas, sumadas a una experiencia de resentimiento y odio colectivo catalizada por las disputas pol\u00edticas; la pandemia del Covid-19 y el desencadenamiento de sentimientos de impotencia, dependencia, desamparo, las<a href=\"https:\/\/latinoamerica21.com\/br\/vamos-falar-sobre-os-orfaos-da-covid-19\/\"> muertes y sus hu\u00e9rfanos invisibilizados<\/a>.&nbsp;<\/p>\n\n\n\n<p><a href=\"https:\/\/saudeamanha.fiocruz.br\/wp-content\/uploads\/2021\/05\/NADANOVSKY-e-SANTOS-2021-Mortes-Causas-Externas-Brasil-previsoes-proximas-duas-decadas-Fiocruz-Saude-Amanha-TD056.pdf\">Estamos enfermos<\/a>. Las diversas formas de sufrimiento, las enfermedades mentales -depresi\u00f3n- y el aumento de los casos de suicidio son s\u00edntomas que nunca deben descuidarse.<\/p>\n","protected":false},"excerpt":{"rendered":"<p>Los casos de suicidio no se deben s\u00f3lo a un impulso individual, las enfermedades mentales se construyen tambi\u00e9n en relaci\u00f3n con la sociedad, con el cuerpo colectivo que reconoce o no su malestar y sus s\u00edntomas.<\/p>\n","protected":false},"author":166,"featured_media":12290,"comment_status":"closed","ping_status":"closed","sticky":false,"template":"","format":"standard","meta":{"_acf_changed":false,"episode_type":"","audio_file":"","cover_image":"","cover_image_id":"","duration":"","filesize":"","filesize_raw":"","date_recorded":"","explicit":"","block":"","itunes_episode_number":"","itunes_title":"","itunes_season_number":"","itunes_episode_type":"","footnotes":""},"categories":[16547,16547,16487,16487],"tags":[],"gps":[],"class_list":{"0":"post-12282","1":"post","2":"type-post","3":"status-publish","4":"format-standard","5":"has-post-thumbnail","7":"category-salud","9":"category-brasil"},"acf":[],"_links":{"self":[{"href":"https:\/\/latinoamerica21.com\/es\/wp-json\/wp\/v2\/posts\/12282","targetHints":{"allow":["GET"]}}],"collection":[{"href":"https:\/\/latinoamerica21.com\/es\/wp-json\/wp\/v2\/posts"}],"about":[{"href":"https:\/\/latinoamerica21.com\/es\/wp-json\/wp\/v2\/types\/post"}],"author":[{"embeddable":true,"href":"https:\/\/latinoamerica21.com\/es\/wp-json\/wp\/v2\/users\/166"}],"replies":[{"embeddable":true,"href":"https:\/\/latinoamerica21.com\/es\/wp-json\/wp\/v2\/comments?post=12282"}],"version-history":[{"count":0,"href":"https:\/\/latinoamerica21.com\/es\/wp-json\/wp\/v2\/posts\/12282\/revisions"}],"wp:featuredmedia":[{"embeddable":true,"href":"https:\/\/latinoamerica21.com\/es\/wp-json\/wp\/v2\/media\/12290"}],"wp:attachment":[{"href":"https:\/\/latinoamerica21.com\/es\/wp-json\/wp\/v2\/media?parent=12282"}],"wp:term":[{"taxonomy":"category","embeddable":true,"href":"https:\/\/latinoamerica21.com\/es\/wp-json\/wp\/v2\/categories?post=12282"},{"taxonomy":"post_tag","embeddable":true,"href":"https:\/\/latinoamerica21.com\/es\/wp-json\/wp\/v2\/tags?post=12282"},{"taxonomy":"gps","embeddable":true,"href":"https:\/\/latinoamerica21.com\/es\/wp-json\/wp\/v2\/gps?post=12282"}],"curies":[{"name":"wp","href":"https:\/\/api.w.org\/{rel}","templated":true}]}}