{"id":12369,"date":"2022-09-20T09:00:00","date_gmt":"2022-09-20T12:00:00","guid":{"rendered":"https:\/\/latinoamerica21.com\/?p=12369"},"modified":"2023-03-12T01:30:24","modified_gmt":"2023-03-12T04:30:24","slug":"que-pasa-con-los-derechos-politicos-y-electorales-de-las-personas-trans","status":"publish","type":"post","link":"https:\/\/latinoamerica21.com\/es\/que-pasa-con-los-derechos-politicos-y-electorales-de-las-personas-trans\/","title":{"rendered":"\u00bfQu\u00e9 pasa con los derechos pol\u00edticos y electorales de las personas Trans?"},"content":{"rendered":"\n<p><strong><em>Coautora Luisa Rebeca Garza L\u00f3pez<\/em><\/strong><\/p>\n\n\n\n<p>Hoy en d\u00eda las democracias no se pueden explicar desde marcos de comprensi\u00f3n estrechos, aunque se pretendan \u201cuniversalistas\u201d. Esto ocurre en las sociedades latinoamericanas donde se conectan de forma compleja ideolog\u00edas hegem\u00f3nicas como las cisg\u00e9nero, heterosexual, capacitista, mis\u00f3gina y racistas, entre otras que <a href=\"https:\/\/latinoamerica21.com\/es\/el-lento-reconocimiento-de-los-derechos-lgbt-en-america-latina\/\">dejan fuera a poblaciones marginalizadas hist\u00f3ricamente del <em>demos<\/em> como las personas trans<\/a>*. Esta \u00faltima denominaci\u00f3n con asterisco significa personas transexuales, travestis, transg\u00e9nero, no binarias de pueblos originarios y emergentes.<\/p>\n\n\n\n<p>Por lo tanto, la demanda de contar con democracias verdaderamente incluyentes es una urgencia que se sostiene en la narrativa de los derechos humanos. La desafecci\u00f3n a esta problem\u00e1tica es un menoscabo grave a dichos derechos, pero sobre todo a la dignidad de estas personas.<\/p>\n\n\n\n<p>Bajo este contexto, recientemente diversas organizaciones y activistas independientes trans, as\u00ed como organizaciones y personas aliadas presentaron el <a href=\"https:\/\/www.betweenlgbt.com.mx\/2022\/08\/31\/lanzamiento-del-observatorio-latinoamericano-y-del-caribe-de-los-derechos-politicos-y-electorales-de-las-personas-trans\/\">Observatorio Latinoamericano y del Caribe de derechos pol\u00edticos y electorales de las personas Trans<\/a>*.&nbsp;Este Observatorio surge del reconocimiento de la existencia de un contexto hostil para que las personas trans puedan ejercer sus derechos pol\u00edticos y electorales, y enfatiza la necesidad de que los Estados garanticen el derecho a las personas trans de ejercer su voto dentro de espacios dignos y seguros.<\/p>\n\n\n\n<p>En la regi\u00f3n, algunos de los principales obst\u00e1culos que se han identificado durante cada una de las etapas de los procesos electorales, y en especial el d\u00eda de la jornada electoral, es que a las personas trans* no solo se les discrimina, segrega y violenta a trav\u00e9s de la ridiculizaci\u00f3n, miradas inc\u00f3modas, comentarios o expresiones denigrantes, preguntas invasivas o aplicaci\u00f3n de procedimientos que generan violencia en raz\u00f3n de su identidad y\/o expresi\u00f3n de g\u00e9nero no normativa, sino que adem\u00e1s se les llega a negar el derecho al voto.<\/p>\n\n\n\n<figure class=\"wp-block-embed is-type-rich is-provider-spotify wp-block-embed-spotify wp-embed-aspect-21-9 wp-has-aspect-ratio\"><div class=\"wp-block-embed__wrapper\">\n<iframe title=\"Spotify Embed: Los derechos pol\u00edticos de las personas trans* en Am\u00e9rica Latina\" style=\"border-radius: 12px\" width=\"100%\" height=\"152\" frameborder=\"0\" allowfullscreen allow=\"autoplay; clipboard-write; encrypted-media; fullscreen; picture-in-picture\" loading=\"lazy\" src=\"https:\/\/open.spotify.com\/embed\/episode\/2HZ4ovZF3Ocdmq5glei6GU?si=v_SW6ZJKR7m6si_RkdueQA&#038;utm_source=oembed\"><\/iframe>\n<\/div><\/figure>\n\n\n\n<p>Adem\u00e1s de aportar soluciones para este problema, el <a href=\"https:\/\/www.betweenlgbt.com.mx\/2022\/08\/31\/lanzamiento-del-observatorio-latinoamericano-y-del-caribe-de-los-derechos-politicos-y-electorales-de-las-personas-trans\/\">Observatorio Latinoamericano y del Caribe de derechos pol\u00edticos y electorales de las personas Trans<\/a>* emerge, tambi\u00e9n, con el fin de reparar una deuda hist\u00f3rica que ha invisibilizado a las poblaciones trans de la recuperaci\u00f3n de una memoria hist\u00f3rica. En especial la violencia pol\u00edtica en raz\u00f3n de g\u00e9nero y los discursos de odio motivados por prejuicios y estigmas en torno a la identidad de g\u00e9nero. El reconocimiento de dichas realidades se suma a situaciones de aletargamiento pol\u00edtico-administrativo y jur\u00eddico para aprobar leyes o reformar c\u00f3digos civiles en torno a la identidad de g\u00e9nero que reconozcan y garanticen este derecho humano.<\/p>\n\n\n\n<p>El Observatorio fue convocado y coordinado por la Misi\u00f3n de Observaci\u00f3n Electoral, MOE; la Fundaci\u00f3n Grupo de Acci\u00f3n &amp; Apoyo a Personas Trans, GAAT; y Caribe Afirmativo (todas de Colombia) a inicios de 2021 y participaron integrantes trans o alianzas de diferentes pa\u00edses de la regi\u00f3n como Panam\u00e1, Nicaragua, Venezuela, Per\u00fa, Ecuador, Honduras, Rep\u00fablica Dominicana, Bolivia, Chile, y la Universidad de Guanajuato de M\u00e9xico.<\/p>\n\n\n\n<p>El Observatorio es resultado de 15 meses de trabajo colectivo durante la pandemia por Covid-2019 y se presenta como una estructura plural y colaborativa liderada por organizaciones y activistas trans*, con el apoyo de activistas independientes y aliades, que recopila, procesa y difunde informaci\u00f3n actualizada para contribuir al seguimiento y promoci\u00f3n de los derechos pol\u00edticos y electorales de personas trans* en Am\u00e9rica Latina y el Caribe.<\/p>\n\n\n\n<p>El objetivo del Observatorio es garantizar los derechos pol\u00edticos y electorales de las personas Trans* en la regi\u00f3n por medio de tres objetivos espec\u00edficos. En primer lugar, monitorear los mecanismos que garantizan y obstaculizan la participaci\u00f3n pol\u00edtica de estas personas, en especial la violencia pol\u00edtica en raz\u00f3n de g\u00e9nero y los discursos de odio. En segundo lugar, generar conocimientos a trav\u00e9s de la recopilaci\u00f3n de evidencias sobre el estado de los derechos pol\u00edticos y electorales de las personas Trans. Y, por \u00faltimo, promover la adopci\u00f3n e implementaci\u00f3n de protocolos o medidas de inclusi\u00f3n para garantizar sus derechos pol\u00edticos y electorales.<\/p>\n\n\n\n<p>Una de las primeras acciones del Observatorio fue la presentaci\u00f3n de las \u201c<a href=\"https:\/\/www.moe.org.co\/medidas-para-garantizar-el-derecho-al-voto-de-las-personas-trans-en-los-paises-de-america-latina-y-el-caribe\/\">Medidas para garantizar el derecho al voto de las personas trans en los pa\u00edses de Am\u00e9rica Latina y el Caribe<\/a>\u201d que contiene diferentes recomendaciones&nbsp;dirigidas a las autoridades electorales, a los representantes p\u00fablicos competentes que trabajan el d\u00eda electoral, a l\u00edderes de partidos pol\u00edticos, a quienes hacen observaci\u00f3n electoral y a las instituciones de la Fuerza de Seguridad.&nbsp;<\/p>\n\n\n\n<p>Los antecedentes de este proceso est\u00e1n en la aprobaci\u00f3n del \u201cProtocolo para promover medidas que garanticen el derecho al voto de las personas trans (transg\u00e9nero, transexuales y travestis) en igualdad de condiciones y libre de discriminaci\u00f3n\u201d en Colombia en el 2020, que a su vez, tiene como base el \u201cProtocolo para garantizar las medidas tendientes a garantizar a las personas trans el ejercicio del voto en igualdad de condiciones y sin discriminaci\u00f3n en todos los tipos de elecci\u00f3n y mecanismos de participaci\u00f3n ciudadana\u201d de M\u00e9xico, aprobado en 2017.<\/p>\n\n\n\n<p>Es importante se\u00f1alar que hasta hoy s\u00f3lo cuatro pa\u00edses de la regi\u00f3n cuentan con un protocolo para asegurar el voto de las personas trans: M\u00e9xico, Colombia, Chile y Per\u00fa. De estos cuatro pa\u00edses solamente M\u00e9xico no tiene ley de identidad de g\u00e9nero a nivel nacional. No obstante, la rectificaci\u00f3n de documentos legales de conformidad al sexo de las personas no resulta un procedimiento sencillo en los pa\u00edses en que existe esta ley, pues el tr\u00e1mite del cambio de nombre es costoso y muchas veces el personal de las instituciones desconoce el derecho a la rectificaci\u00f3n de la identidad de g\u00e9nero.<\/p>\n\n\n\n<p>El lanzamiento del Observatorio es una buena noticia para la regi\u00f3n. Los procesos de consolidaci\u00f3n de las democracias latinoamericanas tienen como exigencia el reconocimiento del ejercicio pleno de las ciudadan\u00edas trans*. De esta manera se comienza a reparar la deuda con estas poblaciones que hist\u00f3ricamente han sido excluidas del di\u00e1logo colectivo y de las decisiones p\u00fablicas.<\/p>\n\n\n\n<p><em><sub>Luisa Rebeca Garza L\u00f3pez es<\/sub><\/em><strong><sub> <\/sub><\/strong><em><sub>funcionaria electoral especializada en la promoci\u00f3n de la educaci\u00f3n c\u00edvica y la cultura democr\u00e1tica con perspectiva de g\u00e9nero e interseccionalidad. Encargada del Despacho de la Direcci\u00f3n de Educaci\u00f3n C\u00edvica y Participaci\u00f3n Ciudadana del Instituto Estatal Electoral del Estado de Oaxaca (IEEPCO), M\u00e9xico.<\/sub><\/em><\/p>\n","protected":false},"excerpt":{"rendered":"<p>Los procesos de consolidaci\u00f3n de las democracias latinoamericanas tienen como exigencia el reconocimiento del ejercicio pleno de las ciudadan\u00edas trans<\/p>\n","protected":false},"author":313,"featured_media":12370,"comment_status":"closed","ping_status":"closed","sticky":false,"template":"","format":"standard","meta":{"_acf_changed":false,"episode_type":"","audio_file":"","cover_image":"","cover_image_id":"","duration":"","filesize":"","filesize_raw":"","date_recorded":"","explicit":"","block":"","itunes_episode_number":"","itunes_title":"","itunes_season_number":"","itunes_episode_type":"","footnotes":""},"categories":[16599],"tags":[],"gps":[],"class_list":{"0":"post-12369","1":"post","2":"type-post","3":"status-publish","4":"format-standard","5":"has-post-thumbnail","7":"category-internet-es"},"acf":[],"_links":{"self":[{"href":"https:\/\/latinoamerica21.com\/es\/wp-json\/wp\/v2\/posts\/12369","targetHints":{"allow":["GET"]}}],"collection":[{"href":"https:\/\/latinoamerica21.com\/es\/wp-json\/wp\/v2\/posts"}],"about":[{"href":"https:\/\/latinoamerica21.com\/es\/wp-json\/wp\/v2\/types\/post"}],"author":[{"embeddable":true,"href":"https:\/\/latinoamerica21.com\/es\/wp-json\/wp\/v2\/users\/313"}],"replies":[{"embeddable":true,"href":"https:\/\/latinoamerica21.com\/es\/wp-json\/wp\/v2\/comments?post=12369"}],"version-history":[{"count":0,"href":"https:\/\/latinoamerica21.com\/es\/wp-json\/wp\/v2\/posts\/12369\/revisions"}],"wp:featuredmedia":[{"embeddable":true,"href":"https:\/\/latinoamerica21.com\/es\/wp-json\/wp\/v2\/media\/12370"}],"wp:attachment":[{"href":"https:\/\/latinoamerica21.com\/es\/wp-json\/wp\/v2\/media?parent=12369"}],"wp:term":[{"taxonomy":"category","embeddable":true,"href":"https:\/\/latinoamerica21.com\/es\/wp-json\/wp\/v2\/categories?post=12369"},{"taxonomy":"post_tag","embeddable":true,"href":"https:\/\/latinoamerica21.com\/es\/wp-json\/wp\/v2\/tags?post=12369"},{"taxonomy":"gps","embeddable":true,"href":"https:\/\/latinoamerica21.com\/es\/wp-json\/wp\/v2\/gps?post=12369"}],"curies":[{"name":"wp","href":"https:\/\/api.w.org\/{rel}","templated":true}]}}