{"id":12504,"date":"2022-10-02T05:00:00","date_gmt":"2022-10-02T08:00:00","guid":{"rendered":"https:\/\/latinoamerica21.com\/?p=12504"},"modified":"2023-10-24T07:42:15","modified_gmt":"2023-10-24T10:42:15","slug":"la-inminente-derrota-de-bolsonaro","status":"publish","type":"post","link":"https:\/\/latinoamerica21.com\/es\/la-inminente-derrota-de-bolsonaro\/","title":{"rendered":"La inminente derrota de Bolsonaro"},"content":{"rendered":"\n<p>El proceso electoral brasile\u00f1o podr\u00eda llegar a su fin en la primera vuelta de este domingo con <a href=\"https:\/\/es.statista.com\/grafico\/28352\/intencion-de-voto-en-las-elecciones-presidenciales-de-brasil\/\" target=\"_blank\" rel=\"noreferrer noopener\">una probable derrota de Jair Bolsonaro<\/a>. En este contexto, hay que estar alerta por posibles situaciones imprevisibles que puedan afectar los resultados de la elecci\u00f3n.<\/p>\n\n\n\n<p>Seg\u00fan el comportamiento pol\u00edtico, el elector decide su voto con base en diferentes est\u00edmulos, como la afinidad ideol\u00f3gica que es parte de la socializaci\u00f3n pol\u00edtica. Otros electores hacen proyecciones con base en la viabilidad de las promesas de los candidatos, mientras que otros tienden a evaluar la gesti\u00f3n del Gobierno.<\/p>\n\n\n\n<p>A lo largo del gobierno de Bolsonaro se materializ\u00f3 una visi\u00f3n arcaica, proveniente del campo militar y con inclinaciones autoritarias. Se trata de una visi\u00f3n influenciada por el pensador alem\u00e1n Carl Schmitt, en la que la pol\u00edtica se basa en la diferencia entre amigo-enemigo, aquel que es distinto y que debe ser combatido y rechazado. En este caso, los comunistas.<\/p>\n\n\n\n<p>A esa visi\u00f3n de naturaleza binaria, confluyen grupos ultraliberales y grupos religiosos conservadores que diferencian a los buenos de los malos; donde los malos son todos aquellos que desean \u201cdestruir\u201d una visi\u00f3n b\u00edblica de la familia, con la \u201cideolog\u00eda de g\u00e9nero\u201d o una educaci\u00f3n sexual que desmonta su visi\u00f3n id\u00edlica, desconectada de la realidad.<\/p>\n\n\n\n<p>Sobre esos t\u00e9rminos, Bolsonaro dividi\u00f3 el pa\u00eds. Su agenda ideol\u00f3gica no se tradujo en bienestar para los brasile\u00f1os, su discurso fue una apolog\u00eda a la violencia que bien pod\u00eda afectar desde la autoestima de los grupos m\u00e1s desfavorecidos del pa\u00eds hasta la violencia directa hacia estos. As\u00ed, el retroceso de pol\u00edticas de combate al racismo y la violencia contra la mujer empoder\u00f3 a sujetos que se han considerado hist\u00f3ricamente con poder y pueden actuar de forma impune por su condici\u00f3n social, de g\u00e9nero o de raza. Con Bolsonaro, se actu\u00f3 deliberadamente desde el Gobierno para desarticular cualquier acci\u00f3n que protegiese estos segmentos.<\/p>\n\n\n\n<p>Puede que la gesti\u00f3n de la pandemia de la COVID-19 haya sido el inicio de la debacle del bolsonarismo. Si bien es dif\u00edcil calcular el n\u00famero de vidas que se perdieron por la visi\u00f3n negacionista de Bolsonaro, lo cierto es que este intent\u00f3 impedir la producci\u00f3n de vacunas. As\u00ed, ante la absoluta indiferencia frente a cientos de miles de muertos, el Gobierno continu\u00f3, de forma sistem\u00e1tica y deliberada, incentivando el contagio por medio de la ausencia de prevenci\u00f3n.<\/p>\n\n\n\n<p>La mayor evidencia de desarticulaci\u00f3n en el \u00e1mbito estatal fue la desprotecci\u00f3n a los pueblos ind\u00edgenas y las pol\u00edticas del medio ambiente. Le sigui\u00f3 la deliberada ausencia de fiscalizaci\u00f3n a la deforestaci\u00f3n y a la tala ilegal de madera, el incentivo a la explotaci\u00f3n ilegal de oro que multiplic\u00f3 la contaminaci\u00f3n de los r\u00edos, la liberalizaci\u00f3n del uso de pesticidas prohibidos en muchos pa\u00edses y el incentivo a la invasi\u00f3n de tierras ind\u00edgenas para vincularlas a la agroexportaci\u00f3n.<\/p>\n\n\n\n<p>La gesti\u00f3n econ\u00f3mica es otro aspecto que tiene una repercusi\u00f3n negativa en el apoyo al presidente. La reforma de la previdencia aprobada en el primer a\u00f1o del Gobierno afect\u00f3 a todos, pero, en especial, a las clases medias. Por otro lado, el consumo se vio afectado debido a la desvalorizaci\u00f3n de la moneda y a una alta inflaci\u00f3n que convirti\u00f3 a Brasil en el cuarto pa\u00eds con el mayor \u00edndice inflacionario entre las principales econom\u00edas del mundo.<\/p>\n\n\n\n<p>El mal manejo de la pol\u00edtica de combustibles elev\u00f3 durante varios meses el precio de las cestas b\u00e1sicas. En Brasil, m\u00e1s de 125 millones de personas tienen alguna vulnerabilidad en lo referente a seguridad alimentaria. En ese contexto, Bolsonaro debi\u00f3 proveer recursos para la sobrevivencia de los segmentos m\u00e1s vulnerables, y la tentativa de utilizar su propia derrota como un triunfo pol\u00edtico no le favoreci\u00f3 en el apoyo electoral.<\/p>\n\n\n\n<p>Otras variables como el debilitamiento del antipetismo tambi\u00e9n le han jugado en contra. La condena del exjuez Sergio Moro (asumi\u00f3 como ministro de Bolsonaro tras condenar a Luiz In\u00e1cio Lula da Silva e impedirle que fuera candidato a la presidencia en 2018) por el Supremo Tribunal Federal al dictaminar que las decisiones del exjuez fueron parcializadas, fue uno de los acontecimientos m\u00e1s impactantes. Esto le devolvi\u00f3 al expresidente Lula la condici\u00f3n de inocencia.<\/p>\n\n\n\n<p>En los dos \u00faltimos meses, la credibilidad del presidente tambi\u00e9n perdi\u00f3 fuerza tras desvelarse una antigua y larga trama de corrupci\u00f3n que involucra a la familia con la compra de 101 inmuebles. La mitad de estas casas y departamentos fue obtenida con dinero en efectivo, lo que puso en duda el origen del dinero y una evidente intencionalidad de evadir la fiscalizaci\u00f3n.<\/p>\n\n\n\n<p>Este contexto explica la tendencia hacia una derrota del presidente Bolsonaro. Ya sea en la primera o en la segunda vuelta. De hecho, ante este previsible resultado, <a href=\"https:\/\/latinoamerica21.com\/es\/el-todo-o-nada-de-bolsonaro-para-seguir-en-la-presidencia\/\" target=\"_blank\" rel=\"noreferrer noopener\">hace meses que Bolsonaro activ\u00f3 el discurso del \u201cfraude\u201d<\/a> que busca desconocer el proceso electoral. A esa idea se vincula la frustraci\u00f3n de los electores de extrema derecha que vienen desplegando aleatoriamente la violencia (inclusive con la muerte de adversarios) en varios puntos del pa\u00eds.<\/p>\n\n\n\n<p>Frente a esta situaci\u00f3n, y dada la frustraci\u00f3n e inclinaci\u00f3n autoritaria de Bolsonaro, hay que tener en cuenta la posibilidad de acciones deliberadas de la extrema derecha para afectar los resultados tras la elecci\u00f3n. Brasil y su democracia se enfrentan a un gran desaf\u00edo.<\/p>\n","protected":false},"excerpt":{"rendered":"<p>El proceso electoral brasile\u00f1o podr\u00eda llegar a su fin en la primera vuelta de este domingo con una derrota del presidente.<\/p>\n","protected":false},"author":207,"featured_media":12502,"comment_status":"closed","ping_status":"closed","sticky":false,"template":"","format":"standard","meta":{"_acf_changed":false,"episode_type":"","audio_file":"","cover_image":"","cover_image_id":"","duration":"","filesize":"","filesize_raw":"","date_recorded":"","explicit":"","block":"","itunes_episode_number":"","itunes_title":"","itunes_season_number":"","itunes_episode_type":"","footnotes":""},"categories":[16471,16471,16502,16502,16487,16487],"tags":[14126],"gps":[],"class_list":{"0":"post-12504","1":"post","2":"type-post","3":"status-publish","4":"format-standard","5":"has-post-thumbnail","7":"category-elecciones","9":"category-jair-bolsonaro","11":"category-brasil","13":"tag-debates-br-es"},"acf":[],"_links":{"self":[{"href":"https:\/\/latinoamerica21.com\/es\/wp-json\/wp\/v2\/posts\/12504","targetHints":{"allow":["GET"]}}],"collection":[{"href":"https:\/\/latinoamerica21.com\/es\/wp-json\/wp\/v2\/posts"}],"about":[{"href":"https:\/\/latinoamerica21.com\/es\/wp-json\/wp\/v2\/types\/post"}],"author":[{"embeddable":true,"href":"https:\/\/latinoamerica21.com\/es\/wp-json\/wp\/v2\/users\/207"}],"replies":[{"embeddable":true,"href":"https:\/\/latinoamerica21.com\/es\/wp-json\/wp\/v2\/comments?post=12504"}],"version-history":[{"count":0,"href":"https:\/\/latinoamerica21.com\/es\/wp-json\/wp\/v2\/posts\/12504\/revisions"}],"wp:featuredmedia":[{"embeddable":true,"href":"https:\/\/latinoamerica21.com\/es\/wp-json\/wp\/v2\/media\/12502"}],"wp:attachment":[{"href":"https:\/\/latinoamerica21.com\/es\/wp-json\/wp\/v2\/media?parent=12504"}],"wp:term":[{"taxonomy":"category","embeddable":true,"href":"https:\/\/latinoamerica21.com\/es\/wp-json\/wp\/v2\/categories?post=12504"},{"taxonomy":"post_tag","embeddable":true,"href":"https:\/\/latinoamerica21.com\/es\/wp-json\/wp\/v2\/tags?post=12504"},{"taxonomy":"gps","embeddable":true,"href":"https:\/\/latinoamerica21.com\/es\/wp-json\/wp\/v2\/gps?post=12504"}],"curies":[{"name":"wp","href":"https:\/\/api.w.org\/{rel}","templated":true}]}}