{"id":12696,"date":"2022-10-17T09:00:00","date_gmt":"2022-10-17T12:00:00","guid":{"rendered":"https:\/\/latinoamerica21.com\/?p=12696"},"modified":"2022-10-19T06:27:41","modified_gmt":"2022-10-19T09:27:41","slug":"las-elecciones-brasilenas-y-america-latina-discontinuidad-y-descontento","status":"publish","type":"post","link":"https:\/\/latinoamerica21.com\/es\/las-elecciones-brasilenas-y-america-latina-discontinuidad-y-descontento\/","title":{"rendered":"Las elecciones brasile\u00f1as y Am\u00e9rica Latina: discontinuidad y descontento"},"content":{"rendered":"\n<p>Los resultados de la primera vuelta de las elecciones brasile\u00f1as son un fiel reflejo de lo que est\u00e1 sucediendo a nivel pol\u00edtico en Latinoam\u00e9rica: la aparici\u00f3n y consolidaci\u00f3n de nuevos actores en la arena pol\u00edtica, que sustituyen a los que tienen un perfil m\u00e1s tradicional. Un fen\u00f3meno que se expande por la regi\u00f3n y que en Brasil tampoco es una novedad.<\/p>\n\n\n\n<p>En las elecciones presidenciales de 2018 Jair Bolsonaro rompi\u00f3 con el dominio del Partido de los Trabajadores (PT) y del Partido de la Social Democracia Brasile\u00f1a (PSDB), que se disputan la presidencia en Brasil desde 1994. A pesar de ser diputado federal desde 1991, Bolsonaro siempre hab\u00eda sido un pol\u00edtico minoritario, defensor del r\u00e9gimen militar y de la tortura, y que aparec\u00eda en el escenario mayor de la pol\u00edtica brasile\u00f1a con una plataforma antisistema y reaccionaria, \u00abpara cambiar todo lo que hay\u00bb.<\/p>\n\n\n\n<p>Tras su primer per\u00edodo, con una <a href=\"https:\/\/www.opendemocracy.net\/es\/bolsonaro-crisis-politico-sanitaria-imposivel-ignorar\/\" target=\"_blank\" rel=\"noreferrer noopener\">actuaci\u00f3n catastr\u00f3fica durante la pandemia de Covid-19<\/a>, que caus\u00f3 la muerte de casi 700.000 brasile\u00f1os, Bolsonaro lleg\u00f3 a la segunda vuelta habiendo recibido m\u00e1s de 50 millones de votos el pasado 2 de octubre.<\/p>\n\n\n\n<p>En el Congreso Nacional de Brasil, entre los 10 diputados federales m\u00e1s votados del pa\u00eds, no hay ninguno del PT o del PSDB, pero s\u00ed figuras como Nikolas Ferreira, un youtuber de extrema derecha que cumplir\u00e1 su primer mandato en la C\u00e1mara habiendo recibido casi 1,5 millones de votos en Minas Gerais. Pero tambi\u00e9n est\u00e1 Guilherme Boulos, otro que se estrenar\u00e1 en el cargo habiendo recibido algo m\u00e1s de un mill\u00f3n de votos en S\u00e3o Paulo. Boulos es, de hecho, un nuevo exponente de la izquierda brasile\u00f1a, procedente de un peque\u00f1o partido que hace unos a\u00f1os s\u00f3lo recib\u00eda votos en algunos barrios liberales de R\u00edo de Janeiro (Partido Socialismo y Libertad &#8211; PSOL).<\/p>\n\n\n\n<p>Desde un punto de vista hist\u00f3rico, vemos que, entre las elecciones de 2010 y 2022, el PSOL de Guilherme Boulos creci\u00f3 un 366% en el Congreso Nacional, habiendo pasado de 3 esca\u00f1os a 14. Mientras tanto, el PSDB cay\u00f3 m\u00e1s de un 75%, pasando de 54 esca\u00f1os a s\u00f3lo 13 elegidos en las elecciones de este a\u00f1o. El Partido Liberal (PL), que Jair Bolsonaro abraz\u00f3 para el balotaje, eligi\u00f3 99 diputados, un crecimiento del 141% en relaci\u00f3n a 2010.<\/p>\n\n\n\n<p><strong>La emergencia de los outsiders en la regi\u00f3n<\/strong><\/p>\n\n\n\n<p>En la regi\u00f3n <a href=\"https:\/\/latinoamerica21.com\/es\/el-peligro-de-los-outsiders\/\" target=\"_blank\" rel=\"noreferrer noopener\">la emergencia de pol\u00edticos <em>outsiders<\/em><\/a> tambi\u00e9n est\u00e1 ampliamente difundida. La segunda vuelta de las elecciones peruanas de 2021 fue disputada por dos candidatos ajenos al establishment: Keiko Fujimori y Pedro Castillo, quien termin\u00f3 ganando sin haber sido nunca elegido para ning\u00fan otro cargo administrativo en la pol\u00edtica peruana.<\/p>\n\n\n\n<p>En Chile, tambi\u00e9n el a\u00f1o pasado dos pol\u00edticos no tradicionales se presentaron a la segunda vuelta: Gabriel Boric y Jos\u00e9 Antonio Kast. Boric, de un partido creado en 2017, gan\u00f3 con el 55% de los votos. La candidata Yasna Campillay, apoyada por el tradicional Partido Dem\u00f3crata Cristiano (PDC), el Partido por la Democracia (PPD) y el Partido Socialista (PS), s\u00f3lo obtuvo el 11% de los votos en la primera vuelta. El PDC, el PPD y el PS formaron la famosa concertaci\u00f3n, que gobern\u00f3 Chile entre 1990 y 2010.<\/p>\n\n\n\n<p>En Colombia, ya en 2022, la batalla final fue entre Gustavo Petro y Rodolfo Hern\u00e1ndez, de la peculiar Liga de Gobernantes Anticorrupci\u00f3n. Petro, llamado \u00abel primer presidente de izquierdas de la historia de Colombia\u00bb, y su vicepresidenta Francia M\u00e1rquez, activista negra, feminista y defensora del medio ambiente, ganaron con algo m\u00e1s del 50% de los votos. Y en El Salvador, el propio Nayib Bukele fue elegido presidente en 2019 rompiendo con 30 a\u00f1os de dominio de los partidos tradicionales del pa\u00eds (ARENA y FMLN).<\/p>\n\n\n\n<p><strong>El descontento de los latinoamericanos con las \u00e9lites pol\u00edticas<\/strong><\/p>\n\n\n\n<p>Una buena explicaci\u00f3n a este fen\u00f3meno es el resultado del \u00faltimo informe del Latinobar\u00f3metro 2021 que se\u00f1ala un enorme descontento de los latinoamericanos con las \u00e9lites pol\u00edticas tradicionales y los partidos obsoletos que, desde la transici\u00f3n democr\u00e1tica, han sido incapaces de hacer frente a los problemas cr\u00f3nicos de la regi\u00f3n, como la desigualdad, la corrupci\u00f3n y la violencia. En este contexto, las consecuencias para los reg\u00edmenes democr\u00e1ticos latinoamericanos son claras, con una ca\u00edda de 14% en el apoyo a la democracia medido por Latinobar\u00f3metro entre 2010 y 2020.<\/p>\n\n\n\n<p>En este marco, se pueden destacar algunos aspectos sobre los cuales es necesario reflexionar. En primer lugar, est\u00e1 claro que no basta con derrotar a las plataformas antidemocr\u00e1ticas. Tambi\u00e9n es necesario hacer que las instituciones funcionen para el pueblo (y no s\u00f3lo para las \u00e9lites). Hoy defendemos instituciones que se han mostrado incapaces de contemplar universalmente los derechos b\u00e1sicos de los ciudadanos, y lo hacemos s\u00f3lo porque no tenemos otra opci\u00f3n mejor.<\/p>\n\n\n\n<p>En segundo lugar, es importante comprender lo que muchos autores entienden como cambios en la cultura pol\u00edtica que se producen en paralelo a las transformaciones en la infraestructura de las comunicaciones. Los medios digitales, para bien o para mal, han tra\u00eddo nuevas formas de participaci\u00f3n y nuevos formatos de informaci\u00f3n pol\u00edtica, que presionan a los partidos tradicionales frente a nuevos actores m\u00e1s adaptados a la din\u00e1mica de Internet.<\/p>\n","protected":false},"excerpt":{"rendered":"<p>Los resultados de la primera vuelta en Brasil son un reflejo de lo que est\u00e1 sucediendo en Am\u00e9rica Latina: la aparici\u00f3n y consolidaci\u00f3n de nuevos actores en la arena pol\u00edtica, que sustituyen a los que tienen un perfil m\u00e1s tradicional.<\/p>\n","protected":false},"author":381,"featured_media":12697,"comment_status":"closed","ping_status":"closed","sticky":false,"template":"","format":"standard","meta":{"_acf_changed":false,"episode_type":"","audio_file":"","cover_image":"","cover_image_id":"","duration":"","filesize":"","filesize_raw":"","date_recorded":"","explicit":"","block":"","itunes_episode_number":"","itunes_title":"","itunes_season_number":"","itunes_episode_type":"","footnotes":""},"categories":[16487,16487],"tags":[],"gps":[],"class_list":{"0":"post-12696","1":"post","2":"type-post","3":"status-publish","4":"format-standard","5":"has-post-thumbnail","7":"category-brasil"},"acf":[],"_links":{"self":[{"href":"https:\/\/latinoamerica21.com\/es\/wp-json\/wp\/v2\/posts\/12696","targetHints":{"allow":["GET"]}}],"collection":[{"href":"https:\/\/latinoamerica21.com\/es\/wp-json\/wp\/v2\/posts"}],"about":[{"href":"https:\/\/latinoamerica21.com\/es\/wp-json\/wp\/v2\/types\/post"}],"author":[{"embeddable":true,"href":"https:\/\/latinoamerica21.com\/es\/wp-json\/wp\/v2\/users\/381"}],"replies":[{"embeddable":true,"href":"https:\/\/latinoamerica21.com\/es\/wp-json\/wp\/v2\/comments?post=12696"}],"version-history":[{"count":0,"href":"https:\/\/latinoamerica21.com\/es\/wp-json\/wp\/v2\/posts\/12696\/revisions"}],"wp:featuredmedia":[{"embeddable":true,"href":"https:\/\/latinoamerica21.com\/es\/wp-json\/wp\/v2\/media\/12697"}],"wp:attachment":[{"href":"https:\/\/latinoamerica21.com\/es\/wp-json\/wp\/v2\/media?parent=12696"}],"wp:term":[{"taxonomy":"category","embeddable":true,"href":"https:\/\/latinoamerica21.com\/es\/wp-json\/wp\/v2\/categories?post=12696"},{"taxonomy":"post_tag","embeddable":true,"href":"https:\/\/latinoamerica21.com\/es\/wp-json\/wp\/v2\/tags?post=12696"},{"taxonomy":"gps","embeddable":true,"href":"https:\/\/latinoamerica21.com\/es\/wp-json\/wp\/v2\/gps?post=12696"}],"curies":[{"name":"wp","href":"https:\/\/api.w.org\/{rel}","templated":true}]}}