{"id":13081,"date":"2022-11-13T05:00:00","date_gmt":"2022-11-13T08:00:00","guid":{"rendered":"https:\/\/latinoamerica21.com\/?p=13081"},"modified":"2023-10-27T09:40:18","modified_gmt":"2023-10-27T12:40:18","slug":"lula-vs-evangelicos-se-acabo-la-polarizacion","status":"publish","type":"post","link":"https:\/\/latinoamerica21.com\/es\/lula-vs-evangelicos-se-acabo-la-polarizacion\/","title":{"rendered":"Lula vs. evang\u00e9licos: \u00bfse acab\u00f3 la polarizaci\u00f3n?"},"content":{"rendered":"\n<p><strong><em>Coautor David Samuels<\/em><\/strong><\/p>\n\n\n\n<p>\u00bfQu\u00e9 esperar de la relaci\u00f3n de Luiz In\u00e1cio Lula da Silva con el movimiento evang\u00e9lico? Durante la campa\u00f1a presidencial, los l\u00edderes evang\u00e9licos alabaron a Jair Bolsonaro y demonizaron a Lula. Como ejemplo, el \u00abpastor pop\u00bb Claudio Duarte, con 7 millones de seguidores en Instagram, afirm\u00f3 que los buenos cristianos votaron por Bolsonaro. En la misma l\u00ednea, Silas Malafaia, uno de los m\u00e1s f\u00e9rreos aliados de Bolsonaro, dijo que Lula era \u00abuna verg\u00fcenza\u00bb, y Michelle Bolsonaro, el enlace entre su marido y los l\u00edderes evang\u00e9licos, dijo que Lula era \u00abel padre de la mentira\u00bb. Gracias a este estilo discursivo, muchos observadores concluyeron que no hab\u00eda esperanza de que los evang\u00e9licos hicieran las paces con Lula y el Partido de los Trabajadores (PT).<\/p>\n\n\n\n<p>Sin embargo, el reciente acercamiento entre los principales l\u00edderes evang\u00e9licos, como <a href=\"https:\/\/www.telam.com.ar\/notas\/202211\/609823-pastor-apoyo-bolsonaro-religion-brasil.html\" target=\"_blank\" rel=\"noreferrer noopener\">Edir Macedo (que ha pedido a sus fieles que indulten a Lula)<\/a>, y el gobierno elegido sugiere que el abismo entre los evang\u00e9licos y el PT no es insuperable. En primer lugar, es importante recordar que Macedo se ali\u00f3 con Lula en el pasado. Su partido (entonces, PRB, pero hoy, Republicanos) particip\u00f3 activamente en el gobierno del PT con Marcelo Crivella, su sobrino y patr\u00f3n pol\u00edtico, como ministro de Pesca.<\/p>\n\n\n\n<p>En segundo lugar, la oposici\u00f3n del electorado evang\u00e9lico a Lula nunca fue monol\u00edtica. En mayo de este a\u00f1o, Datafolha inform\u00f3 que mientras el 39% de los evang\u00e9licos apoyaba a Bolsonaro, el 36% apoyaba a Lula. Al final de la segunda ronda, despu\u00e9s de un intenso cabildeo de los l\u00edderes evang\u00e9licos dentro de las iglesias en apoyo a Bolsonaro, esta brecha creci\u00f3 y el apoyo evang\u00e9lico a Bolsonaro alcanz\u00f3 el 61%. Sin embargo, Lula cay\u00f3 solo 4 puntos y mantuvo el apoyo del 32% del electorado evang\u00e9lico. Bolsonaro ha abierto una ventaja considerable sobre Lula, pero este vertiginoso aumento del apoyo evang\u00e9lico cerca de las elecciones indica que puede ser ef\u00edmero y estar a punto de disiparse.<\/p>\n\n\n\n<p>Otra raz\u00f3n, tal vez m\u00e1s importante, para el acercamiento de los dos grupos, es la inviabilidad de mantener a las iglesias evang\u00e9licas en la oposici\u00f3n al gobierno de Lula o a cualquier gobierno. El mercado religioso brasile\u00f1o, cada vez m\u00e1s competitivo, exige que <a href=\"https:\/\/latinoamerica21.com\/es\/el-populismo-religioso-se-inserta-en-la-politica-de-america-latina\/\" target=\"_blank\" rel=\"noreferrer noopener\">los l\u00edderes evang\u00e9licos se dediquen a recaudar recursos estatales para operar y ampliarse<\/a>. En primer lugar, porque los limitados recursos de los miembros de estas iglesias no son suficientes para pagar sus obligaciones, ya que aproximadamente dos tercios de los evang\u00e9licos viven con menos de un salario m\u00ednimo. Especialmente las iglesias neopentecostales (el sector religioso de m\u00e1s r\u00e1pido crecimiento en el pa\u00eds) necesitan demostrar el logro del \u00e9xito financiero construyendo iglesias cada vez m\u00e1s suntuosas y manteniendo el opulento estilo de vida de sus pastores, dada la centralidad de la teolog\u00eda de la prosperidad en sus servicios.<\/p>\n\n\n\n<p>Como no pueden contar solo con sus fieles, los l\u00edderes evang\u00e9licos apuntan a las arcas p\u00fablicas. A trav\u00e9s de sus representantes en el Congreso, las iglesias evang\u00e9licas compiten por el acceso a los recursos estatales que pueden redistribuir entre sus seguidores para garantizar ventajas competitivas en el mercado religioso. Al fin y al cabo, uno de los principales atractivos de las iglesias evang\u00e9licas son los servicios que prestan a las poblaciones m\u00e1s vulnerables, servicios que son caros y requieren una entrada constante de recursos.<\/p>\n\n\n\n<p>Las iglesias evang\u00e9licas tambi\u00e9n tratan de influir en el contenido de numerosas pol\u00edticas p\u00fablicas, como el acceso y la regulaci\u00f3n de los medios de comunicaci\u00f3n de masas, como la televisi\u00f3n, la radio y las redes sociales; las exenciones fiscales y de impuestos sobre las propiedades, los veh\u00edculos y las actividades de la iglesia; y la regulaci\u00f3n de las pol\u00edticas educativas, como las reformas de los planes de estudio. Dada la necesidad de recursos e influencia, los l\u00edderes evang\u00e9licos tienen razones de peso para trabajar con el Gobierno y no contra \u00e9l.<\/p>\n\n\n\n<p>Por \u00faltimo, Lula necesita el apoyo de los evang\u00e9licos tanto como los evang\u00e9licos necesitan el apoyo de Lula. Tratando bien a los l\u00edderes evang\u00e9licos, Lula y el PT pueden aportar considerables beneficios al mandato y a la pr\u00f3xima elecci\u00f3n presidencial. Al fin y al cabo, aunque Bolsonaro haya cosechado el apoyo de una base amplia y difusa, carece de un partido pol\u00edtico. Sin un partido, es poco probable que pueda construir y comandar una oposici\u00f3n s\u00f3lida al gobierno de Lula.<\/p>\n\n\n\n<p>Los miembros del <em>centr\u00e3o<\/em> (conjunto de partidos pol\u00edticos sin orientaci\u00f3n ideol\u00f3gica definida que buscan cercan\u00eda con el Poder Ejecutivo para beneficiarse) tambi\u00e9n necesitan tener acceso a los recursos del Gobierno, y Lula (un l\u00edder con una popularidad y una resistencia demostradas) seguir\u00e1 siendo no solo una pieza clave, sino alguien que puede ser a\u00fan m\u00e1s popular si su mandato tiene \u00e9xito.<\/p>\n\n\n\n<p>Los pol\u00edticos brasile\u00f1os son expertos en saber hacia d\u00f3nde soplan los vientos y, ahora mismo, los vientos favorecen a Lula. En funci\u00f3n de la aparici\u00f3n de posibles crisis econ\u00f3micas y pol\u00edticas, la polarizaci\u00f3n entre el presidente electo y los evang\u00e9licos tiende a enfriarse.\u00a0\u00a0\u00a0<\/p>\n\n\n\n<p><em><sub>David Samuels es un polit\u00f3logo estadounidense y profesor de Ciencias Pol\u00edticas en la Universidad de Minnesota, EE. UU. Doctor de la Universidad de California, San Diego. Se especializa en pol\u00edtica comparada y pol\u00edtica brasile\u00f1a.<\/sub><\/em><\/p>\n","protected":false},"excerpt":{"rendered":"<p>Coautor David Samuels<br \/>\nDurante la campa\u00f1a presidencial, los l\u00edderes evang\u00e9licos alabaron a Jair Bolsonaro, pero Lula necesita el apoyo de los evang\u00e9licos tanto como los evang\u00e9licos necesitan el apoyo de Lula. <\/p>\n","protected":false},"author":387,"featured_media":13082,"comment_status":"closed","ping_status":"closed","sticky":false,"template":"","format":"standard","meta":{"_acf_changed":false,"episode_type":"","audio_file":"","cover_image":"","cover_image_id":"","duration":"","filesize":"","filesize_raw":"","date_recorded":"","explicit":"","block":"","itunes_episode_number":"","itunes_title":"","itunes_season_number":"","itunes_episode_type":"","footnotes":""},"categories":[16530,16530,16487,16487,16638,16638],"tags":[],"gps":[],"class_list":{"0":"post-13081","1":"post","2":"type-post","3":"status-publish","4":"format-standard","5":"has-post-thumbnail","7":"category-polarizacion","9":"category-brasil","11":"category-evangelicos"},"acf":[],"_links":{"self":[{"href":"https:\/\/latinoamerica21.com\/es\/wp-json\/wp\/v2\/posts\/13081","targetHints":{"allow":["GET"]}}],"collection":[{"href":"https:\/\/latinoamerica21.com\/es\/wp-json\/wp\/v2\/posts"}],"about":[{"href":"https:\/\/latinoamerica21.com\/es\/wp-json\/wp\/v2\/types\/post"}],"author":[{"embeddable":true,"href":"https:\/\/latinoamerica21.com\/es\/wp-json\/wp\/v2\/users\/387"}],"replies":[{"embeddable":true,"href":"https:\/\/latinoamerica21.com\/es\/wp-json\/wp\/v2\/comments?post=13081"}],"version-history":[{"count":0,"href":"https:\/\/latinoamerica21.com\/es\/wp-json\/wp\/v2\/posts\/13081\/revisions"}],"wp:featuredmedia":[{"embeddable":true,"href":"https:\/\/latinoamerica21.com\/es\/wp-json\/wp\/v2\/media\/13082"}],"wp:attachment":[{"href":"https:\/\/latinoamerica21.com\/es\/wp-json\/wp\/v2\/media?parent=13081"}],"wp:term":[{"taxonomy":"category","embeddable":true,"href":"https:\/\/latinoamerica21.com\/es\/wp-json\/wp\/v2\/categories?post=13081"},{"taxonomy":"post_tag","embeddable":true,"href":"https:\/\/latinoamerica21.com\/es\/wp-json\/wp\/v2\/tags?post=13081"},{"taxonomy":"gps","embeddable":true,"href":"https:\/\/latinoamerica21.com\/es\/wp-json\/wp\/v2\/gps?post=13081"}],"curies":[{"name":"wp","href":"https:\/\/api.w.org\/{rel}","templated":true}]}}