{"id":13224,"date":"2022-11-19T08:00:00","date_gmt":"2022-11-19T11:00:00","guid":{"rendered":"https:\/\/latinoamerica21.com\/?p=13224"},"modified":"2023-10-27T09:38:53","modified_gmt":"2023-10-27T12:38:53","slug":"cambio-climatico-y-desarrollo-sostenible-de-narrativas-y-altruismo","status":"publish","type":"post","link":"https:\/\/latinoamerica21.com\/es\/cambio-climatico-y-desarrollo-sostenible-de-narrativas-y-altruismo\/","title":{"rendered":"Cambio clim\u00e1tico y desarrollo sostenible: narrativa y altruismo"},"content":{"rendered":"\n<p>La humanidad atraviesa un momento cr\u00edtico, la constante irrupci\u00f3n de eventos extremos nos alerta sobre un futuro de fuerte incertidumbre. Esta situaci\u00f3n nos lleva a decidir \u201ca oscuras\u201d, sin entender de forma adecuada el contexto al que nos enfrentamos o cu\u00e1les son los efectos futuros de nuestras acciones presentes. Muchas de las medidas que adoptamos siguen una narrativa, pues esta permite prever una explicaci\u00f3n a un evento o serie de eventos. Por ejemplo, se compran acciones o bonos porque los inversores creen que los precios de los activos que adquieren no dejar\u00e1n de subir. Robert J. Shiller, premio nobel de econom\u00eda en 2013, destac\u00f3 <a href=\"https:\/\/www.youtube.com\/watch?v=yLsG4R8FFOc&amp;t=2s\" target=\"_blank\" rel=\"noreferrer noopener\">la importancia de la narrativa en la toma de decisiones econ\u00f3micas<\/a>. Ciertamente, una descripci\u00f3n puede conducirnos a decisiones err\u00f3neas, tal como destaca Shiller al explicar la exuberancia financiera. Ello no invalida el papel de la narrativa, aunque alerta contra quienes propagan mensajes providenciales.<\/p>\n\n\n\n<p>A fin de afrontar la incertidumbre, elaboramos, en definitiva, nuestras acciones alrededor de cierta narrativa referencial, aspecto que tambi\u00e9n destaca el premio nobel de econom\u00eda en 2002, Daniel Kahneman. Ante la inexistencia de certidumbre, cuando ning\u00fan modelo puede explicar el porqu\u00e9 de una situaci\u00f3n, aparece la narrativa. Sin embargo, tambi\u00e9n es cierto que coexisten relatos, muchas veces contradictorios, que se discuten en la mesa familiar, en nuestro c\u00edrculo de amigos y en \u00e1mbitos laborales o profesionales.<\/p>\n\n\n\n<p>Los economistas deber\u00edan sincerarse, reconocer las limitaciones, as\u00ed como tambi\u00e9n las fallas que plantean sus modelos. En todo momento deber\u00eda buscarse que estos [los modelos] sirvan para entender la realidad, y no tratar de ajustar a esta a los preceptos que dicta la seudoteor\u00eda. Debemos reconocer los l\u00edmites del modelo can\u00f3nico vigente y comenzar a entender los l\u00edmites del planeta al tomar decisiones.<\/p>\n\n\n\n<p>En otros \u00e1mbitos cient\u00edficos el conocimiento puede catalogarse como rotundo, aun cuando algunos hablen de historias alternativas. Esto puede observarse en materia clim\u00e1tica: existe una relaci\u00f3n directa entre los gases de efecto invernadero que se vierten a la atm\u00f3sfera (particularmente el di\u00f3xido de carbono) y el aumento de la temperatura promedio global. En el campo cient\u00edfico, el consenso resulta categ\u00f3rico. Sin embargo, la industria petrolera neg\u00f3 dicho efecto por a\u00f1os, luego trat\u00f3 de ocultar su responsabilidad y actualmente intenta demorar la transici\u00f3n con promesas tecnol\u00f3gicas.<\/p>\n\n\n\n<p>Coexisten relatos, aunque la evidencia cient\u00edfica respalda una visi\u00f3n. Ello nos obliga a recrear la narrativa clim\u00e1tica y fortalecer nuestra historia para que esta dispare el cambio. La comunicaci\u00f3n del problema resulta esencial. (Des)afortunadamente la constante y creciente ocurrencia de fen\u00f3menos que devienen cada d\u00eda m\u00e1s extremos sirven para destacar los fundamentos cient\u00edficos de nuestro relato.<\/p>\n\n\n\n<p>La presencia de incertidumbre tambi\u00e9n plantea la importancia de estrechar v\u00ednculos, la necesidad de realzar el altruismo, de fomentar la camarader\u00eda y de apostar por el beneficio com\u00fan. Tal situaci\u00f3n contradice el modelo neoliberal que muestra una visi\u00f3n estrecha del hombre como un ser ego\u00edsta y avaro: la sociedad no existe. Tal es el mensaje de M. Thatcher que a\u00fan perdura en la mente de numerosos dirigentes de nuestra regi\u00f3n y que, como lo destacan numerosos cientistas pol\u00edticos, termin\u00f3 induciendo al ascenso de la extrema derecha en diferentes rincones del mundo.<\/p>\n\n\n\n<p>Los relatos, cuando infundados, se comportan como modas. En un libro p\u00f3stumo, el antrop\u00f3logo David Graever documenta la existencia de camarader\u00eda en el per\u00edodo paleol\u00edtico superior (de 30.000 a 50.000 a\u00f1os atr\u00e1s) y destaca la existencia de cierto tipo de igualitarismo en estas sociedades. Otros autores vienen a refutar tal descubrimiento. Estos nos hablaban, por medio de sus relatos, de sociedades primitivas en las que el hombre era el lobo del hombre. La posibilidad de enfrentar la incertidumbre fue una de las primeras razones que explicaron la emergencia del altruismo, como las distintas culturas comenzaron a premiar a quienes se comportaban adecuadamente y a castigar a quienes no lo hac\u00edan. Toda sociedad, en definitiva, se distingue por la existencia de grupos de camarader\u00eda, la b\u00fasqueda del altruismo y del beneficio mutuo.<\/p>\n\n\n\n<p>Si analizamos el discurso en la regi\u00f3n, observamos la primac\u00eda del discurso <a href=\"https:\/\/latinoamerica21.com\/es\/izquierda-y-medioambiente-en-latinoamerica\/\" target=\"_blank\" rel=\"noreferrer noopener\">extractivista<\/a>, sea de tinte neoliberal o neodesarrolista; ambos niegan <a href=\"https:\/\/latinoamerica21.com\/es\/compendio-impactos-del-cambio-climatico-en-america-latina-y-el-caribe\/\" target=\"_blank\" rel=\"noreferrer noopener\">la urgencia del momento<\/a>. Ello justifica nuevos proyectos de la industria petrolera, sea en el Amazonas ecuatoriano o en las profundidades del mar Argentino. Seg\u00fan el relato oficial, por caso, desarrollar Vaca Muerta permite avanzar hacia una transici\u00f3n \u201climpia\u201d, desconociendo, sin embargo, los m\u00faltiples estudios que, desde la comunidad cient\u00edfica, alertan sobre el efecto pernicioso del metano en la atm\u00f3sfera: 80 veces m\u00e1s potente que el di\u00f3xido de carbono.<\/p>\n\n\n\n<p>Los pa\u00edses de la regi\u00f3n no son los principales responsables del efecto invernadero, pero tampoco resultan jugadores menores. Al comparar el total de emisiones acumuladas, vemos que pa\u00edses como Brasil o M\u00e9xico muestran niveles relevantes y, cuando evaluamos valores per c\u00e1pita, Argentina ocupa un lugar importante. Tambi\u00e9n habr\u00eda que analizar los sectores que se han beneficiado en Latinoam\u00e9rica, el escaso derrame que el modelo extractivo ha generado hacia los sectores m\u00e1s marginados de las sociedades. Debemos ir hacia un nuevo modelo de desarrollo y comenzar a caminar una transici\u00f3n energ\u00e9tica que beneficie a los m\u00e1s rezagados, que empodere a la sociedad.<\/p>\n\n\n\n<p>Afortunadamente, surge en la regi\u00f3n un nuevo relato, una visi\u00f3n que trasciende la (falsa) grieta. Del clamor de la poblaci\u00f3n a las tribunas pol\u00edticas, el discurso ambiental va ganando adeptos entre la clase pol\u00edtica, surgen nuevos liderazgos que conjugan el tradicional clamor por la justicia social de la izquierda democr\u00e1tica con el respeto a la biodiversidad y el reconocimiento de los l\u00edmites del planeta. Valga si no el discurso del presidente colombiano Gustavo Petro en las Naciones Unidas, el cual plantea un parteaguas en la pol\u00edtica regional. Pero tambi\u00e9n puede rescatarse la presencia de Marina Silva, junto a Lula, al festejar el triunfo de la coalici\u00f3n antifascista en Brasil el pasado 30 de octubre.<\/p>\n\n\n\n<p>Se requieren nuevas narrativas, tanto como avanzar con pol\u00edticas que privilegien el bien com\u00fan. Atravesamos un momento de emergencia, dado que el tiempo para limitar el aumento de temperatura promedio en 1,5 \u00b0C se est\u00e1 acabando. En un reportaje reciente, el destacado cient\u00edfico Johan Rockstr\u00f6m destacaba la relevancia de utilizar dicha palabra: emergencia. Con ella se denota la presencia de un riesgo no manejable, cuya resoluci\u00f3n requiere m\u00e1s tiempo del que se posee. Si no actuamos, y pronto, hacia fines de siglo, la temperatura promedio aumentar\u00e1 en 2,8 \u00b0C. Nos dirigimos a la cat\u00e1strofe, tal es el mensaje de Ant\u00f3nio Guterres que algunos l\u00edderes pol\u00edticos prefieren no o\u00edr.<\/p>\n","protected":false},"excerpt":{"rendered":"<p>En materia clim\u00e1tica, a pesar de que el conocimiento cient\u00edfico es rotundo, algunos insisten con narrativas alternativas.<\/p>\n","protected":false},"author":213,"featured_media":13225,"comment_status":"closed","ping_status":"closed","sticky":false,"template":"","format":"standard","meta":{"_acf_changed":false,"episode_type":"","audio_file":"","cover_image":"","cover_image_id":"","duration":"","filesize":"","filesize_raw":"","date_recorded":"","explicit":"","block":"","itunes_episode_number":"","itunes_title":"","itunes_season_number":"","itunes_episode_type":"","footnotes":""},"categories":[16627,16627,16580,16580,16510,16510],"tags":[],"gps":[],"class_list":{"0":"post-13224","1":"post","2":"type-post","3":"status-publish","4":"format-standard","5":"has-post-thumbnail","7":"category-sostenibilidad","9":"category-cambio-climatico","11":"category-desarrollo"},"acf":[],"_links":{"self":[{"href":"https:\/\/latinoamerica21.com\/es\/wp-json\/wp\/v2\/posts\/13224","targetHints":{"allow":["GET"]}}],"collection":[{"href":"https:\/\/latinoamerica21.com\/es\/wp-json\/wp\/v2\/posts"}],"about":[{"href":"https:\/\/latinoamerica21.com\/es\/wp-json\/wp\/v2\/types\/post"}],"author":[{"embeddable":true,"href":"https:\/\/latinoamerica21.com\/es\/wp-json\/wp\/v2\/users\/213"}],"replies":[{"embeddable":true,"href":"https:\/\/latinoamerica21.com\/es\/wp-json\/wp\/v2\/comments?post=13224"}],"version-history":[{"count":0,"href":"https:\/\/latinoamerica21.com\/es\/wp-json\/wp\/v2\/posts\/13224\/revisions"}],"wp:featuredmedia":[{"embeddable":true,"href":"https:\/\/latinoamerica21.com\/es\/wp-json\/wp\/v2\/media\/13225"}],"wp:attachment":[{"href":"https:\/\/latinoamerica21.com\/es\/wp-json\/wp\/v2\/media?parent=13224"}],"wp:term":[{"taxonomy":"category","embeddable":true,"href":"https:\/\/latinoamerica21.com\/es\/wp-json\/wp\/v2\/categories?post=13224"},{"taxonomy":"post_tag","embeddable":true,"href":"https:\/\/latinoamerica21.com\/es\/wp-json\/wp\/v2\/tags?post=13224"},{"taxonomy":"gps","embeddable":true,"href":"https:\/\/latinoamerica21.com\/es\/wp-json\/wp\/v2\/gps?post=13224"}],"curies":[{"name":"wp","href":"https:\/\/api.w.org\/{rel}","templated":true}]}}