{"id":13370,"date":"2022-11-30T06:00:00","date_gmt":"2022-11-30T09:00:00","guid":{"rendered":"https:\/\/latinoamerica21.com\/?p=13370"},"modified":"2023-10-27T09:35:49","modified_gmt":"2023-10-27T12:35:49","slug":"cuba-y-canada-sol-y-playa-en-medio-de-una-brutal-dictadura-caribena","status":"publish","type":"post","link":"https:\/\/latinoamerica21.com\/es\/cuba-y-canada-sol-y-playa-en-medio-de-una-brutal-dictadura-caribena\/","title":{"rendered":"Cuba y Canad\u00e1: sol y playa en medio de una brutal dictadura caribe\u00f1a"},"content":{"rendered":"\n<p>Cuba, el pa\u00eds del hemisferio occidental con la dictadura m\u00e1s larga, es para la mayor\u00eda de los canadienses un para\u00edso caribe\u00f1o de sol y playas. Antes de la pandemia, m\u00e1s de un mill\u00f3n de turistas canadienses visitaron<a href=\"https:\/\/www.statista.com\/statistics\/915657\/number-visitors-canada-cuba\/#:~:text=The%20number%20of%20arrivals%20by,over%20410%20thousand%20in%202020.\"> la isla en 2019<\/a>. La realidad es muy diferente para la gran mayor\u00eda de cubanos. Son v\u00edctimas de violaciones de sus derechos humanos, viven en pobreza y, cuando salen a protestar pidiendo libertad, son duramente reprimidos. Seg\u00fan<a href=\"https:\/\/www.amnesty.org\/es\/location\/americas\/central-america-and-the-caribbean\/cuba\/\"> Amnist\u00eda Internacional<\/a>, las autoridades cubanas han arrestado a cientos de personas durante las protestas de julio de 2021. La dictadura sigue sometiendo a periodistas independientes y activistas por los derechos humanos a arresto domiciliario y sigue persiguiendo a disidentes por expresar sus cr\u00edticas al gobierno.<\/p>\n\n\n\n<p>El r\u00e9gimen cubano ha jugado y todav\u00eda juega <a href=\"https:\/\/latinoamerica21.com\/es\/cuba-el-excepcionalismo-democratico-y-la-selectividad-del-pensamiento-critico\/\" target=\"_blank\" rel=\"noreferrer noopener\">un papel disruptivo en la geopol\u00edtica de las Am\u00e9ricas <\/a>desde que Fidel Castro tomara el poder a finales de 1958. Primero, en el contexto de la Guerra Fr\u00eda como aliado de los sovi\u00e9ticos para expandir la revoluci\u00f3n en Latinoam\u00e9rica, como lo mostraron las tr\u00e1gicas intervenciones en la guerrilla venezolana en los a\u00f1os 60, el fracaso del Che Guevara en Bolivia y la influencia sobre el socialista Salvador Allende en Chile.<\/p>\n\n\n\n<p>Segundo, m\u00e1s recientemente en el apoyo que el gobierno cubano ha dado a los reg\u00edmenes autoritarios en Venezuela y Nicaragua. Un reporte reciente de la<a href=\"https:\/\/www.ohchr.org\/es\/hr-bodies\/hrc\/ffmv\/report-ffmv-september2022\"> Misi\u00f3n Independiente de las Naciones Unidas<\/a> para comprobar las violaciones de derechos humanos por parte de gobierno de Nicol\u00e1s Maduro, determin\u00f3 que agentes del estado cubano instruyeron, ofrecieron consultor\u00eda e incluso participaron en actividades de inteligencia y contrainteligencia en Venezuela, actividades que incluyeron la persecuci\u00f3n, arresto y tortura de opositores civiles y militares por parte de la Direcci\u00f3n General de Contrainteligencia Militar (DGCIM).<\/p>\n\n\n\n<p>La Misi\u00f3n de la ONU indic\u00f3 en el mismo reporte que existen evidencias de cr\u00edmenes y violaciones que podr\u00edan ser catalogados de cr\u00edmenes contra la humanidad, lo que incluye graves acciones de tortura cometidos por personas de varios estratos jer\u00e1rquicos en la misma DGCIM y la \u201cpolic\u00eda pol\u00edtica\u201d conocida como SEBIN.<\/p>\n\n\n\n<p>En tercer lugar, el r\u00e9gimen cubano es un aliado cercano de Ir\u00e1n, Rusia y China en el hemisferio, repitiendo por diversas plataformas la propaganda y desinformaci\u00f3n de estos gobiernos autoritarios en las Am\u00e9ricas a trav\u00e9s de su canal de televisi\u00f3n Cubavisi\u00f3n Internacional, su agencia de noticias Prensa Latina y una red de periodistas, acad\u00e9micos y comentaristas adoctrinados y ciegos ante las evidencias de abusos y mentiras de los comunistas caribe\u00f1os. El analista pol\u00edtico Armando Chaguaceda ha calificado esta desproporcionada influencia de la dictadura cubana en el mundo como resultado de la complicidad de una \u201c<a href=\"https:\/\/diariodecuba.com\/cuba\/1656330222_40500.html\">hegemon\u00eda progresista<\/a>\u201d.<\/p>\n\n\n\n<p><strong>Ambig\u00fcedad canadiense&nbsp;&nbsp;&nbsp;<\/strong><\/p>\n\n\n\n<p>Los gobiernos canadienses (tanto liberales como conservadores) han mantenido una pol\u00edtica que se puede calificar de ambigua, y en muchas ocasiones de contradictoria, con respecto al r\u00e9gimen cubano. Motivados por hacer las cosas de forma diferente a los Estados Unidos, Canad\u00e1 ha mantenido relaciones diplom\u00e1ticas y comerciales con Cuba, promoviendo el turismo y los negocios, con algunas declaraciones por aqu\u00ed y por all\u00e1 denunciado las violaciones de derechos humanos en la isla.&nbsp;<\/p>\n\n\n\n<p>Podr\u00eda preguntarse al gobierno canadienses: \u00bfc\u00f3mo un pa\u00eds que se dice defensor de los derechos humanos y las libertades en el mundo hace tan poco o nada para ayudar a los cubanos a lograr una transici\u00f3n a la democracia? La pregunta adquiere particular importancia cuando los propios cubanos salieron a manifestar en varias ciudades de Cuba bajo el lema \u00abPatria y Vida\u201d y han sufrido persecuciones y abusos por pedir libertad y democracia.<\/p>\n\n\n\n<p>La abogado canadiense y miembro del <em>Macdonald-Laurier Institute<\/em> (MLI) Sarah Teich, introdujo hace poco una petici\u00f3n en<em> Global Affairs Canada<\/em> (el ministerio de relaciones exteriores canadiense) en nombre de las organizaciones pro-democracia Democratic Spaces y Cuba Decide, en la que solicita que se apliquen sanciones a funcionarios cubanos implicados en las recientes violaciones de derechos humanos. Estas medidas puntuales, muy distintas al embargo comercial de los Estados Unidos, servir\u00e1 para congelar activos y cuentas de funcionarios que hayan cometido abusos contra los derechos de los cubanos, y estos recursos podr\u00edan servir para compensar a las v\u00edctimas.\u00a0\u00a0\u00a0\u00a0<\/p>\n\n\n\n<p>En una reciente visita a Ottawa, la capital canadiense, Rosa Mar\u00eda Pay\u00e1, fundadora de la iniciativa<a href=\"https:\/\/cubadecide.org\/\"> Cuba Decide<\/a> e hija del activista pro democracia Oswaldo Pay\u00e1, aparentemente asesinado por el r\u00e9gimen de Castro en opacas circunstancias en 2012, expres\u00f3 su esperanza de que el gobierno de Canad\u00e1 cambie su posici\u00f3n con respecto a la dictadura cubana. En un panel celebrado en el MLI, un exconsejero de seguridad del gobierno canadiense le plante\u00f3 a Pay\u00e1 que ser\u00eda mejor cambiar de \u201cgancho\u201d y hablar de reformas dentro del mismo r\u00e9gimen cubano y no de \u201ccambio de r\u00e9gimen\u201d. La joven activista cubana respondi\u00f3: \u201c\u00bfPor qu\u00e9 los cubanos debemos tener menos derecho a elegir libremente nuestro gobierno en comicios multipartidistas y con garant\u00edas democr\u00e1ticas que los canadienses? Somos tambi\u00e9n humanos y tenemos los mismos derechos que todos los seres humanos\u201d.<\/p>\n\n\n\n<p>El a\u00f1o pasado, en medio de las protestas en Cuba, un grupo de cubano-canadienses introdujeron una petici\u00f3n en el<a href=\"https:\/\/petitions.ourcommons.ca\/en\/Petition\/Details?Petition=e-3274\"> parlamento de Canad\u00e1<\/a> solicit\u00e1ndole que hiciera un llamado al r\u00e9gimen cubano para la liberaci\u00f3n inmediata e incondicional de todas las personas detenidas y encarceladas solo por ejercer su derecho a la libre expresi\u00f3n y la reuni\u00f3n pac\u00edfica. La respuesta de la ministra de Relaciones Exteriores canadiense, adem\u00e1s de repetir las declaraciones del gobierno de Trudeau sobre los abusos cometidos por el gobierno cubano, enfatiz\u00f3 la narrativa castrista: \u201cCanad\u00e1 tambi\u00e9n comprende que el embargo de los EE.UU. tiene impacto negativo en las condiciones de vida del pueblo cubano y en los canadienses que hacen leg\u00edtimo comercio e inversiones en Cuba\u2026 M\u00e1s aun, Canad\u00e1 ha votado consistentemente a favor de la resoluci\u00f3n anual de Cuba en la Asamblea General de la ONU llamando por el fin del embargo de los EE. UU\u201d.&nbsp;<\/p>\n\n\n\n<p>Esta es una declaraci\u00f3n vergonzosa de un gobierno democr\u00e1tico que dice respetar las libertades y los derechos de las personas. Cuba merece algo mejor del gobierno de Canad\u00e1.<\/p>\n\n\n\n<hr class=\"wp-block-separator has-alpha-channel-opacity\"\/>\n\n\n\n<p class=\"has-text-align-right\"><strong><em>Episodio relacionado de nuestro&nbsp;<\/em><\/strong><a href=\"https:\/\/latinoamerica21.com\/podcast\/\"><strong><em>podcast<\/em><\/strong><\/a><strong>:<\/strong><\/p>\n\n\n\n<figure class=\"wp-block-embed is-type-rich is-provider-spotify wp-block-embed-spotify wp-embed-aspect-21-9 wp-has-aspect-ratio\"><div class=\"wp-block-embed__wrapper\">\n<iframe title=\"Spotify Embed: Or\u00edgenes y alcances de las protestas en Cuba\" style=\"border-radius: 12px\" width=\"100%\" height=\"152\" frameborder=\"0\" allowfullscreen allow=\"autoplay; clipboard-write; encrypted-media; fullscreen; picture-in-picture\" loading=\"lazy\" src=\"https:\/\/open.spotify.com\/embed\/episode\/1ulq9zd9ABHis3r6jtLSX8?utm_source=oembed\"><\/iframe>\n<\/div><\/figure>\n","protected":false},"excerpt":{"rendered":"<p>Los gobiernos canadienses (tanto liberales como conservadores) han mantenido una pol\u00edtica que se puede calificar de ambigua, y en muchas ocasiones de contradictoria, con respecto al r\u00e9gimen cubano.<\/p>\n","protected":false},"author":263,"featured_media":13371,"comment_status":"closed","ping_status":"closed","sticky":false,"template":"","format":"standard","meta":{"_acf_changed":false,"episode_type":"","audio_file":"","cover_image":"","cover_image_id":"","duration":"","filesize":"","filesize_raw":"","date_recorded":"","explicit":"","block":"","itunes_episode_number":"","itunes_title":"","itunes_season_number":"","itunes_episode_type":"","footnotes":""},"categories":[16640,16641,16581,16581,16640],"tags":[14126],"gps":[],"class_list":{"0":"post-13370","1":"post","2":"type-post","3":"status-publish","4":"format-standard","5":"has-post-thumbnail","7":"category-turismo","8":"category-canada","9":"category-cuba-es","12":"tag-debates-br-es"},"acf":[],"_links":{"self":[{"href":"https:\/\/latinoamerica21.com\/es\/wp-json\/wp\/v2\/posts\/13370","targetHints":{"allow":["GET"]}}],"collection":[{"href":"https:\/\/latinoamerica21.com\/es\/wp-json\/wp\/v2\/posts"}],"about":[{"href":"https:\/\/latinoamerica21.com\/es\/wp-json\/wp\/v2\/types\/post"}],"author":[{"embeddable":true,"href":"https:\/\/latinoamerica21.com\/es\/wp-json\/wp\/v2\/users\/263"}],"replies":[{"embeddable":true,"href":"https:\/\/latinoamerica21.com\/es\/wp-json\/wp\/v2\/comments?post=13370"}],"version-history":[{"count":0,"href":"https:\/\/latinoamerica21.com\/es\/wp-json\/wp\/v2\/posts\/13370\/revisions"}],"wp:featuredmedia":[{"embeddable":true,"href":"https:\/\/latinoamerica21.com\/es\/wp-json\/wp\/v2\/media\/13371"}],"wp:attachment":[{"href":"https:\/\/latinoamerica21.com\/es\/wp-json\/wp\/v2\/media?parent=13370"}],"wp:term":[{"taxonomy":"category","embeddable":true,"href":"https:\/\/latinoamerica21.com\/es\/wp-json\/wp\/v2\/categories?post=13370"},{"taxonomy":"post_tag","embeddable":true,"href":"https:\/\/latinoamerica21.com\/es\/wp-json\/wp\/v2\/tags?post=13370"},{"taxonomy":"gps","embeddable":true,"href":"https:\/\/latinoamerica21.com\/es\/wp-json\/wp\/v2\/gps?post=13370"}],"curies":[{"name":"wp","href":"https:\/\/api.w.org\/{rel}","templated":true}]}}