{"id":13418,"date":"2022-12-02T08:00:00","date_gmt":"2022-12-02T11:00:00","guid":{"rendered":"https:\/\/latinoamerica21.com\/?p=13418"},"modified":"2023-10-27T09:35:20","modified_gmt":"2023-10-27T12:35:20","slug":"los-desafios-de-la-politica-paraguaya-con-respecto-a-las-elecciones-de-2023","status":"publish","type":"post","link":"https:\/\/latinoamerica21.com\/es\/los-desafios-de-la-politica-paraguaya-con-respecto-a-las-elecciones-de-2023\/","title":{"rendered":"Los desaf\u00edos de la pol\u00edtica paraguaya con respecto a las elecciones de 2023"},"content":{"rendered":"\n<p>El pr\u00f3ximo 18 de diciembre se realizan en Paraguay las elecciones internas simult\u00e1neas de las agrupaciones pol\u00edticas que disputar\u00e1n las elecciones generales en abril del 2023. Estos comicios se llevan a cabo en medio de un complejo escenario de reformas sustanciales al sistema electoral, la reciente elecci\u00f3n de dos nuevos ministros del Tribunal Superior de Justicia Electoral (TSJE) y el aumento de la influencia del crimen organizado en el financiamiento de la pol\u00edtica.<\/p>\n\n\n\n<p>Debido a los altos niveles de afiliaci\u00f3n partidaria concentrada (m\u00e1s del 70% del padr\u00f3n electoral) en los dos partidos tradicionales, el Colorado y el Liberal Radical Aut\u00e9ntico, los \u00edndices de competitividad y movilizaci\u00f3n electoral en las internas de estos son elevados. Por ello, los resultados, en muchos casos, son un adelanto de lo que ocurrir\u00e1 en las elecciones generales.<\/p>\n\n\n\n<p><strong>Desaf\u00edos al proceso electoral<\/strong><\/p>\n\n\n\n<p>En junio pasado, el Senado de la naci\u00f3n eligi\u00f3 como nuevos ministros del TSJE a los doctores Jorge Bogar\u00edn Gonz\u00e1lez y C\u00e9sar Rossel, el primero, independiente; el segundo, perteneciente a los registros del Partido Liberal Radical Aut\u00e9ntico. Estos ministros se integraron al Tribunal acompa\u00f1ando al doctor Jaime Bestard, del Partido Colorado, en la conducci\u00f3n del \u00f3rgano comicial. En medio de este proceso de reorganizaci\u00f3n institucional de dicho \u00f3rgano se har\u00e1n las internas.<\/p>\n\n\n\n<p>La figura de la Concertaci\u00f3n, el desbloqueo de listas cerradas y el uso de m\u00e1quinas electr\u00f3nicas de votaci\u00f3n, aprobadas estas dos \u00faltimas medidas por la ley N.\u00b0 6318\/19, hacen de esta cita electoral de diciembre pr\u00f3ximo un evento hist\u00f3rico. Si bien el desbloqueo y las m\u00e1quinas de votaci\u00f3n ya fueron implementadas en las pasadas elecciones municipales, ser\u00e1n utilizadas por primera vez en unas internas simult\u00e1neas para elecciones generales. Por otro lado, los partidos y movimientos pol\u00edticos de oposici\u00f3n se al\u00edan en torno a la figura de la concertaci\u00f3n, habiendo sido hist\u00f3ricamente usada la alianza como plataforma electoral, lo cual implica menos requerimientos formales para los partidos que la integran.<\/p>\n\n\n\n<p><strong>Actores centrales en competencia<\/strong><\/p>\n\n\n\n<p>La <strong>Concertaci\u00f3n Nacional \u00abPara un Nuevo Paraguay\u00bb<\/strong> est\u00e1 conformada por 23 partidos y 2 movimientos pol\u00edticos de oposici\u00f3n. La presidencia de la agrupaci\u00f3n pol\u00edtica est\u00e1 a cargo de Esperanza Mart\u00ednez, del Frente Guas\u00fa, quien fue ministra de Salud en el gobierno de Fernando Lugo y actualmente es senadora nacional. La tendencia ideol\u00f3gica de la Concertaci\u00f3n es heterog\u00e9nea y abarca la mayor parte del espectro del eje izquierda-derecha.<\/p>\n\n\n\n<p>En cuanto a las candidaturas para el Congreso (senadores y diputados), cada partido presenta sus listas para competir entre s\u00ed y emplean exclusivamente sus padrones partidarios. A escala regional, algunos partidos y movimientos recurrieron a la figura de la alianza y acordaron integrar sus listas finales con candidatos de distintos partidos. Este complejo entramado genera confusi\u00f3n en sectores del electorado que manifiestan desconocimiento sobre c\u00f3mo deber\u00e1n votar ese d\u00eda.<\/p>\n\n\n\n<p>De cara a las elecciones, el<strong> Partido Colorado<\/strong> se mantiene como actor protag\u00f3nico de la pol\u00edtica nacional. Su membres\u00eda partidaria es de<a href=\"https:\/\/www.anr.org.py\/anr-vuelve-a-habilitar-su-padron-con-2-616-424-afiliados-que-pueden-votar\/\"> m\u00e1s de dos millones y medio de personas afiliadas y habilitadas para votar<\/a> en las internas del 18 de diciembre, lo que supone casi la mitad del padr\u00f3n. Son 73.000 precandidaturas a cargos electivos y partidarios que estar\u00e1n en disputa.&nbsp;&nbsp;<\/p>\n\n\n\n<p>Para la Presidencia y vicepresidencia de la rep\u00fablica, hay dos precandidaturas que disputan con chances reales: el movimiento Fuerza Republicana, af\u00edn al presidente Mario Abdo Ben\u00edtez, que postula a Arnoldo Wiens para el cargo de presidente, y el movimiento del expresidente Horacio Cartes (2013-2018), Honor Colorado, que postula a Santiago Pe\u00f1a, actual presidente del partido y diputado nacional.<\/p>\n\n\n\n<p>Este partido escoger\u00e1, adem\u00e1s, a sus autoridades internas en la misma elecci\u00f3n. As\u00ed, la presidencia de la organizaci\u00f3n pol\u00edtica la disputar\u00e1 el expresidente Cartes contra Abdo Ben\u00edtez.<\/p>\n\n\n\n<p><strong>Incidentes del contexto prelectoral<\/strong><\/p>\n\n\n\n<p>M\u00e1s all\u00e1 de los cambios que complejizan la elecci\u00f3n, el contexto pol\u00edtico nacional se vio convulsionado entre julio y agosto por el se\u00f1alamiento por parte del Gobierno de Estados Unidos al<a href=\"https:\/\/www.state.gov\/designation-of-former-paraguayan-president-horacio-manuel-cartes-jara-for-involvement-in-significant-corruption\/\"> expresidente Cartes como \u00absignificativamente corrupto\u00bb<\/a>, debido a un presunto lavado de activos y a una conexi\u00f3n con organizaciones terroristas. Posteriormente, tambi\u00e9n fue se\u00f1alado el actual vicepresidente, Hugo Vel\u00e1zquez, por presunto soborno para obstruir una investigaci\u00f3n sobre lavado de activos.<\/p>\n\n\n\n<p>El impacto inmediato fue la renuncia de Vel\u00e1zquez a la precandidatura presidencial que llevaba adelante hasta ese momento y contaba con el apoyo del oficialismo. Esto \u00faltimo desestructur\u00f3 el proyecto pol\u00edtico y oblig\u00f3 al entorno del presidente Abdo a reemplazar la candidatura en medio del ya avanzado proceso comicial.<\/p>\n\n\n\n<p>Por otro lado, en septiembre un<a href=\"https:\/\/www.idea.int\/es\/news-media\/news\/es\/contexto-electoral-internas-partidarias-en-paraguay\"> incendio en uno de los dep\u00f3sitos<\/a> del local del TSJE destruy\u00f3 nada menos que unas 7.500 m\u00e1quinas de votaci\u00f3n y equipos tecnol\u00f3gicos del sistema de Transmisi\u00f3n de Resultados Electorales Preliminares (TREP). El hecho ocurri\u00f3 a 45 d\u00edas de las elecciones internas partidarias.<\/p>\n\n\n\n<p><strong>Desaf\u00edos y oportunidades<\/strong><\/p>\n\n\n\n<p>Las internas ser\u00e1n realizadas en un entorno desafiante para los partidos pol\u00edticos y el TSJE. La implementaci\u00f3n del desbloqueo ha acelerado notoriamente el aumento de costos de las campa\u00f1as y es una oportunidad para el financiamiento ilegal de la pol\u00edtica, lo que desaf\u00eda, a su vez, a los organismos p\u00fablicos de control.<\/p>\n\n\n\n<p>La destrucci\u00f3n de m\u00e1quinas de votaci\u00f3n que son irremplazables obliga a una reestructuraci\u00f3n de locales y mesas de votaci\u00f3n, al igual que recarga el n\u00famero de electores por mesas y ampl\u00eda el horario de votaci\u00f3n hasta las 19 horas (7:00 p. m.).<\/p>\n\n\n\n<p>A esto debe sumarse la propia complejidad de la irrupci\u00f3n de la Concertaci\u00f3n como figura electoral y el uso del padr\u00f3n nacional para las candidaturas al Ejecutivo y de padrones partidarios para candidaturas a \u00f3rganos plurinominales en las internas de la Concertaci\u00f3n.<\/p>\n\n\n\n<hr class=\"wp-block-separator has-alpha-channel-opacity\"\/>\n\n\n\n<p class=\"has-text-align-right\"><strong><em>Episodio relacionado de nuestro\u00a0<\/em><\/strong><a href=\"https:\/\/latinoamerica21.com\/podcast\/\"><strong><em>podcast<\/em><\/strong><\/a><strong>:<\/strong><\/p>\n\n\n\n<figure class=\"wp-block-embed is-type-rich is-provider-spotify wp-block-embed-spotify wp-embed-aspect-21-9 wp-has-aspect-ratio\"><div class=\"wp-block-embed__wrapper\">\n<iframe title=\"Spotify Embed: La integridad electoral en Am\u00e9rica Latina\" style=\"border-radius: 12px\" width=\"100%\" height=\"152\" frameborder=\"0\" allowfullscreen allow=\"autoplay; clipboard-write; encrypted-media; fullscreen; picture-in-picture\" loading=\"lazy\" src=\"https:\/\/open.spotify.com\/embed\/episode\/7bGxfvAiRJdhbIz6pwyuMn?utm_source=oembed\"><\/iframe>\n<\/div><\/figure>\n","protected":false},"excerpt":{"rendered":"<p>Las pr\u00f3ximas elecciones internas se desarrollar\u00e1n en un contexto complejo para los partidos pol\u00edticos y el Tribunal Superior de Justicia Electoral.<\/p>\n","protected":false},"author":122,"featured_media":13419,"comment_status":"closed","ping_status":"closed","sticky":false,"template":"","format":"standard","meta":{"_acf_changed":false,"episode_type":"","audio_file":"","cover_image":"","cover_image_id":"","duration":"","filesize":"","filesize_raw":"","date_recorded":"","explicit":"","block":"","itunes_episode_number":"","itunes_title":"","itunes_season_number":"","itunes_episode_type":"","footnotes":""},"categories":[16818,16468,16471,16920,16729,16588],"tags":[15635],"gps":[],"class_list":{"0":"post-13418","1":"post","2":"type-post","3":"status-publish","4":"format-standard","5":"has-post-thumbnail","7":"category-elecciones-en","8":"category-politica","9":"category-elecciones","10":"category-paraguay-es-en","11":"category-politica-en","12":"category-paraguay-es","13":"tag-debates"},"acf":[],"_links":{"self":[{"href":"https:\/\/latinoamerica21.com\/es\/wp-json\/wp\/v2\/posts\/13418","targetHints":{"allow":["GET"]}}],"collection":[{"href":"https:\/\/latinoamerica21.com\/es\/wp-json\/wp\/v2\/posts"}],"about":[{"href":"https:\/\/latinoamerica21.com\/es\/wp-json\/wp\/v2\/types\/post"}],"author":[{"embeddable":true,"href":"https:\/\/latinoamerica21.com\/es\/wp-json\/wp\/v2\/users\/122"}],"replies":[{"embeddable":true,"href":"https:\/\/latinoamerica21.com\/es\/wp-json\/wp\/v2\/comments?post=13418"}],"version-history":[{"count":0,"href":"https:\/\/latinoamerica21.com\/es\/wp-json\/wp\/v2\/posts\/13418\/revisions"}],"wp:featuredmedia":[{"embeddable":true,"href":"https:\/\/latinoamerica21.com\/es\/wp-json\/wp\/v2\/media\/13419"}],"wp:attachment":[{"href":"https:\/\/latinoamerica21.com\/es\/wp-json\/wp\/v2\/media?parent=13418"}],"wp:term":[{"taxonomy":"category","embeddable":true,"href":"https:\/\/latinoamerica21.com\/es\/wp-json\/wp\/v2\/categories?post=13418"},{"taxonomy":"post_tag","embeddable":true,"href":"https:\/\/latinoamerica21.com\/es\/wp-json\/wp\/v2\/tags?post=13418"},{"taxonomy":"gps","embeddable":true,"href":"https:\/\/latinoamerica21.com\/es\/wp-json\/wp\/v2\/gps?post=13418"}],"curies":[{"name":"wp","href":"https:\/\/api.w.org\/{rel}","templated":true}]}}