{"id":13616,"date":"2022-12-05T08:00:00","date_gmt":"2022-12-05T11:00:00","guid":{"rendered":"https:\/\/latinoamerica21.com\/?p=13616"},"modified":"2023-10-27T09:34:09","modified_gmt":"2023-10-27T12:34:09","slug":"el-agujero-negro-del-ecuador","status":"publish","type":"post","link":"https:\/\/latinoamerica21.com\/es\/el-agujero-negro-del-ecuador\/","title":{"rendered":"El \u201cagujero negro\u201d del Ecuador"},"content":{"rendered":"\n<p>Todas las provincias tropicales del Ecuador (Esmeraldas, Guayas y Santo Domingo de los Ts\u00e1chilas) est\u00e1n en estado de excepci\u00f3n desde hace un mes. Pero <a href=\"https:\/\/latinoamerica21.com\/es\/crisis-carcelaria-y-narco-violencia-en-ecuador\/\" target=\"_blank\" rel=\"noreferrer noopener\">el terror no para<\/a>. Recientemente se produjo un tiroteo en el barrio Pascuales, en Guayaquil, entre miembros de la Polic\u00eda Nacional y pandilleros de la banda de Los Tiguerones, agrupaci\u00f3n que suscribi\u00f3 un acuerdo de cese al fuego y paz con otras cinco organizaciones criminales, todas vinculadas al c\u00e1rtel Jalisco Nueva Generaci\u00f3n, uno de los grandes c\u00e1rteles mexicanos. Este incidente se suma al fallecimiento de Leandro Norero, integrante de otra organizaci\u00f3n criminal ecuatoriana, los \u00d1etas, quien era el v\u00ednculo con el c\u00e1rtel mexicano y fue vocero de las bandas narcocriminales con el gobierno de Rafael Correa durante las negociaciones de paz en 2009. \u00bfQu\u00e9 mensajes env\u00edan estas escaramuzas a la institucionalidad del Ecuador?<\/p>\n\n\n\n<p>La investigadora de la Universidad Pedag\u00f3gica Estatal de Berdiansk en Ucrania, Tamara Makarenko, afirma en \u201c<a href=\"https:\/\/www.tandfonline.com\/doi\/abs\/10.1080\/1744057042000297025?journalCode=fglc20\">The Crime-Terror Continuum: Tracing the Interplay between Transnational Organised Crime and Terrorism<\/a>\u201d, que hay un \u201cagujero negro\u201d en la institucionalidad de los pa\u00edses. Se trata de una rendija a trav\u00e9s de la cual se meten los terroristas para instalar, dentro de la democracia, un Estado criminal.<\/p>\n\n\n\n<p>Desde el final de la Guerra Fr\u00eda, el crimen organizado se ha convertido cada vez m\u00e1s en la principal fuente de ingresos de los grupos terroristas en todo el mundo. Makarenko asegura que ese enlace se produce en el uso directo del crimen como fuente de financiamiento, pero que hay otras fuentes de acumulaci\u00f3n de poder igualmente importantes en las alianzas para la provisi\u00f3n de servicios entre mafias.<\/p>\n\n\n\n<p>El mecanismo de la alianza es la primera y principal forma de dividir y especializar la fuerza laboral entre el crimen organizado y el terrorismo. Los grupos criminales forman alianzas con organizaciones, y los grupos terroristas buscan alianzas con organizaciones criminales. Por ejemplo, las FARC, mientras estuvieron movilizadas hasta 2016, y en la actualidad, cuando un grupo de disidentes reclama su herencia, han tejido una extensa red de contactos regionales entre los principales partidos y organizaciones criminales fuera de Colombia, incluyendo a los grupos narcotraficantes mexicanos, a menudo asociados con Joaqu\u00edn \u201cel Chapo\u201d Guzm\u00e1n.<\/p>\n\n\n\n<p>Se han establecido relaciones similares con bandas criminales rusas que introducen armas de contrabando en Colombia a trav\u00e9s de Viktor Bout, ahora condenado en Estados Unidos por tr\u00e1fico de armas. Como resultado, alianzas relativamente simples, basadas en la provisi\u00f3n de servicios espec\u00edficos, han evolucionado hacia relaciones m\u00e1s complejas entre grupos criminales y terroristas.<\/p>\n\n\n\n<p>Sin embargo, a pesar de la existencia de alianzas entre el crimen organizado y los grupos terroristas, estos grupos intentan, cada vez m\u00e1s, cortar estos v\u00ednculos. A medida que avanzaba la d\u00e9cada de los noventa, se hizo evidente que los grupos criminales y terroristas buscaban modificar sus propias estructuras y organizaciones para asumir m\u00e1s papeles pol\u00edticos, en lugar de mantener sus alianzas.<\/p>\n\n\n\n<p>Seg\u00fan Makarenko, los grupos criminales que utilizan el terrorismo como herramienta de operaciones y los grupos terroristas que realizan actividades delictivas como herramienta operativa son la ecuaci\u00f3n en la cadena crimen-terror. Aunque el uso de t\u00e1cticas terroristas se remonta a la historia del crimen organizado, la participaci\u00f3n de terroristas en el crimen organizado para lucrar operaciones futuras no fue un problema importante hasta principios de la d\u00e9cada de los noventa.<\/p>\n\n\n\n<p>El per\u00edodo de posguerra fr\u00eda agrav\u00f3 la situaci\u00f3n y oblig\u00f3 a muchos criminales y terroristas a cambiar su enfoque. Como resultado, los grupos criminales participan cada vez m\u00e1s en actividades pol\u00edticas, intentando manipular las condiciones operativas de Estados cada vez m\u00e1s d\u00e9biles, por lo que su objetivo es que los pa\u00edses sigan siendo d\u00e9biles, tengan polic\u00edas o jueces corruptos y sociedades que vivan en constante sensaci\u00f3n de temor.<\/p>\n\n\n\n<p>La misi\u00f3n de las organizaciones narcoterroristas transnacionales es infiltrarse en los partidos pol\u00edticos y en los medios de comunicaci\u00f3n, reclutar candidatos, financiar sus campa\u00f1as.Y una vez en el poder, negocian acuerdos de paz para disolver las estructuras democr\u00e1ticas de control.<\/p>\n\n\n\n<p>A principios del siglo XXI, cada vez m\u00e1s grupos avanzaron hacia organizaciones criminales y terroristas al mismo tiempo. La mafia albanesa presente en la costa occidental sudamericana es un grupo mixto, ya que sus actividades muestran una estrecha conexi\u00f3n entre lo pol\u00edtico y lo criminal. La f\u00f3rmula para la convergencia del crimen y la pol\u00edtica es que los grupos criminales y terroristas albaneses parecen tener membres\u00edas intercambiables y una base de reclutamiento de operadores, proveedores y abogados.<\/p>\n\n\n\n<p>En este contexto, es probable que la mafia albanesa se haya infiltrado en todas las estructuras institucionales de Ecuador. Hay ejemplos en otras partes con similar orden de funcionamiento, por ejemplo, Abu Sayyaf, tambi\u00e9n conocido como Al Harakat al Islamia, que es un movimiento secesionista y yihadista con sede en el sur de Filipinas, o el Movimiento Isl\u00e1mico de Uzbekist\u00e1n, un grupo islamista radical formado para derrocar al r\u00e9gimen presidencial y establecer un Estado isl\u00e1mico bajo la ley isl\u00e1mica; y las disidencias de las FARC, una organizaci\u00f3n terrorista de extrema izquierda. Todas estas organizaciones est\u00e1n involucradas en el tr\u00e1fico de drogas, secuestros extorsivos, tr\u00e1fico de armas y actividades relacionadas con el terrorismo criminal para influir en la pol\u00edtica de sus pa\u00edses.<\/p>\n\n\n\n<p>Como explica Makarenko, los Estados d\u00e9biles o fallidos facilitan la convergencia del crimen organizado transnacional y el terrorismo y, en \u00faltima instancia, brindan refugio al grupo convergente. Muchos grupos han evolucionado de guerras originadas por motivos ideol\u00f3gicos o religiosos a guerras por intereses criminales, las cuales son apoyadas por t\u00e1cticas terroristas. Adem\u00e1s, las organizaciones criminales de motivaci\u00f3n pol\u00edtica o grupos terroristas comerciales mantienen su existencia, y sus actividades contribuyen a la inestabilidad nacional o regional.<\/p>\n\n\n\n<p>El resultado de esto ha sido un aumento del crimen organizado internacional y grupos terroristas de redes internacionales, en particular Al Qaeda. Como secuela, seg\u00fan Makarenko, el crimen organizado internacional y el terrorismo amenazan hoy directamente a la seguridad del Estado nacional, quiz\u00e1s por primera vez en la historia.<\/p>\n\n\n\n<p>Por ello, cada cargamento de droga incautado en Ecuador tiene una reacci\u00f3n violenta en las calles ecuatorianas, que es perpetrada por el grupo narcocriminal perjudicado.<\/p>\n","protected":false},"excerpt":{"rendered":"<p>Desde el final de la Guerra Fr\u00eda, el crimen organizado se ha convertido cada vez m\u00e1s en la principal fuente de ingresos de los grupos terroristas en todo el mundo.<\/p>\n","protected":false},"author":392,"featured_media":13617,"comment_status":"closed","ping_status":"closed","sticky":false,"template":"","format":"standard","meta":{"_acf_changed":false,"episode_type":"","audio_file":"","cover_image":"","cover_image_id":"","duration":"","filesize":"","filesize_raw":"","date_recorded":"","explicit":"","block":"","itunes_episode_number":"","itunes_title":"","itunes_season_number":"","itunes_episode_type":"","footnotes":""},"categories":[16562,16562,16475,16475,16491,16491],"tags":[14126],"gps":[],"class_list":{"0":"post-13616","1":"post","2":"type-post","3":"status-publish","4":"format-standard","5":"has-post-thumbnail","7":"category-terrorismo","9":"category-ecuador","11":"category-crimen-organizado","13":"tag-debates-br-es"},"acf":[],"_links":{"self":[{"href":"https:\/\/latinoamerica21.com\/es\/wp-json\/wp\/v2\/posts\/13616","targetHints":{"allow":["GET"]}}],"collection":[{"href":"https:\/\/latinoamerica21.com\/es\/wp-json\/wp\/v2\/posts"}],"about":[{"href":"https:\/\/latinoamerica21.com\/es\/wp-json\/wp\/v2\/types\/post"}],"author":[{"embeddable":true,"href":"https:\/\/latinoamerica21.com\/es\/wp-json\/wp\/v2\/users\/392"}],"replies":[{"embeddable":true,"href":"https:\/\/latinoamerica21.com\/es\/wp-json\/wp\/v2\/comments?post=13616"}],"version-history":[{"count":0,"href":"https:\/\/latinoamerica21.com\/es\/wp-json\/wp\/v2\/posts\/13616\/revisions"}],"wp:featuredmedia":[{"embeddable":true,"href":"https:\/\/latinoamerica21.com\/es\/wp-json\/wp\/v2\/media\/13617"}],"wp:attachment":[{"href":"https:\/\/latinoamerica21.com\/es\/wp-json\/wp\/v2\/media?parent=13616"}],"wp:term":[{"taxonomy":"category","embeddable":true,"href":"https:\/\/latinoamerica21.com\/es\/wp-json\/wp\/v2\/categories?post=13616"},{"taxonomy":"post_tag","embeddable":true,"href":"https:\/\/latinoamerica21.com\/es\/wp-json\/wp\/v2\/tags?post=13616"},{"taxonomy":"gps","embeddable":true,"href":"https:\/\/latinoamerica21.com\/es\/wp-json\/wp\/v2\/gps?post=13616"}],"curies":[{"name":"wp","href":"https:\/\/api.w.org\/{rel}","templated":true}]}}