{"id":13867,"date":"2022-12-14T15:00:00","date_gmt":"2022-12-14T18:00:00","guid":{"rendered":"https:\/\/latinoamerica21.com\/?p=13867"},"modified":"2023-10-27T09:30:02","modified_gmt":"2023-10-27T12:30:02","slug":"fracaso-el-golpe-peru-sigue-inestable","status":"publish","type":"post","link":"https:\/\/latinoamerica21.com\/es\/fracaso-el-golpe-peru-sigue-inestable\/","title":{"rendered":"Fracas\u00f3 el golpe, Per\u00fa sigue inestable"},"content":{"rendered":"\n<p>El intento de golpe del mi\u00e9rcoles 7 de diciembre dur\u00f3 dos horas. La huida de Pedro Castillo hacia la Embajada de M\u00e9xico lo condujo a prisi\u00f3n. La sucesi\u00f3n en la Presidencia de la rep\u00fablica se efectu\u00f3 de inmediato y se respet\u00f3 puntualmente lo dispuesto en la Constituci\u00f3n.\u00a0<\/p>\n\n\n\n<p>Aparece, por otro lado, una nueva figura a cargo del Poder Ejecutivo \u2014por primera vez una mujer, se ha resaltado\u2014, pero permanece el mismo elenco en el Congreso, que en noviembre<a href=\"https:\/\/www.ipsos.com\/sites\/default\/files\/ct\/news\/documents\/2022-12\/Informe%20Encuesta%20Nacional%20Urbano%20Rural%20-%20El%20Comercio%20-%20Ipsos%20al%2014%20de%20noviembre%202022%20.pdf\"> ten\u00eda solo el 18% de la aprobaci\u00f3n<\/a> ciudadana. M\u00e1s all\u00e1 de los detalles del triste episodio del mi\u00e9rcoles 7, preocupa saber si el panorama pol\u00edtico del pa\u00eds ser\u00e1 distinto a partir de ahora o continuar\u00e1 enfangado por rencillas y maniobras, sobornos y compras de apoyos, discursos exaltados y nulas realizaciones.<\/p>\n\n\n\n<p>Claro est\u00e1, en lo ocurrido recientemente en Per\u00fa hay elementos que destacar. El primero es que la intentona golpista de Castillo se resolvi\u00f3 r\u00e1pidamente, sin ocasionar ese d\u00eda ni un muerto ni un herido. El segundo es que la respuesta de las instituciones fue inmediata, contundente y un\u00e1nime en su rechazo al golpe. La presidenta de la Corte Suprema, el presidente del Tribunal Constitucional, la Defensor\u00eda del Pueblo y un largo etc\u00e9tera de representantes institucionales salieron al frente. De esa manera, no solo contestaron el torpe manotazo de Castillo, sino, lo que es de la mayor importancia, angostaron al m\u00ednimo las posibilidades de respaldo a \u00e9l.<\/p>\n\n\n\n<p>Esto \u00faltimo acaso guarde relaci\u00f3n con el esperado pronunciamiento de las fuerzas armadas (y policiales) \u2014a las que alg\u00fan editorial trasnochado sigui\u00f3 llamando \u201cinstituciones tutelares\u201d\u2014 que tard\u00f3 en conocerse bastante m\u00e1s que las voces institucionales civiles. Finalmente, militares y polic\u00edas declararon su apego a la Constituci\u00f3n. El fracaso del golpe qued\u00f3 sellado.<\/p>\n\n\n\n<p><strong>M\u00e1s de un fracaso<\/strong><\/p>\n\n\n\n<p>Pedro Castillo hab\u00eda cometido el \u00faltimo de su larga cadena de errores durante sus 16 meses en el cargo. Con su ca\u00edda, termin\u00f3 un gobierno que se denomin\u00f3 de izquierda y pertenec\u00eda a su sector iliberal, m\u00e1s bien reaccionario, que representaba l\u00facidamente aquel personaje que alz\u00f3 a Castillo en la candidatura presidencial, debido a que \u00e9l mismo no pod\u00eda ser candidato por haber sido condenado por corrupci\u00f3n: Vladimir Cerr\u00f3n, un m\u00e9dico formado profesional y pol\u00edticamente en Cuba, donde vivi\u00f3 m\u00e1s de una d\u00e9cada. Con el fracaso del gobierno de Castillo, se cancelan por tiempo indefinido las posibilidades en la competencia pol\u00edtica de las izquierdas que lo respaldaron pese a su rendimiento.<\/p>\n\n\n\n<p>Con ese desenlace, tambi\u00e9n qued\u00f3 como un recuerdo ingrato<a href=\"https:\/\/latinoamerica21.com\/es\/en-peru-la-oea-quedo-atras\/\"> el papel desempe\u00f1ado por la OEA<\/a> en la crisis pol\u00edtica de Per\u00fa. El informe preparado por la misi\u00f3n de la organizaci\u00f3n, que visit\u00f3 el pa\u00eds d\u00edas antes de que Castillo anunciara su autogolpe, pareci\u00f3 hecho a la medida de la necesidad del expresidente de conseguir en la escena internacional un respaldo que en el pa\u00eds era cada vez m\u00e1s escaso. Se sabe que en los pasillos de Washington, el secretario general Luis Almagro alentaba el voto a favor del informe, haciendo suyo el fantasm\u00f3n levantado entonces por el gobierno de Castillo: la democracia en el Per\u00fa estaba amenazada por un golpe en marcha, encabezado por el fujimorismo y en el que participaban las instituciones de justicia y los medios de comunicaci\u00f3n.<\/p>\n\n\n\n<p>El rechazo generalizado a la maniobra gobiernista v\u00eda OEA-Almagro, con el que se recibi\u00f3 el informe en el Per\u00fa, precedi\u00f3 a la estocada final que le dio el propio Castillo \u2014declarativamente partidario del di\u00e1logo pol\u00edtico\u2014, al anunciar la disoluci\u00f3n del Congreso y la intervenci\u00f3n en todas las instituciones de justicia. La OEA ha a\u00f1adido un fracaso m\u00e1s a un historial escaso en \u00e9xitos, que aconsejar\u00eda un examen de conciencia acerca de las decisiones adoptadas por la instituci\u00f3n en el caso peruano.<\/p>\n\n\n\n<p><strong>Un panorama incierto<\/strong><\/p>\n\n\n\n<p>Dina Boluarte es una abogada de 60 a\u00f1os que naci\u00f3 en una provincia de la sierra pobre del Per\u00fa. Fue funcionaria de una entidad p\u00fablica (Reniec), encargada de la documentaci\u00f3n ciudadana, que goza de respeto por la eficacia de su funcionamiento. Renunci\u00f3 a su cargo en abril de 2021 al ser elegida en la f\u00f3rmula presidencial de Castillo, y se desempe\u00f1\u00f3 como ministra en su gobierno durante 16 meses, hasta fines de noviembre de 2022. Poco despu\u00e9s, el 5 de diciembre, el Congreso la exoner\u00f3 de responsabilidad en una violaci\u00f3n normativa poco transcendente, se\u00f1al de que se le alistaba para sustituir al entonces presidente. El mi\u00e9rcoles 7 se constituy\u00f3 en la sexta persona en seis a\u00f1os que asume la Presidencia de la rep\u00fablica.<\/p>\n\n\n\n<p>Justamente un a\u00f1o antes de que Castillo intentara el autogolpe y fracasara, abriendo paso a Boluarte para que asumiera el cargo para sustituirlo, la hoy presidenta declar\u00f3 p\u00fablicamente, dado el primer intento parlamentario de destituir a Castillo de la Presidencia, que si \u00e9l renunciaba, ella tambi\u00e9n dejar\u00eda el cargo de vicepresidenta. A fines de enero, cuando ya se hab\u00edan agriado las relaciones entre Castillo y Per\u00fa Libre, el partido que los llev\u00f3 a ambos como candidatos, Boluarte declar\u00f3 en una entrevista que no compart\u00eda el ideario de Per\u00fa Libre. Y, en alusi\u00f3n a la falta de democracia interna en el partido encabezado por Vladimir Cerr\u00f3n, se declar\u00f3: \u201cDe izquierda democr\u00e1tica, no totalitaria, ni sectaria que permite la divergencia y la cr\u00edtica y donde no hay l\u00edderes infalibles ni intocables\u201d.<\/p>\n\n\n\n<p>\u00bfQui\u00e9n es, pues, Dina Boluarte? No es sencillo dar ahora una respuesta, as\u00ed como tampoco lo fue en el caso de Castillo cuando asumi\u00f3 el cargo. En la ceremonia de asunci\u00f3n del cargo precis\u00f3, de manera poco com\u00fan, que juraba desempe\u00f1arlo \u201chasta el 26 de julio de 2026\u201d. Con este a\u00f1adido a su juramento, descartaba una de las demandas que han sido planteadas en el pa\u00eds y que incluso cuenta con el dictamen favorable de una comisi\u00f3n del Congreso: adelantar las elecciones generales. Si bien el reclamo de Boluarte ten\u00eda plena base legal, dos d\u00edas despu\u00e9s empez\u00f3 a retroceder y, debido a diferentes manifestaciones que ha habido en el interior del pa\u00eds, las cuales han ocasionado varios muertos y llevaron al Gobierno a declarar el estado de emergencia en algunas provincias, la presidenta anunci\u00f3 este lunes 12 de diciembre en la madrugada que hac\u00eda suyo el proyecto para que el Congreso adelantara las elecciones a abril de 2024. En dos semanas, la presidenta hab\u00eda renunciado a dos a\u00f1os de mandato.<\/p>\n\n\n\n<p>En estas arenas movedizas, la pregunta es cu\u00e1nto puede durar el nuevo gobierno. \u201cLa crisis peruana no ha llegado a su fin con la sucesi\u00f3n presidencial\u201d, es la frase que el viernes 9 de diciembre<a href=\"https:\/\/larepublica.pe\/opinion\/2022\/12\/08\/el-adelanto-de-elecciones-editorial\/\"> inicia la columna editorial<\/a> de uno de los principales diarios lime\u00f1os. El desaf\u00edo pol\u00edtico mayor de la presidenta Boluarte es formular un plan con objetivos claros \u2014que no parece tener\u2014 y navegar con un Congreso en el que, igual que Castillo, no cuenta con mayor\u00eda propia y en el que el fraccionamiento produce alianzas inestables, frecuentemente alimentadas por la defensa y promoci\u00f3n de intereses particulares que capturan a los parlamentarios. Las manifestaciones de estos d\u00edas en diferentes puntos del pa\u00eds tienen lugar no tanto en defensa de Castillo, sino m\u00e1s bien por la exigencia de que el actual elenco congresal cese y se lleve a cabo elecciones generales.<\/p>\n\n\n\n<p>Boluarte intenta capear el temporal cambiando de posiciones seg\u00fan sopla el viento, luego de haber designado a su primer gabinete ministerial. Es un elenco de profesionales con experiencia en gesti\u00f3n p\u00fablica, la mayor parte de ellos sin antecedentes pol\u00edticos. Lo encabeza Pedro Angulo, un exfiscal y exdecano del Colegio de Abogados de Lima, cuya ambici\u00f3n pol\u00edtica se conoci\u00f3 cuando fue candidato al Congreso, pero no result\u00f3 elegido; en 2021 anunci\u00f3 su candidatura presidencial, pero no lleg\u00f3 a inscribirla. El nuevo primer ministro<a href=\"https:\/\/www.infobae.com\/america\/peru\/2022\/12\/10\/pedro-angulo-denuncias-por-acoso-13-investigaciones-fiscales-abiertas-y-vinculos-con-cesar-hinostroza\/\"> acumula 13 investigaciones<\/a> en el Ministerio P\u00fablico y suma tres denuncias por acoso sexual.<\/p>\n\n\n\n<p>En tanto se define el ahora imprevisible rumbo pol\u00edtico, los fuertes problemas del pa\u00eds contin\u00faan a la espera de ser atendidos. Un sistema de salud p\u00fablica que dio lugar a que, como resultado de la pandemia de la COVID-19, el Per\u00fa alcanzara el mayor n\u00famero de muertos en el mundo, en relaci\u00f3n con su poblaci\u00f3n. Una econom\u00eda con buenos \u00edndices macroecon\u00f3micos, pero que solo provee empleos en condiciones regulares a uno de cada cuatro trabajadores. Un sistema educativo de p\u00e9sima calidad, cuyos problemas se han agravado con la pandemia. Un sector agr\u00edcola que est\u00e1 viendo una reducci\u00f3n dr\u00e1stica de su producci\u00f3n, debido a la falta de fertilizantes que el gobierno de Castillo no supo resolver, situando al pa\u00eds en el nivel m\u00e1s alto de Sudam\u00e9rica en cuanto a la inseguridad alimentaria, indic\u00f3 la ONU en noviembre. Esto es una agenda de urgencias que no encuentra un cuadro pol\u00edtico estable para enfrentarla.<\/p>\n","protected":false},"excerpt":{"rendered":"<p>Termin\u00f3 un gobierno que se denomin\u00f3 de izquierda y pertenec\u00eda a su sector iliberal, m\u00e1s bien reaccionario, que representaba l\u00facidamente aquel personaje que alz\u00f3 a Castillo a la candidatura presidencial: Vladimir Cerr\u00f3n.<\/p>\n","protected":false},"author":54,"featured_media":13868,"comment_status":"closed","ping_status":"closed","sticky":false,"template":"","format":"standard","meta":{"_acf_changed":false,"episode_type":"","audio_file":"","cover_image":"","cover_image_id":"","duration":"","filesize":"","filesize_raw":"","date_recorded":"","explicit":"","block":"","itunes_episode_number":"","itunes_title":"","itunes_season_number":"","itunes_episode_type":"","footnotes":""},"categories":[17043,16601,16601,16570,16570,16493,16493],"tags":[],"gps":[],"class_list":{"0":"post-13867","1":"post","2":"type-post","3":"status-publish","4":"format-standard","5":"has-post-thumbnail","7":"category-debate-es-en","8":"category-pedro-castillo-es","10":"category-golpe-de-estado","12":"category-peru"},"acf":[],"_links":{"self":[{"href":"https:\/\/latinoamerica21.com\/es\/wp-json\/wp\/v2\/posts\/13867","targetHints":{"allow":["GET"]}}],"collection":[{"href":"https:\/\/latinoamerica21.com\/es\/wp-json\/wp\/v2\/posts"}],"about":[{"href":"https:\/\/latinoamerica21.com\/es\/wp-json\/wp\/v2\/types\/post"}],"author":[{"embeddable":true,"href":"https:\/\/latinoamerica21.com\/es\/wp-json\/wp\/v2\/users\/54"}],"replies":[{"embeddable":true,"href":"https:\/\/latinoamerica21.com\/es\/wp-json\/wp\/v2\/comments?post=13867"}],"version-history":[{"count":0,"href":"https:\/\/latinoamerica21.com\/es\/wp-json\/wp\/v2\/posts\/13867\/revisions"}],"wp:featuredmedia":[{"embeddable":true,"href":"https:\/\/latinoamerica21.com\/es\/wp-json\/wp\/v2\/media\/13868"}],"wp:attachment":[{"href":"https:\/\/latinoamerica21.com\/es\/wp-json\/wp\/v2\/media?parent=13867"}],"wp:term":[{"taxonomy":"category","embeddable":true,"href":"https:\/\/latinoamerica21.com\/es\/wp-json\/wp\/v2\/categories?post=13867"},{"taxonomy":"post_tag","embeddable":true,"href":"https:\/\/latinoamerica21.com\/es\/wp-json\/wp\/v2\/tags?post=13867"},{"taxonomy":"gps","embeddable":true,"href":"https:\/\/latinoamerica21.com\/es\/wp-json\/wp\/v2\/gps?post=13867"}],"curies":[{"name":"wp","href":"https:\/\/api.w.org\/{rel}","templated":true}]}}