{"id":13994,"date":"2022-12-20T08:00:00","date_gmt":"2022-12-20T11:00:00","guid":{"rendered":"https:\/\/latinoamerica21.com\/?p=13994"},"modified":"2023-10-27T09:28:31","modified_gmt":"2023-10-27T12:28:31","slug":"amlo-el-lider-y-el-mito","status":"publish","type":"post","link":"https:\/\/latinoamerica21.com\/es\/amlo-el-lider-y-el-mito\/","title":{"rendered":"AMLO: el l\u00edder y el mito"},"content":{"rendered":"\n<p>\u00bfC\u00f3mo negar <a href=\"https:\/\/elpais.com\/mexico\/2022-11-16\/lopez-obrador-convoca-a-una-marcha-en-ciudad-de-mexico-por-su-cuarto-ano-de-gobierno.html\" target=\"_blank\" rel=\"noreferrer noopener\">la avalancha obradorista<\/a> que se dej\u00f3 ver recientemente sobre la avenida Reforma de la Ciudad de M\u00e9xico? \u00bfC\u00f3mo no aceptar que probablemente haya asistido ese mill\u00f3n 200 mil personas? \u00bfC\u00f3mo no reconocer la fascinaci\u00f3n que sigue provocando L\u00f3pez Obrador, m\u00e1s all\u00e1 de los que pudieron ir bajo presi\u00f3n desde Tijuana o Ciudad Chetumal?<\/p>\n\n\n\n<p>Porque si lo vemos bien, todo se centr\u00f3 en el presidente L\u00f3pez Obrador. \u00c9l fue quien convoc\u00f3 a la movilizaci\u00f3n luego de <a href=\"https:\/\/latinoamerica21.com\/es\/la-revancha-de-amlo\/\" target=\"_blank\" rel=\"noreferrer noopener\">la manifestaci\u00f3n ciudadana del 13 de noviembre<\/a> y quien decidi\u00f3 el guion donde \u00e9l ser\u00eda el protagonista principal\u00edsimo. Ser\u00eda adem\u00e1s \u00e9l quien pronunciar\u00eda un largo discurso repitiendo mucho de lo que diariamente dice en su conferencia ma\u00f1anera con el \u00fanico objetivo de demostrar que su aura sigue intacta.&nbsp;<\/p>\n\n\n\n<p>AMLO se equipara a los mitos de Hidalgo, Morelos, Ju\u00e1rez, Madero, Mag\u00f3n y C\u00e1rdenas y es que cada uno de los grandes personajes de la historia tiene su lado humano pero tambi\u00e9n su lado m\u00edtico, aquel que le atribuyen las masas o en la actualidad tambi\u00e9n los medios de comunicaci\u00f3n. El que es indivisible. Y ese es uno de los problemas del mito encarnado. \u00bfC\u00f3mo transferir esa aura a otra persona para continuar la transformaci\u00f3n de M\u00e9xico? No hay forma. Y la demostraci\u00f3n es ese mill\u00f3n 200 mil personas que se traslad\u00f3 al centro de la Ciudad de M\u00e9xico para acompa\u00f1arlo y demostrar que no hay otro para sucederlo.<\/p>\n\n\n\n<p>Pero la adoraci\u00f3n al l\u00edder siempre divide la interna. Ah\u00ed est\u00e1 el senador oficialista Ricardo Monreal quien declar\u00f3 que se va. Y no se va solo en medio del repudio de los \u201ctalibanes\u201d del movimiento, sino que se lleva al menos un gobernador, una parte de las bancadas del Congreso de la Uni\u00f3n y posiblemente arrastre consigo unos cuantos votos de la Ciudad de M\u00e9xico.<\/p>\n\n\n\n<p>Es el problema del mito convertido en hombre. Es religioso e intransferible. Adem\u00e1s, tiene una irradiaci\u00f3n limitada. Que a la marcha oficialista y a la del 13 de noviembre haya asistido ese mill\u00f3n de personas es significativo pero no describe ese universo de potenciales electores de la zona metropolitana de la Ciudad de M\u00e9xico. Tampoco quiere decir que quienes no asistieron no apoyen al gobierno o pertenezcan al mundo de los indecisos. Y ese es el gran interrogante de los comicios de 2024. La duda en el Estado de M\u00e9xico y Coahuila para el 2023.<\/p>\n\n\n\n<p>\u00bfC\u00f3mo votar\u00e1 la zona metropolitana de la Ciudad de M\u00e9xico? \u00bfC\u00f3mo lo hizo en 2018 o c\u00f3mo lo hizo en 2021? Las estrategias de Morena y de la oposici\u00f3n est\u00e1n buscando capturar ese elector por las buenas o por las malas. Y es que la marcha oficialista grosso modo moviliz\u00f3 a funcionarios, empleados, beneficiarios de programas sociales y sobre todo a los fieles de AMLO. El resto se podr\u00eda haber quedado en casa esperando el partido de M\u00e9xico contra Argentina o, simplemente, no pertenece al c\u00edrculo del aura del mito.<\/p>\n\n\n\n<p>Y es que no s\u00f3lo se trata, como lo dice el periodista Jorge Patterson, de \u201clo que no estamos viendo\u201d, que es la impronta m\u00edtica de AMLO. Sino de esas zonas de silencio o que ya dieron el paso hacia el costado como sucedi\u00f3 en la Ciudad de M\u00e9xico.<\/p>\n\n\n\n<p>Sustra\u00eddas al mito obradorista muchos buscan opciones alternativas a Morena. Y eso qued\u00f3 en evidencia en la marcha capitalina del 13 de noviembre. Pero no hay nada escrito. La ciudad de M\u00e9xico o mejor dicho, la zona metropolitana del Valle de M\u00e9xico podr\u00eda volver a ser una nueva competencia cerrada con un desenlace imprevisible.<\/p>\n\n\n\n<p>En definitiva, la masiva manifestaci\u00f3n del obradorismo fue una demostraci\u00f3n de la capacidad intacta de AMLO para movilizar a enormes masas en todo el pa\u00eds que lo acompa\u00f1en y vitoreen. De esta manera el presidente enaltece su mito y se asegura que ninguna manifestaci\u00f3n opositora lo ponga en entredicho. Por eso la convocatoria personal\u00edsima. No fue Morena, fue \u00e9l. Si la movilizaci\u00f3n hubiese sido convocada por Morena el mito se hubiera politizado. Y el mito necesita del incienso de la imagen, la voz, el rictus del l\u00edder.<\/p>\n\n\n\n<hr class=\"wp-block-separator has-alpha-channel-opacity\"\/>\n\n\n\n<p class=\"has-text-align-right\"><strong><em>Episodio relacionado de nuestro&nbsp;<\/em><\/strong><a href=\"https:\/\/latinoamerica21.com\/podcast\/\"><strong><em>podcast<\/em><\/strong><\/a><strong>:<\/strong><\/p>\n\n\n\n<figure class=\"wp-block-embed is-type-rich is-provider-spotify wp-block-embed-spotify wp-embed-aspect-21-9 wp-has-aspect-ratio\"><div class=\"wp-block-embed__wrapper\">\n<iframe title=\"Spotify Embed: M\u00e9xico y la tentaci\u00f3n hegem\u00f3nica\" style=\"border-radius: 12px\" width=\"100%\" height=\"152\" frameborder=\"0\" allowfullscreen allow=\"autoplay; clipboard-write; encrypted-media; fullscreen; picture-in-picture\" loading=\"lazy\" src=\"https:\/\/open.spotify.com\/embed\/episode\/7AAghleeXsHaBOdZE0PzDD?si=YZW1AEQOTnW6RSsvimFTKA&#038;utm_source=oembed\"><\/iframe>\n<\/div><\/figure>\n","protected":false},"excerpt":{"rendered":"<p>La masiva manifestaci\u00f3n del obradorismo fue una demostraci\u00f3n de la capacidad intacta de AMLO para movilizar a enormes masas en todo el pa\u00eds y enaltecer su mito para asegurar que ninguna manifestaci\u00f3n opositora lo ponga en entredicho.<\/p>\n","protected":false},"author":331,"featured_media":13995,"comment_status":"closed","ping_status":"closed","sticky":false,"template":"","format":"standard","meta":{"_acf_changed":false,"episode_type":"","audio_file":"","cover_image":"","cover_image_id":"","duration":"","filesize":"","filesize_raw":"","date_recorded":"","explicit":"","block":"","itunes_episode_number":"","itunes_title":"","itunes_season_number":"","itunes_episode_type":"","footnotes":""},"categories":[16466,16466,16579,16579,16536,16536],"tags":[],"gps":[],"class_list":{"0":"post-13994","1":"post","2":"type-post","3":"status-publish","4":"format-standard","5":"has-post-thumbnail","7":"category-mexico","9":"category-lideres-politicos","11":"category-lopez-obrador"},"acf":[],"_links":{"self":[{"href":"https:\/\/latinoamerica21.com\/es\/wp-json\/wp\/v2\/posts\/13994","targetHints":{"allow":["GET"]}}],"collection":[{"href":"https:\/\/latinoamerica21.com\/es\/wp-json\/wp\/v2\/posts"}],"about":[{"href":"https:\/\/latinoamerica21.com\/es\/wp-json\/wp\/v2\/types\/post"}],"author":[{"embeddable":true,"href":"https:\/\/latinoamerica21.com\/es\/wp-json\/wp\/v2\/users\/331"}],"replies":[{"embeddable":true,"href":"https:\/\/latinoamerica21.com\/es\/wp-json\/wp\/v2\/comments?post=13994"}],"version-history":[{"count":0,"href":"https:\/\/latinoamerica21.com\/es\/wp-json\/wp\/v2\/posts\/13994\/revisions"}],"wp:featuredmedia":[{"embeddable":true,"href":"https:\/\/latinoamerica21.com\/es\/wp-json\/wp\/v2\/media\/13995"}],"wp:attachment":[{"href":"https:\/\/latinoamerica21.com\/es\/wp-json\/wp\/v2\/media?parent=13994"}],"wp:term":[{"taxonomy":"category","embeddable":true,"href":"https:\/\/latinoamerica21.com\/es\/wp-json\/wp\/v2\/categories?post=13994"},{"taxonomy":"post_tag","embeddable":true,"href":"https:\/\/latinoamerica21.com\/es\/wp-json\/wp\/v2\/tags?post=13994"},{"taxonomy":"gps","embeddable":true,"href":"https:\/\/latinoamerica21.com\/es\/wp-json\/wp\/v2\/gps?post=13994"}],"curies":[{"name":"wp","href":"https:\/\/api.w.org\/{rel}","templated":true}]}}