{"id":14257,"date":"2023-01-02T08:00:00","date_gmt":"2023-01-02T11:00:00","guid":{"rendered":"https:\/\/latinoamerica21.com\/?p=14257"},"modified":"2023-10-27T08:26:26","modified_gmt":"2023-10-27T11:26:26","slug":"el-arresto-del-principal-opositor-del-mas-y-la-deriva-dictatorial-en-bolivia","status":"publish","type":"post","link":"https:\/\/latinoamerica21.com\/es\/el-arresto-del-principal-opositor-del-mas-y-la-deriva-dictatorial-en-bolivia\/","title":{"rendered":"El arresto del principal opositor del MAS y la deriva dictatorial en Bolivia"},"content":{"rendered":"\n<p>Con base en la falsa tesis del golpe de Estado (crisis pol\u00edtica de 2019), la expresidenta Jeanine \u00c1\u00f1ez fue detenida y encarcelada en marzo de 2021. Casi dos a\u00f1os despu\u00e9s, y partiendo de la misma tesis, ha sido aprehendido (secuestro estatal) y <a href=\"https:\/\/www.france24.com\/es\/am%C3%A9rica-latina\/20221230-vuelven-las-tensiones-a-bolivia-con-la-reclusi%C3%B3n-del-opositor-luis-fernando-camacho\" target=\"_blank\" rel=\"noreferrer noopener\">detenido preventivamente por cuatro meses, Luis Fernando Camacho<\/a>, gobernador del departamento aut\u00f3nomo con mayor poder econ\u00f3mico de Bolivia. Se le acusa de terrorismo.<\/p>\n\n\n\n<p>Este acto, cometido por agentes policiales el d\u00eda 28 de diciembre, ha develado la deriva dictatorial del gobierno de Luis Arce y provocado una reacci\u00f3n ciudadana en Santa Cruz mediante el bloqueo de calles, incendios en instituciones p\u00fablicas (Fiscal\u00eda, comando de polic\u00eda y poder judicial, impuestos nacionales, entre otros) y la casa de un ministro de Estado y enfrentamientos con la polic\u00eda.<\/p>\n\n\n\n<p>\u00bfC\u00f3mo entender la deriva dictatorial del presidente boliviano que se ha puesto de manifiesto mediante la aprehensi\u00f3n de un gobernador aut\u00f3nomo, elegido por el voto ciudadano?<\/p>\n\n\n\n<p>La aprehensi\u00f3n del gobernador cruce\u00f1o se entiende como un hecho indicativo de <a href=\"https:\/\/latinoamerica21.com\/es\/bolivia-la-democracia-no-tiene-quien-le-escriba\/\" target=\"_blank\" rel=\"noreferrer noopener\">la deriva dictatorial del Gobierno boliviano,<\/a> ya que se le han suprimido, no solo restringido, sus derechos pol\u00edticos. En otras palabras, desde el v\u00e9rtice de la pir\u00e1mide, el poder central ha decidido sobre la libertad pol\u00edtica de un gobernador aut\u00f3nomo, pero sin intermediaci\u00f3n o contrapesos institucionales que limiten o restrinjan los abusos del monopolio de la violencia del Estado.<\/p>\n\n\n\n<p>Para entender este acontecimiento de gran impacto que refleja la debilidad institucional de la democracia en Bolivia, es pertinente reconocer cuatro factores que lo configuran: jur\u00eddico, pol\u00edtico-partidario, polarizaci\u00f3n y autorganizaci\u00f3n ciudadana.<\/p>\n\n\n\n<p>De acuerdo a los expertos en el \u00e1rea jur\u00eddica, se cometieron cinco ilegalidades con la aprehensi\u00f3n de Luis Fernando Camacho. Secuestro: se vulner\u00f3 su derecho a la defensa y a ser notificado previamente; se us\u00f3 violencia excesiva y no ten\u00eda una acusaci\u00f3n formal, adem\u00e1s de que se est\u00e1 en medio de la vacaci\u00f3n judicial; no hubo un delito penal, ya que el supuesto delito de terrorismo es vago y ambiguo; fue trasladado a La Paz, cuando reside en Santa Cruz; y hubo desaparici\u00f3n forzosa, dado que se violaron sus derechos a la libertad f\u00edsica, integridad personal, integridad psicol\u00f3gico-moral y el derecho a la salud.&nbsp;<\/p>\n\n\n\n<p>La pugna interna en el MAS entre el ala radical de Evo Morales y el ala renovadora de Luis Arce se ha profundizado hasta el grado de sacar a la luz denuncias sobre corrupci\u00f3n y narcotr\u00e1fico en la gesti\u00f3n de ambos liderazgos del partido que gobierna desde 2006. Sin embargo, la falsa idea del golpe de Estado en 2019 es un lugar com\u00fan en ambas alas y liderazgos. Por tanto, la detenci\u00f3n de Camacho se puede traducir en un trofeo pol\u00edtico para el presidente que simboliza, en el marco de su falaz tesis, la ca\u00edda del \u201cgolpista oligarca de la derecha\u201d y, por ende, una bocanada de aire fresco con las masas.<\/p>\n\n\n\n<p>Desde la perspectiva afectiva, la polarizaci\u00f3n es un proceso de permanente conflicto entre nosotros <em>versus<\/em> ellos. Es decir, un escenario en el que las \u00e9lites gobernantes deciden por la confrontaci\u00f3n y dejan de lado la cooperaci\u00f3n, cuestionan la legitimidad de determinadas instituciones p\u00fablicas y causan pugnas entre ciudadanos mediante temas que dividen y movilizan, porque, estrat\u00e9gicamente, es m\u00e1s favorable la fragmentaci\u00f3n que el consenso. Partiendo de este marco conceptual, queda claro que el secuestro estatal del gobernador cruce\u00f1o azuza la polarizaci\u00f3n, puesto que otorga beneficios al MAS como partido en funci\u00f3n de gobierno que, dicho sea de paso, est\u00e1 sufriendo la evoluci\u00f3n constante de una divisi\u00f3n interna.<\/p>\n\n\n\n<p>El permanente conflicto de \u201cnosotros\u201d <em>versus<\/em> \u201cellos\u201d, azuzado por la \u00e9lite gobernante, ha sido una circunstancia favorable para la autorganizaci\u00f3n ciudadana en Santa Cruz y su protesta pol\u00edtica contra los abusos del poder central del Estado. Entre el 22 de octubre y el 25 de noviembre de 2022, hubo un paro de actividades p\u00fablicas y privadas con bloqueos de calles y carreteras en el departamento para pedir la reprogramaci\u00f3n del censo de poblaci\u00f3n y vivienda antes de 2025 (a\u00f1o de las elecciones generales), que logr\u00f3 su cometido.<\/p>\n\n\n\n<p>Con la aprehensi\u00f3n y detenci\u00f3n preventiva de Camacho, el gobierno de Arce ha tocado una vena con una fuerte sensibilidad ideol\u00f3gica e identitaria porque no ha respetado la investidura de un representante pol\u00edtico que gan\u00f3 las elecciones con m\u00e1s del 50% de los votos y encarna valores culturales de la regi\u00f3n. Es decir, ha fortalecido ideol\u00f3gicamente la frontera hist\u00f3rica entre Santa Cruz y el Estado central dirigido desde La Paz.<\/p>\n\n\n\n<p>En conclusi\u00f3n, con base en la falsa idea del golpe de Estado, que en realidad fue una crisis pol\u00edtica, debido a la renuncia y huida de Evo Morales luego de haber cometido un fraude electoral, las instituciones democr\u00e1ticas est\u00e1n m\u00e1s debilitadas que nunca por el comportamiento pol\u00edtico del actual gobierno nacional. La deriva dictatorial de Luis Arce, manifiesta en el secuestro estatal de Luis Fernando Camacho (gobernador aut\u00f3nomo) y el robo de su libertad pol\u00edtica, es una p\u00e9sima se\u00f1al pol\u00edtica para la esperanza de una convivencia democr\u00e1tica y el respeto de las diferencias ideol\u00f3gicas en Bolivia. Una se\u00f1al oscura que Latinoam\u00e9rica debe tomar en serio para ponerle l\u00edmites.<\/p>\n","protected":false},"excerpt":{"rendered":"<p>Con base en la tesis del golpe de Estado, ha sido detenido preventivamente por cuatro meses, Luis Fernando Camacho, gobernador de Santa Cruz, el departamento con mayor poder econ\u00f3mico de Bolivia. Se le acusa de terrorismo.<\/p>\n","protected":false},"author":120,"featured_media":14258,"comment_status":"closed","ping_status":"closed","sticky":false,"template":"","format":"standard","meta":{"_acf_changed":false,"episode_type":"","audio_file":"","cover_image":"","cover_image_id":"","duration":"","filesize":"","filesize_raw":"","date_recorded":"","explicit":"","block":"","itunes_episode_number":"","itunes_title":"","itunes_season_number":"","itunes_episode_type":"","footnotes":""},"categories":[16468,16565,16470,16470,16468,16565],"tags":[14126],"gps":[],"class_list":{"0":"post-14257","1":"post","2":"type-post","3":"status-publish","4":"format-standard","5":"has-post-thumbnail","7":"category-politica","8":"category-mas","9":"category-bolivia","13":"tag-debates-br-es"},"acf":[],"_links":{"self":[{"href":"https:\/\/latinoamerica21.com\/es\/wp-json\/wp\/v2\/posts\/14257","targetHints":{"allow":["GET"]}}],"collection":[{"href":"https:\/\/latinoamerica21.com\/es\/wp-json\/wp\/v2\/posts"}],"about":[{"href":"https:\/\/latinoamerica21.com\/es\/wp-json\/wp\/v2\/types\/post"}],"author":[{"embeddable":true,"href":"https:\/\/latinoamerica21.com\/es\/wp-json\/wp\/v2\/users\/120"}],"replies":[{"embeddable":true,"href":"https:\/\/latinoamerica21.com\/es\/wp-json\/wp\/v2\/comments?post=14257"}],"version-history":[{"count":0,"href":"https:\/\/latinoamerica21.com\/es\/wp-json\/wp\/v2\/posts\/14257\/revisions"}],"wp:featuredmedia":[{"embeddable":true,"href":"https:\/\/latinoamerica21.com\/es\/wp-json\/wp\/v2\/media\/14258"}],"wp:attachment":[{"href":"https:\/\/latinoamerica21.com\/es\/wp-json\/wp\/v2\/media?parent=14257"}],"wp:term":[{"taxonomy":"category","embeddable":true,"href":"https:\/\/latinoamerica21.com\/es\/wp-json\/wp\/v2\/categories?post=14257"},{"taxonomy":"post_tag","embeddable":true,"href":"https:\/\/latinoamerica21.com\/es\/wp-json\/wp\/v2\/tags?post=14257"},{"taxonomy":"gps","embeddable":true,"href":"https:\/\/latinoamerica21.com\/es\/wp-json\/wp\/v2\/gps?post=14257"}],"curies":[{"name":"wp","href":"https:\/\/api.w.org\/{rel}","templated":true}]}}