{"id":14475,"date":"2023-01-12T08:00:00","date_gmt":"2023-01-12T11:00:00","guid":{"rendered":"https:\/\/latinoamerica21.com\/?p=14475"},"modified":"2023-11-09T17:11:53","modified_gmt":"2023-11-09T20:11:53","slug":"la-mentira-organizada-y-las-claves-del-golpismo-bolsonarista","status":"publish","type":"post","link":"https:\/\/latinoamerica21.com\/es\/la-mentira-organizada-y-las-claves-del-golpismo-bolsonarista\/","title":{"rendered":"La mentira organizada y las claves del golpismo bolsonarista"},"content":{"rendered":"\n<p>Tal como pas\u00f3 con el fallido golpismo trumpista del 6 de enero de 2021, en Brasil las mentiras manufacturadas desde arriba fueron incre\u00edblemente tomadas como ciertas, y motivaron acciones desde abajo. Para l\u00edderes como Jair Bolsonaro o Donald Trump, la pol\u00edtica forma parte de aquello que la fil\u00f3sofa Hannah Arendt llam\u00f3 la \u201cmentira organizada\u201d. En este contexto, los pol\u00edticos utilizan \u201cla falsedad deliberada como arma contra la verdad\u201d. En este mundo revisionista las visiones m\u00e1s irracionales, mesi\u00e1nicas y paranoicas son falsamente presentadas como historia y presente, y motivan a las acciones m\u00e1s extremistas como el fallido y pat\u00e9tico golpe de Estado del 8 de enero de 2023.\u00a0<\/p>\n\n\n\n<p>Los ataques contra el pasado institucional y <a href=\"https:\/\/latinoamerica21.com\/es\/la-industria-privada-de-la-desinformacion-en-america-latina\/\" target=\"_blank\" rel=\"noreferrer noopener\">las continuas mentiras<\/a> sobre ellos constituyen el modelo de un futuro antidemocr\u00e1tico, pero tambi\u00e9n una gu\u00eda de terrorismo para el presente. Estas mentiras no son directrices concretas, sino mandatos y premisas ideol\u00f3gicas que fomentan la acci\u00f3n antidemocr\u00e1tica.<\/p>\n\n\n\n<p>La violenta ocupaci\u00f3n de los edificios de los tres poderes del Estado, en Brasil, el pasado 8 de enero, nos deja al menos cinco primeras lecciones hist\u00f3ricas para entender la morfolog\u00eda de la mentira armada que motiv\u00f3 las acciones golpistas.<\/p>\n\n\n\n<p>Empecemos por una primera lecci\u00f3n: la del vocabulario apropiado para entender lo que pas\u00f3. Usemos las palabras correctas: intento de golpe de Estado, atentado contra la democracia, terrorismo, grupos fascistas, objetivo fascista de destruir la democracia. Ante estos acontecimientos, es necesario hacer pagar, con toda la fuerza de la ley, a sus responsables pr\u00e1cticos e ideol\u00f3gicos.<\/p>\n\n\n\n<p>Palabras y conceptos err\u00f3neos: protestas, manifestantes y la idea de dos campos extremistas en lucha. Esta \u00faltima versi\u00f3n de la idea de pensar siempre que todo asunto pol\u00edtico tiene dos posturas leg\u00edtimas lleva a restar gravedad a los acontecimientos. En concreto, Brasil vivi\u00f3 un ataque contra la democracia por parte de sectores bolsonaristas que no reconocen su funcionamiento. Por lo tanto, en Brasil se sigue dando, por un lado, un conflicto entre sectores carentes de legitimidad, debido a sus posturas antidemocr\u00e1ticas y, por el otro, un arco pol\u00edtico democr\u00e1tico (de izquierda, centro y derecha) que incluye, y que en cierta medida lidera, el presidente Luiz In\u00e1cio Lula da Silva.<\/p>\n\n\n\n<p>Por otra parte, para entender lo que pas\u00f3 no debemos olvidar una clave central de la historia del fascismo: su represi\u00f3n legal se vuelve necesaria cuando intenta destruir la democracia. Esta es la segunda lecci\u00f3n. Sus actos criminales de terrorismo contra instituciones democr\u00e1ticas deben ser detenidos con plena fuerza legal antes de que sea demasiado tarde. Esto es lo que deber\u00eda haber sucedido desde el momento en el que estos sectores extremistas, la vanguardia fascista del populismo bolsonarista, se amontonaron en Brasilia para reclamar algo constitucionalmente irreclamable: desconocer los resultados de las elecciones y reponer por aclamaci\u00f3n dictatorial al presidente saliente.<\/p>\n\n\n\n<p>Otra lecci\u00f3n clave de la historia del fascismo y tambi\u00e9n del golpe trumpista del 6 de enero es que la responsabilidad de los l\u00edderes no puede ser ignorada o minimizada. La responsabilidad ideol\u00f3gica de Bolsonaro es clara, as\u00ed como tambi\u00e9n lo fue la de Donald Trump, o la de Benito Mussolini por haber sido el instigador ideol\u00f3gico del asesinato del principal l\u00edder de la oposici\u00f3n en 1924. El diputado socialista Giacomo Matteotti fue asesinado luego de haber<a href=\"https:\/\/www.bloomsbury.com\/us\/blood-and-power-9781408897935\/\"> denunciado<\/a> la ilegalidad y la violencia fascista por una banda de esbirros que ten\u00eda probados v\u00ednculos con el gobierno de Mussolini.<\/p>\n\n\n\n<p>El dictador reconoci\u00f3 su \u201cresponsabilidad pol\u00edtica, moral e hist\u00f3rica\u201d, pero sigui\u00f3 gobernando como si nada hubiera pasado. A pesar de una minicrisis y un amplio rechazo que, eventualmente se vieron como pasajeros, el hecho de que Mussolini no pagara precio alguno por sus acciones allan\u00f3 el camino del fascismo hacia una dictadura hecha y derecha. O por decirlo de otro modo, el totalitarismo fascista se afianz\u00f3 completamente cuando sus cr\u00edmenes no tuvieron consecuencias.<\/p>\n\n\n\n<p>Una cuarta lecci\u00f3n se relaciona con la deformaci\u00f3n del pasado y el presente. Al igual que Mussolini, Bolsonaro, cuyas mentiras sobre la epidemia y las vacunas contra la COVID-19 ayud\u00f3 a normalizar, e incluso a impulsar la muerte y la enfermedad en su pa\u00eds, ha hecho de la propaganda y el mito la forma predominante de pol\u00edtica.&nbsp;&nbsp;<\/p>\n\n\n\n<p>Y, actualmente, el mismo mecanismo est\u00e1 siendo utilizado para deformar la realidad de los \u00faltimos acontecimientos. Ya se habla de \u201cinfiltrados\u201d o de responsabilidades similares de la izquierda, y estas mentiras descaradas son articuladas por Steve Bannon en Estados Unidos y por otros l\u00edderes populistas de ultraderecha como el argentino Javier Milei. Milei no ha denunciado el golpe de Estado como tal y se basa en una declaraci\u00f3n del Foro Madrid que, de forma amorfa, \u201ccondena de la manera m\u00e1s categ\u00f3rica la violencia ejercida por quienes asaltaron el Palacio de Planalto\u201d, pero sobre todo denuncia a los que denunciaron la violencia, enfatizando, a su vez, la \u201cdoble moral\u201d de la izquierda y el progresismo.<\/p>\n\n\n\n<p>Esta entidad es una iniciativa de la fundaci\u00f3n Disenso, presidida por el l\u00edder posfascista<a href=\"https:\/\/www.infobae.com\/america\/agencias\/2020\/10\/26\/abascal-promueve-una-carta-con-politicos-americanos-contra-el-comunismo\/\"> Santiago Abascal<\/a>, de Vox, y cuya \u201cCarta de Madrid\u201d fue firmada en 2020 por Milei, Eduardo Bolsonaro, Giorgia Meloni (primera ministra de Italia) y el fallido candidato a la Presidencia de Chile y admirador del dictador Augusto Pinochet,<a href=\"https:\/\/latinoamerica21.com\/es\/el-candidato-de-pinochet\/\"> Jos\u00e9 Antonio Kast<\/a>.<\/p>\n\n\n\n<p>Es notable c\u00f3mo estos personajes insisten en sus fantas\u00edas y mentiras. Al igual que sus \u00eddolos Trump y Bolsonaro, estos pol\u00edticos populistas de extrema derecha mienten constantemente sobre democracias y dictaduras, y representan de diferentes formas algunos peligros para la democracia.<\/p>\n\n\n\n<p>Una \u00faltima y quinta lecci\u00f3n es c\u00f3mo este tipo de mentiras generan eventos cuya proyecci\u00f3n es global. De la misma manera que la dictadura de Mussolini en la d\u00e9cada de 1920 influenci\u00f3 el camino de Hitler en la d\u00e9cada siguiente, el golpismo trumpista marc\u00f3 al bolsonarismo. De hecho, al d\u00eda siguiente de la toma del Capitolio, Bolsonaro amenaz\u00f3 con que Brasil iba \u201ca tener un problema peor\u201d si no cambiaba sus sistemas electorales, es decir, si perd\u00eda las elecciones.<\/p>\n\n\n\n<p>Ahora, tras negar toda participaci\u00f3n en la toma de los tres poderes, Bolsonaro poste\u00f3 en su cuenta de Facebook un texto que dec\u00eda que Lula no fue electo por el pueblo sino por los tribunales de justicia. Si Bolsonaro no es responsabilizado por su continua instigaci\u00f3n al crimen contra la democracia, se ver\u00e1n nuevamente otras acciones similares.Esta forma de operar la mentira para reemplazar la realidad motiv\u00f3 a los trumpistas a la toma del Congreso y sigue motivando las fantas\u00edas conspirativas del extremismo norteamericano. La similitud entre ambas acciones y facciones es producto de influencias ideol\u00f3gicas mutuas. En ambos casos, el fascismo est\u00e1 a la vuelta de la esquina.<\/p>\n\n\n\n<hr class=\"wp-block-separator has-alpha-channel-opacity\"\/>\n\n\n\n<p class=\"has-text-align-right\"><strong><em>Episodio relacionado de nuestro\u00a0<\/em><\/strong><a href=\"https:\/\/latinoamerica21.com\/podcast\/\"><strong><em>podcast<\/em><\/strong><\/a><strong>:<\/strong><\/p>\n\n\n\n<figure class=\"wp-block-embed is-type-rich is-provider-spotify wp-block-embed-spotify wp-embed-aspect-21-9 wp-has-aspect-ratio\"><div class=\"wp-block-embed__wrapper\">\n<iframe title=\"Spotify Embed: Internet y poder en Am\u00e9rica Latina\" style=\"border-radius: 12px\" width=\"100%\" height=\"152\" frameborder=\"0\" allowfullscreen allow=\"autoplay; clipboard-write; encrypted-media; fullscreen; picture-in-picture\" loading=\"lazy\" src=\"https:\/\/open.spotify.com\/embed\/episode\/6eQ0P1Hzn0C5wz0gZTbdog?utm_source=oembed\"><\/iframe>\n<\/div><\/figure>\n","protected":false},"excerpt":{"rendered":"<p>Tal como pas\u00f3 con el fallido golpismo trumpista del 6 de enero de 2021, en Brasil las mentiras manufacturadas desde arriba fueron incre\u00edblemente tomadas como ciertas, y motivaron acciones desde abajo. <\/p>\n","protected":false},"author":77,"featured_media":14476,"comment_status":"closed","ping_status":"closed","sticky":false,"template":"","format":"standard","meta":{"_acf_changed":false,"episode_type":"","audio_file":"","cover_image":"","cover_image_id":"","duration":"","filesize":"","filesize_raw":"","date_recorded":"","explicit":"","block":"","itunes_episode_number":"","itunes_title":"","itunes_season_number":"","itunes_episode_type":"","footnotes":""},"categories":[16502,16502,16487,16487,16551,16551],"tags":[],"gps":[],"class_list":{"0":"post-14475","1":"post","2":"type-post","3":"status-publish","4":"format-standard","5":"has-post-thumbnail","7":"category-jair-bolsonaro","9":"category-brasil","11":"category-fake-news"},"acf":[],"_links":{"self":[{"href":"https:\/\/latinoamerica21.com\/es\/wp-json\/wp\/v2\/posts\/14475","targetHints":{"allow":["GET"]}}],"collection":[{"href":"https:\/\/latinoamerica21.com\/es\/wp-json\/wp\/v2\/posts"}],"about":[{"href":"https:\/\/latinoamerica21.com\/es\/wp-json\/wp\/v2\/types\/post"}],"author":[{"embeddable":true,"href":"https:\/\/latinoamerica21.com\/es\/wp-json\/wp\/v2\/users\/77"}],"replies":[{"embeddable":true,"href":"https:\/\/latinoamerica21.com\/es\/wp-json\/wp\/v2\/comments?post=14475"}],"version-history":[{"count":0,"href":"https:\/\/latinoamerica21.com\/es\/wp-json\/wp\/v2\/posts\/14475\/revisions"}],"wp:featuredmedia":[{"embeddable":true,"href":"https:\/\/latinoamerica21.com\/es\/wp-json\/wp\/v2\/media\/14476"}],"wp:attachment":[{"href":"https:\/\/latinoamerica21.com\/es\/wp-json\/wp\/v2\/media?parent=14475"}],"wp:term":[{"taxonomy":"category","embeddable":true,"href":"https:\/\/latinoamerica21.com\/es\/wp-json\/wp\/v2\/categories?post=14475"},{"taxonomy":"post_tag","embeddable":true,"href":"https:\/\/latinoamerica21.com\/es\/wp-json\/wp\/v2\/tags?post=14475"},{"taxonomy":"gps","embeddable":true,"href":"https:\/\/latinoamerica21.com\/es\/wp-json\/wp\/v2\/gps?post=14475"}],"curies":[{"name":"wp","href":"https:\/\/api.w.org\/{rel}","templated":true}]}}