{"id":14686,"date":"2023-01-22T05:00:00","date_gmt":"2023-01-22T08:00:00","guid":{"rendered":"https:\/\/latinoamerica21.com\/?p=14686"},"modified":"2023-11-09T17:11:52","modified_gmt":"2023-11-09T20:11:52","slug":"brasil-debe-buscar-soluciones-pactadas-para-evitar-las-desgracias-del-pasado","status":"publish","type":"post","link":"https:\/\/latinoamerica21.com\/es\/brasil-debe-buscar-soluciones-pactadas-para-evitar-las-desgracias-del-pasado\/","title":{"rendered":"Brasil debe buscar soluciones pactadas para evitar las desgracias del pasado"},"content":{"rendered":"\n<p>El nuevo gobierno de Lula -su tercero y el quinto del Partido de los Trabajadores- ha comenzado su luna de miel con los votantes anunciando la reactivaci\u00f3n de pol\u00edticas de Estado que hab\u00edan sido descuidadas o saboteadas por el gobierno anterior. Adem\u00e1s, ya se ha empezado a poner en orden el presupuesto p\u00fablico, tras la org\u00eda de beneficios otorgados por Bolsonaro para intentar ganar las elecciones. Esto deber\u00eda garantizar a Lula un inicio de gobierno sin grandes sobresaltos por falta de recursos. Pero a pesar de las promesas de Lula de no aumentar los gastos de personal ni perder de vista el enfoque program\u00e1tico, la gran cantidad de <a href=\"https:\/\/elpais.com\/internacional\/2023-01-08\/lula-y-sus-ministros-emprenden-la-reconstruccion-mientras-abrazan-la-diversidad-de-brasil.html\" target=\"_blank\" rel=\"noreferrer noopener\">ministerios repartida entre su amplia base de apoyo parlamentario<\/a>, ahora transformada en \u00abfrente amplio\u00bb, huele al pasado.<\/p>\n\n\n\n<p>El \u00e1rea estrat\u00e9gica de Ciencia y Tecnolog\u00eda, por ejemplo, se encomend\u00f3 a una dirigente del Partido Comunista de Brasil (PCdoB) que no tiene antecedentes en la materia. Lo mismo puede decirse de las \u00e1reas de Comunicaciones y Turismo, que fueron asignadas al partido Uni\u00f3n Brasil; de las \u00e1reas de Minas y Energ\u00eda y de Pesca, a cargo del Partido Social Democr\u00e1tico (PSD); Ciudades, para el Movimiento Democr\u00e1tico Brasile\u00f1o (MDB) y las \u00e1reas de Desarrollo Agrario y Gesti\u00f3n a miembros del Partido de los Trabajadores (PT). En todos estos casos, los elegidos parecen carecer de la experiencia necesaria para afrontar con eficacia, desde el inicio, las respectivas exigencias de sus carteras en un Gobierno que habla de \u00aburgencias\u00bb y de no tener \u00abespacio para equivocarse\u00bb.<\/p>\n\n\n\n<p>Esta pr\u00e1ctica no es exclusiva del PT. Es <a href=\"https:\/\/latinoamerica21.com\/es\/la-disyuntiva-de-lula-da-silva\/\" target=\"_blank\" rel=\"noreferrer noopener\">un problema estructural de la democracia brasile\u00f1a<\/a>, responsable, en gran parte, de su mal funcionamiento, ya que empodera facciones pol\u00edticas, disfrazadas de partidos, sin compromiso con el bien p\u00fablico. El problema es que la <em>Realpolitik<\/em> brasile\u00f1a insiste en despreciar los efectos de tal pragmatismo sobre la propia legitimidad del sistema, atribuyendo los agudos s\u00edntomas de su degeneraci\u00f3n \u00fanicamente a las locuras bolsonaristas y a su prodigiosa m\u00e1quina de desinformaci\u00f3n.<\/p>\n\n\n\n<p>A la ciega autoconfianza del pragmatismo brasile\u00f1o y su arte de acomodar intereses se suma el ensimismamiento de la izquierda en su eterno juego de instrumentalizaci\u00f3n de la \u00ablucha democr\u00e1tica\u00bb. Esta sensaci\u00f3n de infalibilidad parece impedirnos tomar plena conciencia de los errores cometidos desde la redemocratizaci\u00f3n del pa\u00eds. Esto se aprecia en la despreocupaci\u00f3n de Lula por el control del gasto p\u00fablico, sin tener en cuenta que el Estado brasile\u00f1o es un Estado caro -prisionero de oligarqu\u00edas derrochadoras- que ofrece servicios de baja calidad -como la educaci\u00f3n b\u00e1sica, la salud y la seguridad- en medio de una corrupci\u00f3n institucionalizada.<\/p>\n\n\n\n<p>De hecho, gran parte de la calidad de vida de los asalariados depende del acceso a servicios p\u00fablicos de calidad y no tanto al mercado de consumo, tan destacado en los trece a\u00f1os de gobiernos del PT.<\/p>\n\n\n\n<p>Por otro lado, no es de extra\u00f1ar que en sus discursos de asunci\u00f3n del mando, Lula no haya tocado el tema de la corrupci\u00f3n y que haya nombrado para la cartera de Integraci\u00f3n Nacional a un pol\u00edtico condenado por el Supremo Tribunal de Justicia a seis a\u00f1os de prisi\u00f3n por malversaci\u00f3n de fondos, seg\u00fan alerta la ONG Transparencia Internacional. El presidente tampoco habl\u00f3 de la eficacia de la m\u00e1quina gubernamental y de la seguridad p\u00fablica, como si fueran cuestiones resueltas que no afectan a los m\u00e1s pobres.<\/p>\n\n\n\n<p>Tras el reciente intento de golpe bolsonarista, puede ser que estos temas sean a\u00fan menos discutidos por los expertos y los medios de comunicaci\u00f3n, a fin de evitar cr\u00edticas al gobierno tras los fuertes ataques a la democracia y sus instituciones. Sin embargo, estos temas estar\u00e1n inexorablemente presentes en la vida cotidiana de la poblaci\u00f3n y ning\u00fan gobierno tendr\u00e1 \u00e9xito si no los enfrenta, lo cual implica confrontar a los sectores parasitarios que dominan la m\u00e1quina p\u00fablica.<\/p>\n\n\n\n<p>Adem\u00e1s de los problemas estructurales de Brasil, el nuevo gobierno deber\u00e1 afrontar el estancamiento econ\u00f3mico empeorado por la crisis econ\u00f3mica global. Y aqu\u00ed entramos en la cuesti\u00f3n m\u00e1s delicada para la supervivencia de nuestra democracia: \u00bfhasta cu\u00e1ndo podremos refinanciar nuestra deuda social mediante deuda p\u00fablica, sin tomar medidas eficaces para la sostenibilidad del desarrollo econ\u00f3mico y social?<\/p>\n\n\n\n<p>A juzgar por los discursos de Lula y del vicepresidente Geraldo Alckmin, este problema ha dejado de ser un tema anacr\u00f3nico para las \u00e9lites brasile\u00f1as. Sin embargo, la eficacia de su confrontaci\u00f3n se ve obstaculizada por la cuesti\u00f3n objetiva del presupuesto p\u00fablico y la planificaci\u00f3n, y por la forma en que el sistema pol\u00edtico los implementa.<\/p>\n\n\n\n<p>Retomar la senda del desarrollo nos plantea el doble desaf\u00edo de la presi\u00f3n distributiva y del crecimiento del Estado, frente a m\u00faltiples intereses particularistas (corporativos) a nivel de empresas y segmentos estatales. La presi\u00f3n presupuestaria de este tipo de acuerdos se registra en el \u00abtecho de gasto\u00bb instituido en el gobierno de Michel Temer, tanto porque excluy\u00f3 de \u00e9l los costos de la deuda p\u00fablica, como porque subestim\u00f3 las necesidades sociales presentes en una democracia.<\/p>\n\n\n\n<p>La soluci\u00f3n de este impasse requiere mucho m\u00e1s que lo que parece capaz de ofrecer la concertaci\u00f3n democr\u00e1tica en torno al nuevo gobierno. Tanto en lo que se refiere a la elaboraci\u00f3n de soluciones efectivas, reuniendo a pensadores y fuerzas pol\u00edticas de diversas orientaciones, como en la urgencia de enfrentar y resolver la crisis de legitimidad, que pasa por la transformaci\u00f3n de las facciones en verdaderos partidos. Estas metas no pueden ser alcanzadas por la pol\u00edtica de conciliaci\u00f3n tal como se ha establecido hist\u00f3ricamente en el pa\u00eds.<\/p>\n\n\n\n<p>En esta etapa de la vida pol\u00edtica nacional, la incapacidad del nuevo gobierno para generar y hacer viables estas soluciones pactadas podr\u00eda ser la sentencia de muerte de la Nueva Rep\u00fablica. En todos los casos anteriores, una vez que el poder pol\u00edtico hab\u00eda agotado su margen de maniobra, el cambio cont\u00f3 con la participaci\u00f3n directa de los militares, bien para redefinir los t\u00e9rminos del r\u00e9gimen liberal, bien para suprimirlo. Esforc\u00e9monos, pues, por producir una soluci\u00f3n pactada capaz de evitar las desgracias del pasado.<\/p>\n","protected":false},"excerpt":{"rendered":"<p>Pese a las promesas de Lula de no aumentar los gastos de personal ni perder de vista el enfoque program\u00e1tico, la gran cantidad de ministerios repartida entre su amplia base de apoyo parlamentario huele a naftalina.<\/p>\n","protected":false},"author":307,"featured_media":14688,"comment_status":"closed","ping_status":"closed","sticky":false,"template":"","format":"standard","meta":{"_acf_changed":false,"episode_type":"","audio_file":"","cover_image":"","cover_image_id":"","duration":"","filesize":"","filesize_raw":"","date_recorded":"","explicit":"","block":"","itunes_episode_number":"","itunes_title":"","itunes_season_number":"","itunes_episode_type":"","footnotes":""},"categories":[16468,16468,16487,16487,16524,16524],"tags":[],"gps":[],"class_list":{"0":"post-14686","1":"post","2":"type-post","3":"status-publish","4":"format-standard","5":"has-post-thumbnail","7":"category-politica","9":"category-brasil","11":"category-lula-da-silva"},"acf":[],"_links":{"self":[{"href":"https:\/\/latinoamerica21.com\/es\/wp-json\/wp\/v2\/posts\/14686","targetHints":{"allow":["GET"]}}],"collection":[{"href":"https:\/\/latinoamerica21.com\/es\/wp-json\/wp\/v2\/posts"}],"about":[{"href":"https:\/\/latinoamerica21.com\/es\/wp-json\/wp\/v2\/types\/post"}],"author":[{"embeddable":true,"href":"https:\/\/latinoamerica21.com\/es\/wp-json\/wp\/v2\/users\/307"}],"replies":[{"embeddable":true,"href":"https:\/\/latinoamerica21.com\/es\/wp-json\/wp\/v2\/comments?post=14686"}],"version-history":[{"count":0,"href":"https:\/\/latinoamerica21.com\/es\/wp-json\/wp\/v2\/posts\/14686\/revisions"}],"wp:featuredmedia":[{"embeddable":true,"href":"https:\/\/latinoamerica21.com\/es\/wp-json\/wp\/v2\/media\/14688"}],"wp:attachment":[{"href":"https:\/\/latinoamerica21.com\/es\/wp-json\/wp\/v2\/media?parent=14686"}],"wp:term":[{"taxonomy":"category","embeddable":true,"href":"https:\/\/latinoamerica21.com\/es\/wp-json\/wp\/v2\/categories?post=14686"},{"taxonomy":"post_tag","embeddable":true,"href":"https:\/\/latinoamerica21.com\/es\/wp-json\/wp\/v2\/tags?post=14686"},{"taxonomy":"gps","embeddable":true,"href":"https:\/\/latinoamerica21.com\/es\/wp-json\/wp\/v2\/gps?post=14686"}],"curies":[{"name":"wp","href":"https:\/\/api.w.org\/{rel}","templated":true}]}}