{"id":14922,"date":"2023-01-31T08:00:00","date_gmt":"2023-01-31T11:00:00","guid":{"rendered":"https:\/\/latinoamerica21.com\/?p=14922"},"modified":"2023-11-09T17:11:52","modified_gmt":"2023-11-09T20:11:52","slug":"por-la-democracia-brasilena-eliminemos-la-reeleccion-de-los-fiscales-generales","status":"publish","type":"post","link":"https:\/\/latinoamerica21.com\/es\/por-la-democracia-brasilena-eliminemos-la-reeleccion-de-los-fiscales-generales\/","title":{"rendered":"Por la democracia brasile\u00f1a, eliminemos la reelecci\u00f3n de los fiscales generales"},"content":{"rendered":"\n<p>Hay consenso entre los analistas pol\u00edticos brasile\u00f1os en que el actual fiscal general, Augusto Aras, ha tenido una actuaci\u00f3n, cuando menos, desastrosa. En lugar de combatir<a href=\"https:\/\/latinoamerica21.com\/br\/bolsonaro-e-o-ataque-permanente-as-instituicoes-brasilei\/\"> los desmanes de Jair Bolsonaro y su entorno<\/a>, el jefe del Ministerio P\u00fablico Federal habr\u00eda sido c\u00f3mplice del ahora expresidente. Aunque el diagn\u00f3stico es correcto, la explicaci\u00f3n del porqu\u00e9 se comport\u00f3 as\u00ed suele ser err\u00f3nea. Atribuir a Aras un alineamiento ideol\u00f3gico con el bolsonarismo, o incluso una especie de desv\u00edo de car\u00e1cter, es inexacto y dif\u00edcil de probar, adem\u00e1s de no explicar el aparente cambio de posici\u00f3n que el fiscal adopt\u00f3 tras la<a href=\"https:\/\/latinoamerica21.com\/br\/ganhou-lula-venceu-a-democracia\/\"> elecci\u00f3n de Luiz In\u00e1cio Lula da Silva en 2022<\/a>. La manera de hacer el nombramiento y, sobre todo, la posibilidad de renovaci\u00f3n del mandato de los fiscales generales de dos a\u00f1os son los puntos en los que se halla la clave para entender el comportamiento del fiscal general. Y no solo de este, sino tambi\u00e9n de los dem\u00e1s que han pasado por el cargo. Aras es, ante todo, un arribista, pero no necesariamente un hombre de extrema derecha.<\/p>\n\n\n\n<p>Augusto Aras, as\u00ed como sus predecesores, sigui\u00f3 las reglas del juego. Rachel Dodge, nombrada por Michel Temer en 2019, autoriz\u00f3 solo casos contra Bolsonaro cuando ya no ten\u00eda posibilidades de ser nombrada de nuevo al frente de la Fiscal\u00eda General por parte del nuevo presidente,<a href=\"https:\/\/www1.folha.uol.com.br\/poder\/2019\/09\/preterida-dodge-critica-governo-bolsonaro-e-se-diz-preocupada-ao-deixar-pgr.shtml\"> seg\u00fan la prensa<\/a>. Rodrigo Janot, por su parte, trabaj\u00f3 durante sus dos mandatos a favor de los intereses de sus colegas del Ministerio P\u00fablico Federal, cuando ser\u00edan ellos los que elegir\u00edan al fiscal general (Lula y Dilma Rousseff aceptaron casi autom\u00e1ticamente el nombramiento del m\u00e1s votado por los propios miembros del \u00f3rgano). Geraldo Brindeiro, que fue nombrado y reelegido tres veces m\u00e1s por Fernando Henrique Cardoso, lleg\u00f3 a ser conocido como el \u00abarchivador general de la rep\u00fablica\u00bb por archivar muchas acusaciones contra el Gobierno.<\/p>\n\n\n\n<p>Con la vista puesta en su candidatura en 2018, Aras no particip\u00f3 en la elecci\u00f3n organizada por los fiscales federales porque sab\u00eda que Bolsonaro no escuchar\u00eda los deseos de la corporaci\u00f3n. Al buscar su reelecci\u00f3n en 2021, el fiscal general pudo demostrar que era bastante cuidadoso con el entonces presidente, incluso siendo considerado por parte del mismo Bolsonaro para una futura vacante en el Supremo Tribunal Federal (STF).<\/p>\n\n\n\n<p>Aras apenas molest\u00f3 a Bolsonaro hasta que se conocieron los resultados de las urnas en 2022, todav\u00eda con la esperanza de que la pluma del entonces presidente pudiera llevarlo al STF o a otro per\u00edodo al frente del Ministerio P\u00fablico de la Uni\u00f3n. Ahora, con un nuevo presidente y sin posibilidades de conservar cargos importantes, intenta limpiar un poco su desgastada biograf\u00eda actuando contra los<a href=\"https:\/\/latinoamerica21.com\/br\/brasilia-uma-copia-de-washington\/\"> terroristas que atacaron la democracia brasile\u00f1a este a\u00f1o<\/a>. La verg\u00fcenza es lo que queda de la reputaci\u00f3n de Aras.<\/p>\n\n\n\n<p>El actual fiscal general se defiende diciendo que no es cierto que hubiera protegido al expresidente Bolsonaro. Recuerda que actu\u00f3 en algunos casos, pero que evit\u00f3 la politizaci\u00f3n de los tiempos de la<a href=\"https:\/\/latinoamerica21.com\/br\/os-zumbis-da-lava-jato-atacarao-em-2022\/\"> operaci\u00f3n Lava Jato<\/a>. Los n\u00fameros parciales de su actuaci\u00f3n, sin embargo, no parecen apoyar esta postura. El fiscal general archiv\u00f3 varias denuncias de que el presidente hab\u00eda actuado de forma delictiva en la gesti\u00f3n de la pandemia de la COVID-19, que fueron presentadas por la Comisi\u00f3n Parlamentaria de Investigaci\u00f3n (CPI) del Senado.<\/p>\n\n\n\n<p>Durante la campa\u00f1a electoral de 2022 (la m\u00e1s violenta desde la redemocratizaci\u00f3n en 1985 y que estuvo marcada por el uso de <em>fake news<\/em> por parte de los aliados de Bolsonaro), Aras, que tambi\u00e9n es fiscal general electoral, no emple\u00f3 la justicia electoral en ninguna ocasi\u00f3n sobre el uso de mentiras y <em>fake news<\/em>,<a href=\"https:\/\/www1.folha.uol.com.br\/poder\/2022\/10\/procuradoria-geral-se-omite-sobre-fake-news-e-uso-da-maquina-na-eleicao-presidencial.shtml\"> seg\u00fan un reportaje de <em>Folha<\/em><\/a>.<\/p>\n\n\n\n<p>Una<a href=\"https:\/\/dev.transparenciainternacional.org.br\/publicacoes\/retrospectiva-brasil-2020\/\"> investigaci\u00f3n de Transparencia Internacional<\/a> muestra que ha abierto menos procedimientos de investigaci\u00f3n penal (PIC) relacionados con la corrupci\u00f3n de sus predecesores. En 2016, todav\u00eda con Rodrigo Janot como fiscal general, hab\u00eda 577 PIC. Con Aras, estas cifras se redujeron a 366 en 2019, 200 en 2020 y 241 en 2021. El STF y sus ministros tuvieron que adoptar medidas heterodoxas para sortear la inercia de quien detenta el monopolio de la acusaci\u00f3n penal en relaci\u00f3n con el presidente, los ministros y los parlamentarios.<\/p>\n\n\n\n<p>El mandato de Aras finaliza en septiembre. Lula no se comprometi\u00f3 a respetar la elecci\u00f3n organizada por los fiscales federales (y lo hizo con raz\u00f3n). La experiencia de un fiscal federal que tiene como elector a sus propios colegas, tambi\u00e9n result\u00f3 desastrosa. Janot, que dirig\u00eda el Ministerio P\u00fablico Federal durante la operaci\u00f3n Lava Jato, hizo tanto da\u00f1o a la democracia brasile\u00f1a como Aras.<\/p>\n\n\n\n<p>Y la cuesti\u00f3n no es necesariamente la posici\u00f3n pol\u00edtica de ambos. El problema es que la posibilidad de volver a ser nombrado en el cargo o de ocupar otros puestos destacados en el Estado brasile\u00f1o, como ministro del STF, incita al fiscal general a actuar de una manera que puede considerarse indebida.<\/p>\n\n\n\n<p>Cuando un presidente nombra y vuelve a nombrar al fiscal general sin consultar a los miembros del Ministerio P\u00fablico Federal, tal como hicieron Fernando Henrique Cardoso y Bolsonaro, somos testigos de ocupantes de la Fiscal\u00eda General que son excesivamente indulgentes con los jefes del Ejecutivo.<\/p>\n\n\n\n<p>Cuando, por otro lado, el poder de nombramiento se transfiere a los 1.200 fiscales p\u00fablicos, tal como hicieron Lula y Rousseff, corremos el riesgo de tener un ocupante de un cargo muy poderoso sin m\u00e1s l\u00edmite pol\u00edtico que su propia corporaci\u00f3n.<\/p>\n\n\n\n<p>Es necesario acabar con la posibilidad de reelecci\u00f3n y la creaci\u00f3n de una larga cuarentena para quienes ocupan la Fiscal\u00eda General. De lo contrario, Brasil volver\u00e1 siempre al mismo dilema de vez en cuando: excesiva independencia o falta de autonom\u00eda, dos extremos perjudiciales para la democracia.&nbsp;&nbsp;<\/p>\n\n\n\n<hr class=\"wp-block-separator has-alpha-channel-opacity\"\/>\n\n\n\n<p class=\"has-text-align-right\"><strong><em>Episodio relacionado de nuestro&nbsp;<\/em><\/strong><a href=\"https:\/\/latinoamerica21.com\/podcast\/\"><strong><em>podcast<\/em><\/strong><\/a><strong>:<\/strong>&nbsp;<\/p>\n\n\n\n<figure class=\"wp-block-embed is-type-rich is-provider-spotify wp-block-embed-spotify wp-embed-aspect-21-9 wp-has-aspect-ratio\"><div class=\"wp-block-embed__wrapper\">\n<iframe title=\"Spotify Embed: Justi\u00e7a e pol\u00edtica no Brasil. O caso Lava Jato \" style=\"border-radius: 12px\" width=\"100%\" height=\"152\" frameborder=\"0\" allowfullscreen allow=\"autoplay; clipboard-write; encrypted-media; fullscreen; picture-in-picture\" loading=\"lazy\" src=\"https:\/\/open.spotify.com\/embed\/episode\/40QoyRrCsrUNHaaLoRLEih?si=O0Fo5aknRIyvMEf7LlycSg&#038;utm_source=oembed\"><\/iframe>\n<\/div><\/figure>\n","protected":false},"excerpt":{"rendered":"<p>De no acabar con la posibilidad de reelecci\u00f3n, Brasil volver\u00e1 al mismo dilema de vez en cuando: excesiva independencia o falta de autonom\u00eda, dos extremos perjudiciales para la democracia.\u00a0\u00a0<\/p>\n","protected":false},"author":305,"featured_media":14925,"comment_status":"closed","ping_status":"closed","sticky":false,"template":"","format":"standard","meta":{"_acf_changed":false,"episode_type":"","audio_file":"","cover_image":"","cover_image_id":"","duration":"","filesize":"","filesize_raw":"","date_recorded":"","explicit":"","block":"","itunes_episode_number":"","itunes_title":"","itunes_season_number":"","itunes_episode_type":"","footnotes":""},"categories":[16642,16497,16642,16487,16487,16497],"tags":[],"gps":[],"class_list":{"0":"post-14922","1":"post","2":"type-post","3":"status-publish","4":"format-standard","5":"has-post-thumbnail","7":"category-sistema-judicial","8":"category-democracia","10":"category-brasil"},"acf":[],"_links":{"self":[{"href":"https:\/\/latinoamerica21.com\/es\/wp-json\/wp\/v2\/posts\/14922","targetHints":{"allow":["GET"]}}],"collection":[{"href":"https:\/\/latinoamerica21.com\/es\/wp-json\/wp\/v2\/posts"}],"about":[{"href":"https:\/\/latinoamerica21.com\/es\/wp-json\/wp\/v2\/types\/post"}],"author":[{"embeddable":true,"href":"https:\/\/latinoamerica21.com\/es\/wp-json\/wp\/v2\/users\/305"}],"replies":[{"embeddable":true,"href":"https:\/\/latinoamerica21.com\/es\/wp-json\/wp\/v2\/comments?post=14922"}],"version-history":[{"count":0,"href":"https:\/\/latinoamerica21.com\/es\/wp-json\/wp\/v2\/posts\/14922\/revisions"}],"wp:featuredmedia":[{"embeddable":true,"href":"https:\/\/latinoamerica21.com\/es\/wp-json\/wp\/v2\/media\/14925"}],"wp:attachment":[{"href":"https:\/\/latinoamerica21.com\/es\/wp-json\/wp\/v2\/media?parent=14922"}],"wp:term":[{"taxonomy":"category","embeddable":true,"href":"https:\/\/latinoamerica21.com\/es\/wp-json\/wp\/v2\/categories?post=14922"},{"taxonomy":"post_tag","embeddable":true,"href":"https:\/\/latinoamerica21.com\/es\/wp-json\/wp\/v2\/tags?post=14922"},{"taxonomy":"gps","embeddable":true,"href":"https:\/\/latinoamerica21.com\/es\/wp-json\/wp\/v2\/gps?post=14922"}],"curies":[{"name":"wp","href":"https:\/\/api.w.org\/{rel}","templated":true}]}}