{"id":15115,"date":"2023-02-10T08:00:00","date_gmt":"2023-02-10T11:00:00","guid":{"rendered":"https:\/\/latinoamerica21.com\/?p=15115"},"modified":"2023-11-09T17:11:51","modified_gmt":"2023-11-09T20:11:51","slug":"rituales-constitucionales-en-mexico","status":"publish","type":"post","link":"https:\/\/latinoamerica21.com\/es\/rituales-constitucionales-en-mexico\/","title":{"rendered":"Rituales constitucionales en M\u00e9xico"},"content":{"rendered":"\n<p>El 5 de febrero de cada a\u00f1o se celebra en M\u00e9xico el aniversario de la promulgaci\u00f3n de la Constituci\u00f3n de 1917 que dio por terminada la revuelta revolucionaria contra la dictadura de Porfirio D\u00edaz y el usurpador Victoriano Huerta. El acto conmemorativo del 106 aniversario, celebrado tradicionalmente en Quer\u00e9taro, al que acuden los representantes de los tres poderes de la Uni\u00f3n, est\u00e1 siempre cargado de simbolismo, rituales y mensajes a favor de la vigencia de la Constituci\u00f3n. Y esta vez no fue la excepci\u00f3n, aunque con las singularidades que atienden a la circunstancia del pa\u00eds.<\/p>\n\n\n\n<p>En el acto, Andr\u00e9s Manuel L\u00f3pez Obrador, presidente constitucional, estuvo flanqueado por el secretario de Gobernaci\u00f3n y los secretarios de la Defensa Nacional y la Marina. De esta manera, se <a href=\"https:\/\/latinoamerica21.com\/es\/en-defensa-del-ine-y-la-democracia-en-mexico\/\" target=\"_blank\" rel=\"noreferrer noopener\">releg\u00f3 al extremo izquierdo del pres\u00eddium a la ministra presidenta de la Suprema Corte<\/a> de Justicia de la Naci\u00f3n, Norma Pi\u00f1a Hern\u00e1ndez, y al presidente de la Mesa Directiva de la C\u00e1mara de Diputados, Santiago Creel Miranda. Esta es <a href=\"https:\/\/elpais.com\/mexico\/2023-02-05\/norma-pina-defiende-la-independencia-judicial-ante-lopez-obrador.html\" target=\"_blank\" rel=\"noreferrer noopener\">una falta en el protocolo de un gobierno constitucionalmente civil<\/a> y habla de las cercan\u00edas y las distancias del presidente en funciones.<\/p>\n\n\n\n<p>Esta primera estampa suscit\u00f3 diferentes opiniones por el mensaje impl\u00edcito que conlleva una decisi\u00f3n de esta naturaleza que se tom\u00f3 en el \u00faltimo momento y contraviene las tradiciones y rituales de esta fecha significativa del constitucionalismo mexicano. La imagen del pres\u00eddium ser\u00eda la puesta de una escena que habr\u00e1 de quedar para la historia y como la antesala de los discursos del presidente L\u00f3pez Obrador y del diputado Creel Miranda. Este \u00faltimo pertenece a la fracci\u00f3n parlamentaria opositora del PAN.<\/p>\n\n\n\n<p>En el acto, el presidente se\u00f1al\u00f3: \u201cDebemos seguir luchando por los ideales de la Revoluci\u00f3n mexicana consagrados en la Constituci\u00f3n de 1917; no dejar de insistir en abolir, por la v\u00eda legal y democr\u00e1tica, las reformas contrarias al inter\u00e9s p\u00fablico impuestas durante el periodo neoliberal; continuar proponiendo cambios al marco legal en beneficio del pueblo hasta devolver a nuestra ley m\u00e1xima toda la grandeza de su humanismo original&#8230; Ante este vergonzoso retroceso, podemos, con orgullo y con la frente en alto, sostener que millones de mexicanos hemos logrado la aprobaci\u00f3n de algunas reformas con el distintivo de la honestidad y el humanismo\u201d.<\/p>\n\n\n\n<p>La l\u00ednea narrativa antineoliberal de su gobierno, que qued\u00f3 plasmada en el discurso, ha derivado en un mundo binario de liberales y conservadores, aliados y adversarios, pueblo y oligarqu\u00eda, as\u00ed como tambi\u00e9n ha servido para atizar la polarizaci\u00f3n sin dejar espacio para la pol\u00edtica del di\u00e1logo, la negociaci\u00f3n y los acuerdos.<\/p>\n\n\n\n<p>De ah\u00ed, el discurso sensato de Santiago Creel llamando a la reconciliaci\u00f3n y a conducirse sobre la base de los principios constitucionales: \u201cDesterremos de una vez por todas nuestras diferencias y confrontaciones, particularmente, las que ha habido en el pasado\u2026, debemos encontrar, a trav\u00e9s del di\u00e1logo pol\u00edtico, la unidad de esta pluralidad y diversidad que es M\u00e9xico, no a trav\u00e9s de una visi\u00f3n \u00fanica. Eso contradice la esencia de nuestra democracia\u201d. Mejor, todav\u00eda, afirm\u00f3: \u201cNo hay m\u00e1s moral pol\u00edtica que la Constituci\u00f3n. Esa es la moral de todos quienes somos servidores p\u00fablicos\u201d.<\/p>\n\n\n\n<p>M\u00e9xico vive, actualmente, los embates diarios del presidente contra todos aquellos que se salen del radio de su visi\u00f3n pol\u00edtica e ideol\u00f3gica. El m\u00e1s reciente, contra su antiguo correligionario Cuauht\u00e9moc C\u00e1rdenas, candidato presidencial de la izquierda en tres oportunidades y un referente obligatorio de la transici\u00f3n a la democracia. C\u00e1rdenas fue se\u00f1alado como integrante de un colectivo opositor y, por ello, tildado de adversario y parte de la \u201coposici\u00f3n moderada\u201d que estar\u00eda en contra del movimiento pol\u00edtico de la llamada cuarta transformaci\u00f3n.<\/p>\n\n\n\n<p>El pa\u00eds est\u00e1 en la antesala de las elecciones constitucionales de los estados de M\u00e9xico y Coahuila (dos bastiones hist\u00f3ricos del PRI), que se celebrar\u00e1n el pr\u00f3ximo verano y de las elecciones generales de 2024. All\u00ed estar\u00e1 en juego la Presidencia de la rep\u00fablica y, teniendo en cuenta los votos obtenidos en los comicios federales por toda la oposici\u00f3n (la coalici\u00f3n Va por M\u00e9xico del PRI-PAN-PRD, m\u00e1s el partido Movimiento Ciudadano), lo menos que se vislumbra son unas elecciones re\u00f1idas.<\/p>\n\n\n\n<p>Esto explica en parte la radicalizaci\u00f3n del discurso antineoliberal y la confrontaci\u00f3n con los consejeros del Instituto Nacional Electoral, quienes est\u00e1n encargados de organizar las elecciones federales y quienes son coadyuvantes en las elecciones de la mayor\u00eda de los 32 estados. Esa confrontaci\u00f3n se hizo visible en los actos conmemorativos de la Constituci\u00f3n, incluso cuando la presidenta de la Corte tambi\u00e9n rompi\u00f3 el protocolo de la ceremonia al no pararse de su silla para aplaudir el discurso del presidente, lo que desconcert\u00f3, para empezar, al propio titular del Ejecutivo, que, improvisando, afirm\u00f3 que era una muestra de la diversidad en nuestro pa\u00eds.<\/p>\n\n\n\n<hr class=\"wp-block-separator has-alpha-channel-opacity\"\/>\n\n\n\n<p class=\"has-text-align-right\"><strong><em>Episodio relacionado de nuestro\u00a0<\/em><\/strong><a href=\"https:\/\/latinoamerica21.com\/podcast\/\"><strong><em>podcast<\/em><\/strong><\/a><strong>:<\/strong><\/p>\n\n\n\n<figure class=\"wp-block-embed is-type-rich is-provider-spotify wp-block-embed-spotify wp-embed-aspect-21-9 wp-has-aspect-ratio\"><div class=\"wp-block-embed__wrapper\">\n<iframe title=\"Spotify Embed: M\u00e9xico y la tentaci\u00f3n hegem\u00f3nica\" style=\"border-radius: 12px\" width=\"100%\" height=\"152\" frameborder=\"0\" allowfullscreen allow=\"autoplay; clipboard-write; encrypted-media; fullscreen; picture-in-picture\" loading=\"lazy\" src=\"https:\/\/open.spotify.com\/embed\/episode\/7AAghleeXsHaBOdZE0PzDD?si=7tDmoxYcTTy99Tsv2LiSMw&#038;utm_source=oembed\"><\/iframe>\n<\/div><\/figure>\n\n\n\n<p class=\"has-text-align-right\"><\/p>\n","protected":false},"excerpt":{"rendered":"<p>El pa\u00eds est\u00e1 en la antesala de las elecciones de los estados de M\u00e9xico y Coahuila del pr\u00f3ximo verano y de las elecciones generales de 2024. <\/p>\n","protected":false},"author":331,"featured_media":15116,"comment_status":"closed","ping_status":"closed","sticky":false,"template":"","format":"standard","meta":{"_acf_changed":false,"episode_type":"","audio_file":"","cover_image":"","cover_image_id":"","duration":"","filesize":"","filesize_raw":"","date_recorded":"","explicit":"","block":"","itunes_episode_number":"","itunes_title":"","itunes_season_number":"","itunes_episode_type":"","footnotes":""},"categories":[16466,16466,16497,16497,16536,16536],"tags":[14126],"gps":[],"class_list":{"0":"post-15115","1":"post","2":"type-post","3":"status-publish","4":"format-standard","5":"has-post-thumbnail","7":"category-mexico","9":"category-democracia","11":"category-lopez-obrador","13":"tag-debates-br-es"},"acf":[],"_links":{"self":[{"href":"https:\/\/latinoamerica21.com\/es\/wp-json\/wp\/v2\/posts\/15115","targetHints":{"allow":["GET"]}}],"collection":[{"href":"https:\/\/latinoamerica21.com\/es\/wp-json\/wp\/v2\/posts"}],"about":[{"href":"https:\/\/latinoamerica21.com\/es\/wp-json\/wp\/v2\/types\/post"}],"author":[{"embeddable":true,"href":"https:\/\/latinoamerica21.com\/es\/wp-json\/wp\/v2\/users\/331"}],"replies":[{"embeddable":true,"href":"https:\/\/latinoamerica21.com\/es\/wp-json\/wp\/v2\/comments?post=15115"}],"version-history":[{"count":0,"href":"https:\/\/latinoamerica21.com\/es\/wp-json\/wp\/v2\/posts\/15115\/revisions"}],"wp:featuredmedia":[{"embeddable":true,"href":"https:\/\/latinoamerica21.com\/es\/wp-json\/wp\/v2\/media\/15116"}],"wp:attachment":[{"href":"https:\/\/latinoamerica21.com\/es\/wp-json\/wp\/v2\/media?parent=15115"}],"wp:term":[{"taxonomy":"category","embeddable":true,"href":"https:\/\/latinoamerica21.com\/es\/wp-json\/wp\/v2\/categories?post=15115"},{"taxonomy":"post_tag","embeddable":true,"href":"https:\/\/latinoamerica21.com\/es\/wp-json\/wp\/v2\/tags?post=15115"},{"taxonomy":"gps","embeddable":true,"href":"https:\/\/latinoamerica21.com\/es\/wp-json\/wp\/v2\/gps?post=15115"}],"curies":[{"name":"wp","href":"https:\/\/api.w.org\/{rel}","templated":true}]}}