{"id":1555,"date":"2020-03-07T08:46:00","date_gmt":"2020-03-07T11:46:00","guid":{"rendered":"http:\/\/latinoamerica21.com\/?p=1555"},"modified":"2023-10-24T10:33:42","modified_gmt":"2023-10-24T13:33:42","slug":"con-el-coronavirus-bolsonaro-hace-de-trump-un-estadista","status":"publish","type":"post","link":"https:\/\/latinoamerica21.com\/es\/con-el-coronavirus-bolsonaro-hace-de-trump-un-estadista\/","title":{"rendered":"Con la COVID-19, Bolsonaro hace de Trump un estadista"},"content":{"rendered":"\n<p>Ojal\u00e1 Jair Bolsonaro hubiera aprovechado el s\u00e1bado pasado en la tarde para uno de sus pasatiempos favoritos: ver por televisi\u00f3n los pronunciamientos del presidente estadounidense Donald Trump. Porque la crisis en la que ha desembocado la COVID-19 hace que el presidente americano parezca un estadista en comparaci\u00f3n con el mandatario brasile\u00f1o.<\/p>\n\n\n\n<p>El comportamiento de Bolsonaro en relaci\u00f3n con la primera gran crisis que enfrenta su gobierno es lamentable. La semana pasada, cuando el problema se agrav\u00f3 de manera sensible, el presidente brasile\u00f1o abord\u00f3 el problema de la COVID-19 desde dos puntos de vista: el efecto de la <a href=\"https:\/\/www.realinstitutoelcano.org\/analisis\/brasil-jair-bolsonaro-y-el-covid-19\/\">enfermedad<\/a> en la econom\u00eda brasile\u00f1a y el de su agenda personal, y afirm\u00f3 que podr\u00eda llegar a &nbsp;tener que cancelar un viaje a Italia.<\/p>\n\n\n\n<blockquote class=\"wp-block-quote is-layout-flow wp-block-quote-is-layout-flow\">\n<p>Mientras los brasile\u00f1os estaban aterrorizados por el nuevo virus, Bolsonaro destin\u00f3 su aparici\u00f3n del jueves en la noche a los ataques a los medios de comunicaci\u00f3n\u00bb <\/p>\n<\/blockquote>\n\n\n\n<p>Sobre la salud p\u00fablica, nada. Bolsonaro ni siquiera utiliz\u00f3 su canal de comunicaci\u00f3n m\u00e1s c\u00f3modo, las transmisiones semanales en directo por Facebook, para hablar con los ciudadanos de su pa\u00eds sobre la enfermedad. Mientras los <a href=\"https:\/\/latinoamerica21.com\/es\/la-politica-exterior-brasilena-en-el-divan\/\">brasile\u00f1os<\/a> estaban aterrorizados por el nuevo virus, Bolsonaro destin\u00f3 su aparici\u00f3n del jueves en la noche a los ataques a los medios de comunicaci\u00f3n y a los periodistas. <\/p>\n\n\n\n<p>Si no quer\u00eda hablar \u00e9l mismo, el presidente podr\u00eda al menos haber llevado al asesor del \u00e1rea, como lo hizo en otras ocasiones con el ministro de Sanidad, Luiz Henrique Mandetta, quien ha sido ponderado y claro en sus discursos p\u00fablicos. Pero ni siquiera hizo eso. <\/p>\n\n\n\n<p>Trump no es ciertamente un gran ejemplo y ha sido criticado en los EE. UU. por sus acciones contra el coronavirus. Incluso llam\u00f3 a la COVID-19 una farsa. Este s\u00e1bado, sin embargo, hizo una declaraci\u00f3n sobre el virus y pidi\u00f3 calma a la poblaci\u00f3n. En el momento de sus declaraciones estaba de pie junto a su ayudante, Mike Pence, quien es el responsable de coordinar la reacci\u00f3n del Gobierno de los EE. UU. ante la enfermedad. Pence dio recomendaciones espec\u00edficas a la poblaci\u00f3n: no viajar a ciertas regiones de Italia y Corea del Sur. Trump y Pence estaban acompa\u00f1ados por dos de los principales ejecutivos de la salud p\u00fablica. Despu\u00e9s de los discursos, todos respondieron a una bater\u00eda de preguntas de los periodistas sobre la enfermedad.<\/p>\n\n\n\n<p>Trump parece haber ca\u00eddo en la cuenta de que la COVID-19 puede llegar a contaminar su campa\u00f1a para la reelecci\u00f3n de este a\u00f1o. Incluso el l\u00edder de China, Xi Jinping, que no depende de los votos de la gente, percibi\u00f3 la enfermedad como una amenaza pol\u00edtica. Sin embargo, Bolsonaro debe creer que descubri\u00f3 la vacuna contra el coronavirus.<\/p>\n\n\n\n<hr class=\"wp-block-separator\" id=\"block-ad479456-90c3-41b5-ade0-586b2032ee7e\"\/>\n\n\n\n<p class=\"has-text-align-right\" id=\"block-829d7943-9f44-4450-a6f4-84aa58c3a0e4\"><strong><em>Episodio relacionado de nuestro&nbsp;<a href=\"http:\/\/latinoamerica21.com\/podcast\/\">podcast<\/a><\/em>:<\/strong><\/p>\n\n\n\n<figure class=\"wp-block-embed is-type-rich is-provider-spotify wp-block-embed-spotify wp-embed-aspect-21-9 wp-has-aspect-ratio\"><div class=\"wp-block-embed__wrapper\">\n<iframe title=\"Spotify Embed: Comunicaci\u00f3n pol\u00edtica y pandemia en Brasil\" style=\"border-radius: 12px\" width=\"100%\" height=\"152\" frameborder=\"0\" allowfullscreen allow=\"autoplay; clipboard-write; encrypted-media; fullscreen; picture-in-picture\" loading=\"lazy\" src=\"https:\/\/open.spotify.com\/embed\/episode\/6SFNsOr0vridCIIMIY051e?si=FLAT1OUEQuGzjIww0j7G5g&#038;utm_source=oembed\"><\/iframe>\n<\/div><\/figure>\n\n\n\n<p><em>Foto de Palacio del Planalto en Foter.com \/ CC BY<\/em><\/p>\n","protected":false},"excerpt":{"rendered":"<p>Ojal\u00e1 Jair Bolsonaro hubiera aprovechado el s\u00e1bado pasado en la tarde para uno de sus pasatiempos favoritos: ver por televisi\u00f3n los pronunciamientos de Donald Trump. Porque la crisis que ha generado la COVID-19 hace que el presidente americano parezca un estadista en comparaci\u00f3n con el mandatario brasile\u00f1o.<\/p>\n","protected":false},"author":35,"featured_media":1556,"comment_status":"closed","ping_status":"closed","sticky":false,"template":"","format":"standard","meta":{"_acf_changed":false,"episode_type":"","audio_file":"","cover_image":"","cover_image_id":"","duration":"","filesize":"","filesize_raw":"","date_recorded":"","explicit":"","block":"","itunes_episode_number":"","itunes_title":"","itunes_season_number":"","itunes_episode_type":"","footnotes":""},"categories":[16514,16514,16502,16502,16542,16542],"tags":[14126],"gps":[],"class_list":{"0":"post-1555","1":"post","2":"type-post","3":"status-publish","4":"format-standard","5":"has-post-thumbnail","7":"category-donald-trump","9":"category-jair-bolsonaro","11":"category-coronavirus","13":"tag-debates-br-es"},"acf":[],"_links":{"self":[{"href":"https:\/\/latinoamerica21.com\/es\/wp-json\/wp\/v2\/posts\/1555","targetHints":{"allow":["GET"]}}],"collection":[{"href":"https:\/\/latinoamerica21.com\/es\/wp-json\/wp\/v2\/posts"}],"about":[{"href":"https:\/\/latinoamerica21.com\/es\/wp-json\/wp\/v2\/types\/post"}],"author":[{"embeddable":true,"href":"https:\/\/latinoamerica21.com\/es\/wp-json\/wp\/v2\/users\/35"}],"replies":[{"embeddable":true,"href":"https:\/\/latinoamerica21.com\/es\/wp-json\/wp\/v2\/comments?post=1555"}],"version-history":[{"count":0,"href":"https:\/\/latinoamerica21.com\/es\/wp-json\/wp\/v2\/posts\/1555\/revisions"}],"wp:featuredmedia":[{"embeddable":true,"href":"https:\/\/latinoamerica21.com\/es\/wp-json\/wp\/v2\/media\/1556"}],"wp:attachment":[{"href":"https:\/\/latinoamerica21.com\/es\/wp-json\/wp\/v2\/media?parent=1555"}],"wp:term":[{"taxonomy":"category","embeddable":true,"href":"https:\/\/latinoamerica21.com\/es\/wp-json\/wp\/v2\/categories?post=1555"},{"taxonomy":"post_tag","embeddable":true,"href":"https:\/\/latinoamerica21.com\/es\/wp-json\/wp\/v2\/tags?post=1555"},{"taxonomy":"gps","embeddable":true,"href":"https:\/\/latinoamerica21.com\/es\/wp-json\/wp\/v2\/gps?post=1555"}],"curies":[{"name":"wp","href":"https:\/\/api.w.org\/{rel}","templated":true}]}}