{"id":15554,"date":"2023-02-28T05:00:00","date_gmt":"2023-02-28T08:00:00","guid":{"rendered":"https:\/\/latinoamerica21.com\/?p=15554"},"modified":"2023-12-28T04:16:04","modified_gmt":"2023-12-28T07:16:04","slug":"mexico-usted-por-quien-marcha","status":"publish","type":"post","link":"https:\/\/latinoamerica21.com\/es\/mexico-usted-por-quien-marcha\/","title":{"rendered":"M\u00e9xico: Usted, \u00bfpor qui\u00e9n marcha?"},"content":{"rendered":"\n<p>Estaba sentado en la parte m\u00e1s alta del auditorio que se encontraba repleto, pues la persona que dictaba el curso es una de las figuras clave para la democracia en M\u00e9xico. De todas las ense\u00f1anzas y experiencias que nos comparti\u00f3 aquellos d\u00edas, hay una que no he podido olvidar: \u201cLa construcci\u00f3n de nuestra democracia se bas\u00f3 en la desconfianza\u201d.<\/p>\n\n\n\n<p>Con esa frase resumi\u00f3 las diferentes disputas t\u00e9cnicas, te\u00f3ricas, ideol\u00f3gicas y pol\u00edticas que, entre partidos pol\u00edticos, estos y la sociedad civil, y ella con el Gobierno llevaron a la creaci\u00f3n del entonces Instituto Federal Electoral (IFE) que hoy, como Instituto Nacional Electoral (INE), nuevamente es el centro de la desconfianza que ha hecho que los mexicanos nos pongamos en uno de los dos siguientes bandos: \u201ctransformadores\u201d o \u201ccontinuistas\u201d.<\/p>\n\n\n\n<p>Los \u201ctransformadores\u201d apoyan la iniciativa del presidente Andr\u00e9s Manuel L\u00f3pez Obrador para reformar al INE a trav\u00e9s del llamado Plan B, que, entre otras cosas, comprende recortes en la estructura operativa del instituto. Por su parte, <a href=\"https:\/\/latinoamerica21.com\/es\/en-defensa-del-ine-y-la-democracia-en-mexico\/\" target=\"_blank\" rel=\"noreferrer noopener\">los \u201ccontinuistas\u201d critican el Plan B<\/a> al mostrar que sus recortes estructurales y presupuestales implicar\u00edan que la realizaci\u00f3n y validaci\u00f3n de las elecciones <em>pase de facto<\/em> al gobierno en turno.<\/p>\n\n\n\n<p>M\u00e1s all\u00e1 de la discusi\u00f3n de los recovecos legales del plan, este nuevo episodio de desconfianza traduce la narrativa de ambos bandos en una puesta en escena: las marchas. Los \u201ccontinuistas\u201d salieron primero a la calle el 13 de noviembre de 2022 para denunciar el intento de destrucci\u00f3n del instituto; L\u00f3pez Obrador convoc\u00f3 una marcha en respuesta el 27 de diciembre del mismo a\u00f1o para mostrar el amplio respaldo popular de su iniciativa. Para este a\u00f1o, <a href=\"https:\/\/elpais.com\/mexico\/2023-02-26\/la-oposicion-llena-el-zocalo-para-protestar-contra-la-reforma-electoral-de-lopez-obrador.html\" target=\"_blank\" rel=\"noreferrer noopener\">los \u201ccontinuistas\u201d salieron a la calle el 26 de febrero<\/a>; los \u201ctransformadores\u201d har\u00e1n lo propio el 18 de marzo.<\/p>\n\n\n\n<figure class=\"wp-block-image size-large\"><a href=\"https:\/\/latinoamerica21.com\/podcast\/mirada-semanal-4ta-semana-de-febrero-2023\/\" target=\"_blank\" rel=\"noreferrer noopener\"><img loading=\"lazy\" decoding=\"async\" width=\"1024\" height=\"331\" src=\"https:\/\/latinoamerica21.com\/wp-content\/uploads\/2023\/02\/MIRADA-SEMANAL-2-1024x331.jpg\" alt=\"\" class=\"wp-image-15556\" srcset=\"https:\/\/latinoamerica21.com\/wp-content\/uploads\/2023\/02\/MIRADA-SEMANAL-2-1024x331.jpg 1024w, https:\/\/latinoamerica21.com\/wp-content\/uploads\/2023\/02\/MIRADA-SEMANAL-2-300x97.jpg 300w, https:\/\/latinoamerica21.com\/wp-content\/uploads\/2023\/02\/MIRADA-SEMANAL-2-768x248.jpg 768w, https:\/\/latinoamerica21.com\/wp-content\/uploads\/2023\/02\/MIRADA-SEMANAL-2-1536x497.jpg 1536w, https:\/\/latinoamerica21.com\/wp-content\/uploads\/2023\/02\/MIRADA-SEMANAL-2.jpg 2000w\" sizes=\"auto, (max-width: 1024px) 100vw, 1024px\" \/><\/a><\/figure>\n\n\n\n<p>\u00bfCu\u00e1les son las ideas en contienda? El Gobierno ha puesto a la \u201causteridad\u201d como el centro de su reforma: qui\u00e9n no defender\u00eda ahorrar m\u00e1s y gastar menos (casi) en lo que sea. Por su parte, los continuistas han hecho lo propio con la \u201cseguridad\u201d, es decir, defienden la idea de que, si bien el INE puede ser costoso, la certeza que les otorga a los procesos y resultados electorales est\u00e1n por encima de cualquier cifra.<\/p>\n\n\n\n<p>Las marchas de ambos bandos son un buen signo de los tiempos de polarizaci\u00f3n afectiva que estamos viviendo. La mayor parte de las reformas impulsadas por el Gobierno nos han obligado a estar a favor o en contra y, en consecuencia, la pluralidad democr\u00e1tica ha tenido que sincretizarse artificialmente para defender en bloque algo sobre lo que tiene diferencias.<\/p>\n\n\n\n<p>La din\u00e1mica de la actual democracia mexicana est\u00e1 nuevamente sustentada en la desconfianza que le dio origen y en afectos que la debilitan al dividirnos. El discurso gubernamental refleja la desconfianza que tiene hacia la democracia misma, el INE no es m\u00e1s que la cara visible del desprecio que los \u201ctransformadores\u201d le tienen a la democracia, pero que adornan con el discurso de ser portadores de la voz del pueblo. Por su parte, los \u201ccontinuistas\u201d tendr\u00e1n poco \u00e9xito al traducir su idea de \u201cseguridad\u201d a la poblaci\u00f3n si solamente la ligan al rechazo y enojo que les suscita la figura de L\u00f3pez Obrador.<\/p>\n\n\n\n<p>Luego de las crisis que hemos atravesado en este siglo, los mexicanos estar\u00edamos de acuerdo en que ahorrar es una buena idea, pero, al mismo tiempo, sabemos que el alto costo de las elecciones nos ha permitido, durante este mismo siglo, la alternancia en el poder y la expresi\u00f3n de nuestra voz a trav\u00e9s de la emisi\u00f3n del voto. En este doble contexto, marchar es expresi\u00f3n de la crisis\/oportunidad en que se encuentra la democracia mexicana.<\/p>\n\n\n\n<p>Aunque falta un largo camino legal para que el Plan B sea una realidad, es probable que, a pesar de la segunda marcha ciudadana de los \u201ccontinuistas\u201d, los \u201ctransformadores\u201d ya hayan dado los primeros pasos hacia su aplicaci\u00f3n. Por ello, no debemos perder de vista las ideas que sustentan la disputa por el INE, pues estas definen no solo la estructura y el funcionamiento de una instituci\u00f3n, sino el futuro de la democracia mexicana.<\/p>\n\n\n\n<p>Usted, \u00bfpor qui\u00e9n marcha: por la austeridad o por la seguridad? Las ideas est\u00e1n en disputa; la calle es la cancha donde se juega la partida.<\/p>\n\n\n\n<figure class=\"wp-block-embed is-type-rich is-provider-spotify wp-block-embed-spotify wp-embed-aspect-21-9 wp-has-aspect-ratio\"><div class=\"wp-block-embed__wrapper\">\n<iframe title=\"Spotify Embed: M\u00e9xico y la tentaci\u00f3n hegem\u00f3nica\" style=\"border-radius: 12px\" width=\"100%\" height=\"152\" frameborder=\"0\" allowfullscreen allow=\"autoplay; clipboard-write; encrypted-media; fullscreen; picture-in-picture\" loading=\"lazy\" src=\"https:\/\/open.spotify.com\/embed\/episode\/7AAghleeXsHaBOdZE0PzDD?si=d061da4186e44c37&#038;utm_source=oembed\"><\/iframe>\n<\/div><\/figure>\n","protected":false},"excerpt":{"rendered":"<p>El Instituto Nacional Electoral es el centro de la controversia que ha hecho que los mexicanos nos situemos en uno de los siguientes bandos: \u201ctransformadores\u201d o \u201ccontinuistas\u201d.<\/p>\n","protected":false},"author":535,"featured_media":15555,"comment_status":"closed","ping_status":"closed","sticky":false,"template":"","format":"standard","meta":{"_acf_changed":false,"episode_type":"","audio_file":"","cover_image":"","cover_image_id":"","duration":"","filesize":"","filesize_raw":"","date_recorded":"","explicit":"","block":"","itunes_episode_number":"","itunes_title":"","itunes_season_number":"","itunes_episode_type":"","footnotes":""},"categories":[16466,16466,16532,16532,16536,16536],"tags":[14126],"gps":[],"class_list":{"0":"post-15554","1":"post","2":"type-post","3":"status-publish","4":"format-standard","5":"has-post-thumbnail","7":"category-mexico","9":"category-protestas","11":"category-lopez-obrador","13":"tag-debates-br-es"},"acf":[],"_links":{"self":[{"href":"https:\/\/latinoamerica21.com\/es\/wp-json\/wp\/v2\/posts\/15554","targetHints":{"allow":["GET"]}}],"collection":[{"href":"https:\/\/latinoamerica21.com\/es\/wp-json\/wp\/v2\/posts"}],"about":[{"href":"https:\/\/latinoamerica21.com\/es\/wp-json\/wp\/v2\/types\/post"}],"author":[{"embeddable":true,"href":"https:\/\/latinoamerica21.com\/es\/wp-json\/wp\/v2\/users\/535"}],"replies":[{"embeddable":true,"href":"https:\/\/latinoamerica21.com\/es\/wp-json\/wp\/v2\/comments?post=15554"}],"version-history":[{"count":0,"href":"https:\/\/latinoamerica21.com\/es\/wp-json\/wp\/v2\/posts\/15554\/revisions"}],"wp:featuredmedia":[{"embeddable":true,"href":"https:\/\/latinoamerica21.com\/es\/wp-json\/wp\/v2\/media\/15555"}],"wp:attachment":[{"href":"https:\/\/latinoamerica21.com\/es\/wp-json\/wp\/v2\/media?parent=15554"}],"wp:term":[{"taxonomy":"category","embeddable":true,"href":"https:\/\/latinoamerica21.com\/es\/wp-json\/wp\/v2\/categories?post=15554"},{"taxonomy":"post_tag","embeddable":true,"href":"https:\/\/latinoamerica21.com\/es\/wp-json\/wp\/v2\/tags?post=15554"},{"taxonomy":"gps","embeddable":true,"href":"https:\/\/latinoamerica21.com\/es\/wp-json\/wp\/v2\/gps?post=15554"}],"curies":[{"name":"wp","href":"https:\/\/api.w.org\/{rel}","templated":true}]}}