{"id":16102,"date":"2023-03-25T08:00:00","date_gmt":"2023-03-25T11:00:00","guid":{"rendered":"https:\/\/latinoamerica21.com\/?p=16102"},"modified":"2023-11-09T17:11:49","modified_gmt":"2023-11-09T20:11:49","slug":"la-recomposicion-del-orden-internacional-un-nuevo-tordesillas","status":"publish","type":"post","link":"https:\/\/latinoamerica21.com\/es\/la-recomposicion-del-orden-internacional-un-nuevo-tordesillas\/","title":{"rendered":"La recomposici\u00f3n del orden internacional, \u00bfun nuevo Tordesillas?"},"content":{"rendered":"\n<p>En junio de 1494, representantes diplom\u00e1ticos de los reinos de Espa\u00f1a y Portugal firmaron un famoso tratado que, en la pr\u00e1ctica, pretend\u00eda establecer una divisi\u00f3n de casi todo el mundo en esferas de influencia pol\u00edtica, econ\u00f3mica, militar y sociocultural. Evidentemente, los Gobiernos de Madrid y Lisboa intentaban formar un condominio hegem\u00f3nico para su propio provecho. Aunque <a href=\"https:\/\/www.politicaexterior.com\/articulo\/tordesillas-el-primer-reparto-del-mundo\/\" target=\"_blank\" rel=\"noreferrer noopener\">el tratado de Tordesillas<\/a> lleg\u00f3 a gozar de alg\u00fan reconocimiento y apoyo papal, lo cierto es que acab\u00f3 siendo cuestionado por muchos otros miembros del sistema internacional de la \u00e9poca.<\/p>\n\n\n\n<p>Cinco siglos despu\u00e9s de aquellos acontecimientos parece que nos acercamos a <a href=\"https:\/\/latinoamerica21.com\/es\/el-regreso-a-un-mundo-dividido\/\" target=\"_blank\" rel=\"noreferrer noopener\">un nuevo intento de establecimiento de \u00e1mbitos de influencia<\/a>, pero con graves y espurias consecuencias para la mayor\u00eda de los pueblos, naciones y Estados del mundo, incluso para el conjunto de los pa\u00edses latinoamericanos y caribe\u00f1os.<\/p>\n\n\n\n<p>En efecto, a\u00fan antes de la injustificable invasi\u00f3n rusa a Ucrania en febrero de 2022, ya era evidente el intento de ciertas potencias con impulsos y tentaciones imperialistas (especialmente potencias con reg\u00edmenes pol\u00edticos autocr\u00e1ticos, h\u00edbridos e iliberales) para establecer <em>manu militari <\/em>en<em> <\/em>zonas de dominaci\u00f3n y en desmedro de la soberan\u00eda, la libertad y la integridad territorial de pa\u00edses vecinos.<\/p>\n\n\n\n<p>Tales pr\u00e1cticas, contrarias al derecho y a la seguridad internacional, han sido acompa\u00f1adas y agravadas por una virtual corrida armamentista, el impacto del cambio clim\u00e1tico y la destrucci\u00f3n de los equilibrios ecol\u00f3gicos y sanitarios, la competencia geoecon\u00f3mica, los conflictos socioculturales (civilizacionales) y los efectos de la continua ola de autocratizaci\u00f3n en muchos pa\u00edses del mundo.<\/p>\n\n\n\n<p>En un contexto global de creciente interdependencia, dichos intentos de establecer esferas de influencia han generado reacciones de numerosos miembros estatales y no estatales del sistema internacional. En general, predomina la idea de que tales esfuerzos de replicar las ambiciones subyacentes al tratado de Tordesillas precisan y merecen ser rechazados ahora. En el fondo, se trata de amenazas graves e inminentes a la paz, la democracia y la seguridad de muchas naciones y Estados, especialmente de sociedades en v\u00edas de desarrollo, as\u00ed como de las clases subalternas que est\u00e1n presentes en los propios pa\u00edses con impulsos o tentaciones expansionistas y colonialistas.<\/p>\n\n\n\n<p>Am\u00e9rica Latina tambi\u00e9n ha atravesado, en diverso grado de intensidad, por las realidades impuestas, debido a la recomposici\u00f3n del sistema internacional, sobre todo en el \u00faltimo trienio. Duramente afectada por la pandemia de la COVID-19, por no pocos desastres ambientales y por preocupantes procesos de desdemocratizaci\u00f3n\/autocratizaci\u00f3n en ciertos pa\u00edses, la regi\u00f3n necesita urgentemente revisar las directrices generales de su identidad e inserci\u00f3n internacional, as\u00ed como oponerse a intentos de reestablecer campos de influencia hegem\u00f3nica extrarregional en nuestro continente y el mundo.<\/p>\n\n\n\n<p>Hay que tener presente que la regi\u00f3n ha sufrido numerosas embestidas imperialistas en el pasado. Concomitantemente, las sociedades y los Gobiernos del continente deber\u00edan insistir en el prop\u00f3sito de contribuir a la formaci\u00f3n de un orden internacional de pueblos libres, concepto esencialmente opuesto a las veleidades imperialistas, expansionistas y colonialistas de algunos pocos y en provecho ajeno.<\/p>\n\n\n\n<p>Ante una coyuntura caracterizada por la competencia, la tensi\u00f3n y la confrontaci\u00f3n entre grandes potencias y bloques (particularmente en el caso de estadunidenses, europeo-occidentales, rusos y chinos), luce pertinente perfeccionar los mecanismos de consulta y concertaci\u00f3n macrorregional, en los que se destaquen la Comunidad de Estados Latinoamericanos y Caribe\u00f1os (Celac) y otros procesos de integraci\u00f3n regional, cooperaci\u00f3n y multilateralismo. Del mismo modo, parece evidente la necesidad de cumplir de manera efectiva las tareas de casa en lo tocante al progresismo pol\u00edtico y al desarrollo socioecon\u00f3mico, entendidos como bases para una inserci\u00f3n internacional cada vez m\u00e1s soberana, constructiva y republicana.<\/p>\n\n\n\n<p>En suma, paz, calidad democr\u00e1tica y seguridad regional son activos muy importantes para los pueblos y Gobiernos latinoamericanos, m\u00e1xime teniendo en cuenta los acontecimientos en el este europeo y otros conflictos semejantes. As\u00ed mismo, conviene tener presente que la confrontaci\u00f3n actual entre grandes potencias puede dar lugar a un igualmente espurio condominio hegem\u00f3nico mediante el establecimiento, m\u00e1s o menos expl\u00edcito, de \u00e1mbitos de influencia comparable a la l\u00f3gica subyacente al referido tratado de Tordesillas. Por tanto, no queda m\u00e1s que continuar vigilantes, buscar el multilateralismo y el di\u00e1logo entre civilizaciones<em> <\/em>y destacar las virtudes del no alineamiento, <em>tous azimuts<\/em>.<\/p>\n\n\n\n<p>Rememorando la antigua teor\u00eda de los tres mundos, es factible que Am\u00e9rica Latina forme parte del segundo mundo. Si eso es as\u00ed, es bastante probable que l\u00edderes pol\u00edticos y diplom\u00e1ticos, adem\u00e1s de investigadores especializados, precisen enarbolar la tarea de cuestionar la presunci\u00f3n hegem\u00f3nica de ciertos pa\u00edses extracontinentales. En esa hip\u00f3tesis, quiz\u00e1s sea oportuno que los pueblos y Gobiernos libres del mundo establezcan alianzas para oponerse colectivamente a las amenazas de ese nuevo Tordesillas en formaci\u00f3n.<\/p>\n\n\n\n<p>Dicha alianza en favor de la multipolaridad, paz, cooperaci\u00f3n y seguridad regional podr\u00eda incluir a la comunidad afroasi\u00e1tica (principalmente en el caso de pueblos y Gobiernos con orientaci\u00f3n democr\u00e1tica), adem\u00e1s de componentes sociales progresistas y antimperialistas que act\u00faen dentro de las grandes potencias.<\/p>\n\n\n\n<p>Todo ello, sin obviar la necesidad de contrarrestar ambiciones personalistas y otras tendencias negativas semejantes de naturaleza intrarregional (autocratizaci\u00f3n, aventurerismos, parroquialismos, sectarismos, inmovilismo). He aqu\u00ed una tarea urgente y aparentemente ineluctable.<\/p>\n","protected":false},"excerpt":{"rendered":"<p>Parece que nos acercamos a un nuevo intento de establecimiento de \u00e1mbitos de influencia, pero con graves y espurias consecuencias para la mayor\u00eda de los pueblos del mundo.<\/p>\n","protected":false},"author":181,"featured_media":16104,"comment_status":"closed","ping_status":"closed","sticky":false,"template":"","format":"standard","meta":{"_acf_changed":false,"episode_type":"","audio_file":"","cover_image":"","cover_image_id":"","duration":"","filesize":"","filesize_raw":"","date_recorded":"","explicit":"","block":"","itunes_episode_number":"","itunes_title":"","itunes_season_number":"","itunes_episode_type":"","footnotes":""},"categories":[16483,16483,16518,16518,16583,16583],"tags":[],"gps":[],"class_list":{"0":"post-16102","1":"post","2":"type-post","3":"status-publish","4":"format-standard","5":"has-post-thumbnail","7":"category-historia","9":"category-relaiciones-internacionales","11":"category-politica-internacional"},"acf":[],"_links":{"self":[{"href":"https:\/\/latinoamerica21.com\/es\/wp-json\/wp\/v2\/posts\/16102","targetHints":{"allow":["GET"]}}],"collection":[{"href":"https:\/\/latinoamerica21.com\/es\/wp-json\/wp\/v2\/posts"}],"about":[{"href":"https:\/\/latinoamerica21.com\/es\/wp-json\/wp\/v2\/types\/post"}],"author":[{"embeddable":true,"href":"https:\/\/latinoamerica21.com\/es\/wp-json\/wp\/v2\/users\/181"}],"replies":[{"embeddable":true,"href":"https:\/\/latinoamerica21.com\/es\/wp-json\/wp\/v2\/comments?post=16102"}],"version-history":[{"count":0,"href":"https:\/\/latinoamerica21.com\/es\/wp-json\/wp\/v2\/posts\/16102\/revisions"}],"wp:featuredmedia":[{"embeddable":true,"href":"https:\/\/latinoamerica21.com\/es\/wp-json\/wp\/v2\/media\/16104"}],"wp:attachment":[{"href":"https:\/\/latinoamerica21.com\/es\/wp-json\/wp\/v2\/media?parent=16102"}],"wp:term":[{"taxonomy":"category","embeddable":true,"href":"https:\/\/latinoamerica21.com\/es\/wp-json\/wp\/v2\/categories?post=16102"},{"taxonomy":"post_tag","embeddable":true,"href":"https:\/\/latinoamerica21.com\/es\/wp-json\/wp\/v2\/tags?post=16102"},{"taxonomy":"gps","embeddable":true,"href":"https:\/\/latinoamerica21.com\/es\/wp-json\/wp\/v2\/gps?post=16102"}],"curies":[{"name":"wp","href":"https:\/\/api.w.org\/{rel}","templated":true}]}}