{"id":16329,"date":"2023-04-05T09:39:59","date_gmt":"2023-04-05T12:39:59","guid":{"rendered":"https:\/\/latinoamerica21.com\/?p=16329"},"modified":"2023-11-09T17:11:49","modified_gmt":"2023-11-09T20:11:49","slug":"la-inflacion-arrasa-el-bolsillo-de-los-argentinos","status":"publish","type":"post","link":"https:\/\/latinoamerica21.com\/es\/la-inflacion-arrasa-el-bolsillo-de-los-argentinos\/","title":{"rendered":"La inflaci\u00f3n arrasa el bolsillo de los argentinos"},"content":{"rendered":"\n<p>La hiperinflaci\u00f3n que abruma a la Argentina no permite que se lleven a cabo contratos, inversiones, operaciones de compra y venta o pr\u00e9stamos que se mantengan en el tiempo. En un sistema capitalista, sin embargo, es condici\u00f3n sine qua non poder llevar adelante este tipo de operaciones a mediano o largo plazo y, si esto no ocurre, las econom\u00edas y los Gobiernos colapsan con frecuencia.<\/p>\n\n\n\n<p>Por convenci\u00f3n de la macroeconom\u00eda, una naci\u00f3n se encuentra frente a un r\u00e9gimen de alta inflaci\u00f3n cuando los precios alcanzan o superan los tres d\u00edgitos en un plazo promedio de un a\u00f1o, y, frente a un proceso hiperinflacionario, cuando los precios se incrementan en m\u00e1s de un 50% en un mes.<\/p>\n\n\n\n<p>Cuando se asoma la hiperinflaci\u00f3n en un pa\u00eds, seg\u00fan el profesor de la Universidad Johns Hopkins, Steve Hanke, comienzan a manifestarse algunos fen\u00f3menos que, en Argentina, ya son visibles. Los comercios empiezan a cambiar los precios de bienes y servicios cada semana e incluso cada d\u00eda; la poblaci\u00f3n empieza a gastar su salario con la mayor rapidez posible en bienes de consumo duradero (aunque no los necesite) para no perder poder adquisitivo, y se suele calcular el valor de los bienes y servicios en una moneda extranjera estable, en lugar de calcularlo en la moneda local. A su vez, los ahorros tienden a mantenerse en una moneda extranjera y comienzan a hacerse transacciones en una moneda tambi\u00e9n extranjera.<\/p>\n\n\n\n<p>En 2016, el pa\u00eds latinoamericano m\u00e1s cercano a la hiperinflaci\u00f3n y que pod\u00eda pasar la barrera del 50% mensual de modo permanente, de acuerdo con el profesor Hanke, era Venezuela. Para ese momento, el pa\u00eds ya ten\u00eda una inflaci\u00f3n del 255% anual y la sucesi\u00f3n de las p\u00e9simas medidas tomadas por el r\u00e9gimen de Nicol\u00e1s Maduro llevaron a un alza que continu\u00f3 arrojando una inflaci\u00f3n de 438% en 2017, 65.374% en 2018 y 19.906% en 2019.<\/p>\n\n\n\n<p><strong>El impacto de la pandemia<\/strong><\/p>\n\n\n\n<p>A escala mundial, en 2020 los bancos centrales se vieron en la obligaci\u00f3n de emitir grandes sumas de dinero para financiar el gasto p\u00fablico que hab\u00eda aumentado por la pandemia de la COVID-19 y en un ambiente de enorme par\u00e1lisis de la actividad econ\u00f3mica.<\/p>\n\n\n\n<p>Para marzo de 2021, las econom\u00edas de los pa\u00edses m\u00e1s desarrollados presentaban procesos de inflaci\u00f3n luego de casi tres d\u00e9cadas de estabilidad. Estos procesos se agravaron a partir de la guerra ofensiva de Rusia contra Ucrania, debido a que ambos pa\u00edses son proveedores de alimentos y energ\u00eda, y la oferta de estos bienes se restringi\u00f3 considerablemente.<\/p>\n\n\n\n<p>En 2022, en Am\u00e9rica Latina el \u00edndice de precios al consumidor (IPC) determin\u00f3 una inflaci\u00f3n interanual del 305% en Venezuela, del <strong>94,8% en<\/strong> <strong>Argentina<\/strong>, del 13,1% en Colombia , del 12,8% en Chile, del 8,1% en Uruguay, del 7,8% en M\u00e9xico, del 5,7% en Brasil y del 3,1% en Bolivia. Mientras, en naciones de otras latitudes, la inflaci\u00f3n interanual marc\u00f3 la cifra del 11,6% en Italia, 10,7% en Gran Breta\u00f1a, 9,6% en Alemania, 6,5% en Estados Unidos y 5,7% en Espa\u00f1a. El IPC en el mismo per\u00edodo, pero en pa\u00edses que estaban en conflicto, marc\u00f3 una inflaci\u00f3n del 55% en Siria, 35% en Etiop\u00eda y 26% en Ucrania.<\/p>\n\n\n\n<p><strong>La realidad argentina<\/strong><\/p>\n\n\n\n<p>Del total de pa\u00edses que conforman el globo terr\u00e1queo, Argentina, actualmente con una inflaci\u00f3n del 102,5%, se ha ganado <a href=\"https:\/\/elpais.com\/argentina\/2023-03-15\/argentina-se-rinde-a-la-inflacion.html\" target=\"_blank\" rel=\"noreferrer noopener\">el cuarto lugar en el <em>ranking<\/em> de pa\u00edses con mayor inflaci\u00f3n<\/a>.<\/p>\n\n\n\n<p>Al mismo tiempo, la inflaci\u00f3n mensual de Argentina ha mantenido desde 2022 una tendencia al alza y, seg\u00fan el Instituto Nacional de Estad\u00edsticas y Censos (Indec), que dio a conocer el IPC, en enero de 2022 hubo una inflaci\u00f3n del 3,9%; en febrero, del 4,7%, y a partir de entonces rond\u00f3 entre el 5% y el 7% mes a mes. <strong>Ya en 2023, la tasa alcanz\u00f3 <\/strong>en enero el 6% y en febrero, el 6,6 %. Ahora se estima, con base en mediciones de numerosas consultoras privadas, que <strong>el incremento mensual<\/strong> <strong>para marzo alcanzar\u00e1 o superar\u00e1 el 7%.<\/strong><\/p>\n\n\n\n<p>\u00bfPor qu\u00e9 esta cifra genera alarma en Argentina? Porque cuando en julio de 2022 se alcanz\u00f3 el 7,4%, la entonces ministra de Econom\u00eda, Silvina Batakis, quien dur\u00f3 menos de un mes en su cargo, se vio obligada a renunciar y a pasar la posta a Sergio Massa (uno de los fundadores del oficialista Frente de Todos), quien mantiene estrechos v\u00ednculos con el <em>establishment<\/em> nacional e internacional. El objetivo era intentar detener la corrida contra el peso y evitar una posible hiperinflaci\u00f3n.<\/p>\n\n\n\n<p>Actualmente, a pesar de Massa y <strong>\u201csu capitalismo de amigos\u201d,<\/strong> se prev\u00e9 que el dato de la inflaci\u00f3n, que comunicar\u00e1 pr\u00f3ximamente el Indec, sea equivalente al que en el pasado llev\u00f3 a que se temiera el inicio de una espiral hiperinflacionaria.<\/p>\n\n\n\n<p>En medio de este contexto, medios de comunicaci\u00f3n internacionales como el <em>Financial Times<\/em> han comenzado a publicar titulares como el siguiente: <em>La Argentina, de la hiperinflaci\u00f3n, est\u00e1 a punto de florecer<\/em>. Por su parte, el BTG Pactual, el banco de inversiones brasile\u00f1o, ha titulado: <em>Instant\u00e1nea diaria de Argentina-tema del d\u00eda: bailando en el Titanic<\/em>.<\/p>\n\n\n\n<p>Asimismo, estos indicadores de inflaci\u00f3n son, en gran medida, fuentes de <a href=\"https:\/\/latinoamerica21.com\/es\/la-democracia-argentina-y-la-crisis-de-los-cuarenta\/\" target=\"_blank\" rel=\"noreferrer noopener\">la preocupante y creciente pobreza en Argentina<\/a>. De acuerdo con el Indec, y con base en mediciones realizadas para el segundo semestre de 2022, el <strong>39,2% de los argentinos ya son pobres<\/strong>.<\/p>\n","protected":false},"excerpt":{"rendered":"<p>Se prev\u00e9 que el dato de la inflaci\u00f3n, que comunicar\u00e1 pr\u00f3ximamente el Indec, sea equivalente al que en el pasado llev\u00f3 a que se temiera el inicio de una espiral hiperinflacionaria.<\/p>\n","protected":false},"author":273,"featured_media":16330,"comment_status":"closed","ping_status":"closed","sticky":false,"template":"","format":"standard","meta":{"_acf_changed":false,"episode_type":"","audio_file":"","cover_image":"","cover_image_id":"","duration":"","filesize":"","filesize_raw":"","date_recorded":"","explicit":"","block":"","itunes_episode_number":"","itunes_title":"","itunes_season_number":"","itunes_episode_type":"","footnotes":""},"categories":[16505,16505,16506,16506,16522,16522],"tags":[14126],"gps":[],"class_list":{"0":"post-16329","1":"post","2":"type-post","3":"status-publish","4":"format-standard","5":"has-post-thumbnail","7":"category-inflacion","9":"category-economia","11":"category-pobreza","13":"tag-debates-br-es"},"acf":[],"_links":{"self":[{"href":"https:\/\/latinoamerica21.com\/es\/wp-json\/wp\/v2\/posts\/16329","targetHints":{"allow":["GET"]}}],"collection":[{"href":"https:\/\/latinoamerica21.com\/es\/wp-json\/wp\/v2\/posts"}],"about":[{"href":"https:\/\/latinoamerica21.com\/es\/wp-json\/wp\/v2\/types\/post"}],"author":[{"embeddable":true,"href":"https:\/\/latinoamerica21.com\/es\/wp-json\/wp\/v2\/users\/273"}],"replies":[{"embeddable":true,"href":"https:\/\/latinoamerica21.com\/es\/wp-json\/wp\/v2\/comments?post=16329"}],"version-history":[{"count":0,"href":"https:\/\/latinoamerica21.com\/es\/wp-json\/wp\/v2\/posts\/16329\/revisions"}],"wp:featuredmedia":[{"embeddable":true,"href":"https:\/\/latinoamerica21.com\/es\/wp-json\/wp\/v2\/media\/16330"}],"wp:attachment":[{"href":"https:\/\/latinoamerica21.com\/es\/wp-json\/wp\/v2\/media?parent=16329"}],"wp:term":[{"taxonomy":"category","embeddable":true,"href":"https:\/\/latinoamerica21.com\/es\/wp-json\/wp\/v2\/categories?post=16329"},{"taxonomy":"post_tag","embeddable":true,"href":"https:\/\/latinoamerica21.com\/es\/wp-json\/wp\/v2\/tags?post=16329"},{"taxonomy":"gps","embeddable":true,"href":"https:\/\/latinoamerica21.com\/es\/wp-json\/wp\/v2\/gps?post=16329"}],"curies":[{"name":"wp","href":"https:\/\/api.w.org\/{rel}","templated":true}]}}