{"id":16873,"date":"2023-04-30T05:00:00","date_gmt":"2023-04-30T08:00:00","guid":{"rendered":"https:\/\/latinoamerica21.com\/?p=16873"},"modified":"2023-11-09T17:11:47","modified_gmt":"2023-11-09T20:11:47","slug":"argentina-baila-al-borde-del-abismo","status":"publish","type":"post","link":"https:\/\/latinoamerica21.com\/es\/argentina-baila-al-borde-del-abismo\/","title":{"rendered":"Argentina baila al borde del abismo"},"content":{"rendered":"\n<p>Entendemos como antipol\u00edtica todo relato ideol\u00f3gico y herramienta interpretativa articulada que apunta a argumentar, por una parte, la prescindibilidad de estructuras como los partidos pol\u00edticos y el Parlamento y, por otra parte, la centralidad de la racionalidad t\u00e9cnica en detrimento de la racionalidad pol\u00edtica tanto desde el punto de vista simb\u00f3lico como desde las pr\u00e1cticas de gesti\u00f3n p\u00fablica.<\/p>\n\n\n\n<p>El surgimiento de la figura de Javier Milei en la Argentina, como expresi\u00f3n de un fen\u00f3meno de rechazo de la pol\u00edtica tradicional, no es cosa nueva en el pa\u00eds. Si en el a\u00f1o 2001 la protesta contra el sistema pol\u00edtico tuvo expresi\u00f3n a trav\u00e9s de la introducci\u00f3n de objetos como rodajas de jam\u00f3n o boletas con la figura de populares personajes como el de Clemente (\u201cun mu\u00f1eco sin manos no va a robar\u201d, era la frase m\u00e1s escuchada en 2001), el equivalente en 2023 parece ser Milei, el candidato por la agrupaci\u00f3n La Libertad Avanza. La diferencia es que el <a href=\"https:\/\/latinoamerica21.com\/es\/kast-milei-y-el-auge-del-libertarismo-en-el-cono-sur\/\" target=\"_blank\" rel=\"noreferrer noopener\">dirigente libertario<\/a> aparece hoy como una opci\u00f3n competitiva con respecto a los comicios presidenciales de octubre.<\/p>\n\n\n\n<p><strong>\u00bfQu\u00e9 explica el ascenso de Javier Milei?<\/strong><\/p>\n\n\n\n<p><a href=\"https:\/\/www.eldiario.es\/internacional\/avance-ultraderechista-argentino-javier-milei-fractura-radicaliza-conservadores-cara-elecciones_1_10131718.html\" target=\"_blank\" rel=\"noreferrer noopener\">El ascenso del dirigente de La Libertad Avanza<\/a> podr\u00eda explicarse por tres factores fundamentales. El primero est\u00e1 relacionado con el contexto regional; el segundo, con la crisis de mediana edad que atraviesa la democracia argentina y, el tercero, con el car\u00e1cter frecuentemente sorpresivo que ha caracterizado a la pol\u00edtica argentina desde 1983.<\/p>\n\n\n\n<p>Con respecto al primer factor, la regi\u00f3n ha sido un verdadero campo de prueba para el surgimiento de l\u00edderes antipol\u00edticos con diferentes niveles de \u00e9xito electoral. Desde los que llegaron al poder como Donald Trump en Estados Unidos, Jair Bolsonaro en Brasil, Nayib Bukele en El Salvador o Pedro Castillo en Per\u00fa, hasta candidatos muy competitivos que quedaron fuera por escasa diferencia en la segunda vuelta como Rodolfo Hern\u00e1ndez en Colombia o Jos\u00e9 Antonio Kast en Chile.<\/p>\n\n\n\n<p>En relaci\u00f3n con el segundo factor, el largo ciclo de 40 a\u00f1os de democracia nos enfrenta a un muy modesto balance en materia de satisfacci\u00f3n de las expectativas sociales. Este ha sido un proceso de escasos logros (una democracia resiliente y un crecimiento de la agenda en materia de derechos civiles de diferente generaci\u00f3n) y muchas frustraciones en relaci\u00f3n con el incumplimiento de m\u00faltiples demandas. No se han cumplido las esperanzas que despertaba aquel lema tan presente en la campa\u00f1a de Ra\u00fal Alfons\u00edn de 1983: \u201cCon la democracia se come, se cura y se educa\u201d.<\/p>\n\n\n\n<figure class=\"wp-block-embed is-type-rich is-provider-spotify wp-block-embed-spotify wp-embed-aspect-21-9 wp-has-aspect-ratio\"><div class=\"wp-block-embed__wrapper\">\n<iframe title=\"Spotify Embed: Argentina y la crisis pol\u00edtica interminable\" style=\"border-radius: 12px\" width=\"100%\" height=\"152\" frameborder=\"0\" allowfullscreen allow=\"autoplay; clipboard-write; encrypted-media; fullscreen; picture-in-picture\" loading=\"lazy\" src=\"https:\/\/open.spotify.com\/embed\/episode\/1V1f6Pejf5EQnoZuvLDSYA?si=91dc9fc141bf495e&#038;utm_source=oembed\"><\/iframe>\n<\/div><\/figure>\n\n\n\n<p>El resultado, tras estas cuatro d\u00e9cadas, es un Estado con fuertes limitaciones a la hora de proveer toda clase de bienes p\u00fablicos esenciales como la salud, la seguridad p\u00fablica, la educaci\u00f3n o la justicia tanto en el \u00e1mbito nacional como en el subnacional y municipal. A pesar de esto, el discurso oficial intenta destacar la idea de un Estado presente, lo cual demuestra un claro desfase entre el relato oficial y la realidad cotidiana de los ciudadanos.<\/p>\n\n\n\n<p>El tercer factor que explica el ascenso de Milei es la amplia experiencia que tiene el pa\u00eds en cuanto al surgimiento de actores pol\u00edticos, no detectados por el radar de la pol\u00edtica tradicional, que r\u00e1pidamente lograron convertirse en referentes pol\u00edticos nacionales.<\/p>\n\n\n\n<p>A principios de la transici\u00f3n democr\u00e1tica, a partir de la debacle de Malvinas en 1982, Ra\u00fal Alfons\u00edn era un desconocido l\u00edder de la Uni\u00f3n C\u00edvica Radical y, apenas un a\u00f1o m\u00e1s tarde, se convirti\u00f3 en el nuevo presidente de los argentinos. Luego, en 1988, un dirigente perif\u00e9rico del Partido Justicialista, Carlos Menem, derrot\u00f3 al \u201ccandidato natural\u201d de la agrupaci\u00f3n, Antonio Cafiero, y empez\u00f3 su ascendente camino hacia la Presidencia entre 1989 y 1999. Lo mismo podr\u00edamos decir de N\u00e9stor Kirchner, Mauricio Macri o Alberto Fern\u00e1ndez como ejemplo de la rica tradici\u00f3n de \u201ctapados\u201d de la pol\u00edtica argentina. Las excepciones han sido Fernando de la R\u00faa y Cristina Fern\u00e1ndez.<\/p>\n\n\n\n<p>\u00bfQui\u00e9n ser\u00e1 el pr\u00f3ximo tapado? \u00bfArgentina est\u00e1 ante el futuro Lionel Scaloni de la pol\u00edtica nacional o frente a una nueva frustraci\u00f3n colectiva?<\/p>\n\n\n\n<p><strong>\u00bfSe viene el lobo?<\/strong><\/p>\n\n\n\n<p>Argentina se encuentra frente a un dilema de dif\u00edcil resoluci\u00f3n. Por un lado, el de una clase pol\u00edtica que, incapaz de resolver los m\u00faltiples problemas de la agenda p\u00fablica, termina formando parte o, al menos, es percibida como parte del problema. Por otro lado, el de una pol\u00edtica <em>amateur <\/em>de soluci\u00f3n r\u00e1pida y eslogan f\u00e1cil que, conectando con la ira y el desencanto de buena parte de la poblaci\u00f3n, se convierte en un problema potencialmente mayor.<\/p>\n\n\n\n<p>El 5 de marzo pasado se cumplieron diez a\u00f1os de la muerte de Hugo Ch\u00e1vez. Esto debe servirnos para recordar lo que sucede cuando la pol\u00edtica baila al borde del abismo. En Argentina, el l\u00edder disruptivo puede estar a la vuelta de la esquina.<\/p>\n","protected":false},"excerpt":{"rendered":"<p>El surgimiento de la figura de Javier Milei en la Argentina, como expresi\u00f3n de un fen\u00f3meno de rechazo de la pol\u00edtica tradicional, no es cosa nueva en el pa\u00eds.<\/p>\n","protected":false},"author":235,"featured_media":16875,"comment_status":"closed","ping_status":"closed","sticky":false,"template":"","format":"standard","meta":{"_acf_changed":false,"episode_type":"","audio_file":"","cover_image":"","cover_image_id":"","duration":"","filesize":"","filesize_raw":"","date_recorded":"","explicit":"","block":"","itunes_episode_number":"","itunes_title":"","itunes_season_number":"","itunes_episode_type":"","footnotes":""},"categories":[16607,16471,16471,16489,16489,16607],"tags":[14126],"gps":[],"class_list":{"0":"post-16873","1":"post","2":"type-post","3":"status-publish","4":"format-standard","5":"has-post-thumbnail","7":"category-javier-milei","8":"category-elecciones","10":"category-argentina","13":"tag-debates-br-es"},"acf":[],"_links":{"self":[{"href":"https:\/\/latinoamerica21.com\/es\/wp-json\/wp\/v2\/posts\/16873","targetHints":{"allow":["GET"]}}],"collection":[{"href":"https:\/\/latinoamerica21.com\/es\/wp-json\/wp\/v2\/posts"}],"about":[{"href":"https:\/\/latinoamerica21.com\/es\/wp-json\/wp\/v2\/types\/post"}],"author":[{"embeddable":true,"href":"https:\/\/latinoamerica21.com\/es\/wp-json\/wp\/v2\/users\/235"}],"replies":[{"embeddable":true,"href":"https:\/\/latinoamerica21.com\/es\/wp-json\/wp\/v2\/comments?post=16873"}],"version-history":[{"count":0,"href":"https:\/\/latinoamerica21.com\/es\/wp-json\/wp\/v2\/posts\/16873\/revisions"}],"wp:featuredmedia":[{"embeddable":true,"href":"https:\/\/latinoamerica21.com\/es\/wp-json\/wp\/v2\/media\/16875"}],"wp:attachment":[{"href":"https:\/\/latinoamerica21.com\/es\/wp-json\/wp\/v2\/media?parent=16873"}],"wp:term":[{"taxonomy":"category","embeddable":true,"href":"https:\/\/latinoamerica21.com\/es\/wp-json\/wp\/v2\/categories?post=16873"},{"taxonomy":"post_tag","embeddable":true,"href":"https:\/\/latinoamerica21.com\/es\/wp-json\/wp\/v2\/tags?post=16873"},{"taxonomy":"gps","embeddable":true,"href":"https:\/\/latinoamerica21.com\/es\/wp-json\/wp\/v2\/gps?post=16873"}],"curies":[{"name":"wp","href":"https:\/\/api.w.org\/{rel}","templated":true}]}}