{"id":17038,"date":"2023-05-09T08:00:00","date_gmt":"2023-05-09T11:00:00","guid":{"rendered":"https:\/\/latinoamerica21.com\/?p=17038"},"modified":"2023-12-28T04:22:52","modified_gmt":"2023-12-28T07:22:52","slug":"como-enfrentar-el-incremento-de-la-poblacion-carcelaria-en-america-latina","status":"publish","type":"post","link":"https:\/\/latinoamerica21.com\/es\/como-enfrentar-el-incremento-de-la-poblacion-carcelaria-en-america-latina\/","title":{"rendered":"\u00bfC\u00f3mo enfrentar el incremento de la poblaci\u00f3n carcelaria en Am\u00e9rica Latina?"},"content":{"rendered":"\n<p>Actualmente, <a href=\"https:\/\/www.unodc.org\/documents\/data-and-analysis\/statistics\/Data_Matters_1_prison_spanish.pdf\" target=\"_blank\" rel=\"noreferrer noopener\">alrededor de 11.5 millones de personas viven privadas de libertad en todo el mundo<\/a>. As\u00ed lo afirma la \u00faltima edici\u00f3n de la <em>Lista de la poblaci\u00f3n carcelaria mundial <\/em>&nbsp;(WPPL, por sus siglas en ingl\u00e9s), que fue publicada por el Instituto de Investigaci\u00f3n de Pol\u00edticas de Justicia y Cr\u00edmenes (ICPR, por sus siglas en ingl\u00e9s) de 2021. Tan solo en Brasil hay 800.000 presos, casi el 7% de la poblaci\u00f3n carcelaria mundial, y en M\u00e9xico hay m\u00e1s de 220.000. El tercer lugar en la regi\u00f3n lo ocupa Argentina, con cerca de 110.000 presos, seguido por Colombia, con 98.000, y Per\u00fa, con 88.000.<\/p>\n\n\n\n<p>Seg\u00fan el informe, la tendencia viene increment\u00e1ndose desde el a\u00f1o 2000. La poblaci\u00f3n carcelaria en las Am\u00e9ricas, sin contar a Estados Unidos, cuya poblaci\u00f3n carcelaria es por mucho la m\u00e1s grande, ha aumentado un 138% desde 2000 y ha tenido un alza del 77% en Centroam\u00e9rica, y del 200% en Suram\u00e9rica.&nbsp;<\/p>\n\n\n\n<p>De acuerdo con las Naciones Unidas, la tasa mundial es de 143 reclusos por cada 100.000 habitantes. En ese orden, El Salvador y Cuba presentan las tasas m\u00e1s altas de la regi\u00f3n con 564 y 510 presos por cada 100 habitantes, respectivamente.<\/p>\n\n\n\n<p><strong>\u00bfC\u00f3mo enfrentar el incremento de las tasas de poblaci\u00f3n penitenciaria en Am\u00e9rica Latina?<\/strong><\/p>\n\n\n\n<p>Pese a esta realidad, las recomendaciones de los \u201cexpertos\u201d siguen siendo las mismas. El bemol de las alternativas propuestas y de las acciones de seguridad y pol\u00edtica penitenciaria es la falta de evidencia emp\u00edrica de sus argumentos. Por ello, se necesita una mayor formaci\u00f3n metodol\u00f3gica y \u201ccreatividad\u201d para superar la discusi\u00f3n sobre c\u00f3mo enfrentar los problemas de seguridad y <a href=\"https:\/\/latinoamerica21.com\/es\/hacia-una-sociedad-sin-carceles\/\" target=\"_blank\" rel=\"noreferrer noopener\">las crisis carcelarias en Am\u00e9rica Latina<\/a>, m\u00e1s all\u00e1 del malestar, debido a la infraestructura penitenciaria, y la recomendaci\u00f3n para edificar m\u00e1s c\u00e1rceles.<\/p>\n\n\n\n<p>Sin estrategia ni planeaci\u00f3n, los nuevos centros se llenar\u00e1n sin excepci\u00f3n. Por otra parte, la idea de la reinserci\u00f3n debe superar sus limitaciones y fracasos para construir una nueva realidad a partir de acciones concretas que trasciendan el discurso.<\/p>\n\n\n\n<p>Algunas medidas podr\u00edan ser el incremento del uso de medidas no privativas de libertad en todas las etapas del proceso de justicia penal, a fin de eliminar su nexo con el sistema durante las intervenciones de justicia penal existentes. Como ejemplo de buenas pr\u00e1cticas en este sentido, durante 2022, en M\u00e9xico, el programa de Libertades, por causas humanitarias, sum\u00f3 m\u00e1s de 3.000 liberaciones anticipadas y amnist\u00edas a internos por delitos no graves, que no pudieron pagar una defensa y que estaban en condiciones de vulnerabilidad.<\/p>\n\n\n\n<figure class=\"wp-block-embed is-type-rich is-provider-spotify wp-block-embed-spotify wp-embed-aspect-21-9 wp-has-aspect-ratio\"><div class=\"wp-block-embed__wrapper\">\n<iframe title=\"Spotify Embed: \u00bfHan funcionado las pol\u00edticas de seguridad ciudadana en Am\u00e9rica Latina?\" style=\"border-radius: 12px\" width=\"100%\" height=\"152\" frameborder=\"0\" allowfullscreen allow=\"autoplay; clipboard-write; encrypted-media; fullscreen; picture-in-picture\" loading=\"lazy\" src=\"https:\/\/open.spotify.com\/embed\/episode\/0ItwWLGHLhJU89VIAuh98G?si=W5GRuC3dRa-TQpiaRcTdKA&#038;utm_source=oembed\"><\/iframe>\n<\/div><\/figure>\n\n\n\n<p>Otra medida podr\u00eda ser la optimizaci\u00f3n de los presupuestos y costos de infraestructura de las instalaciones penitenciarias. Esto, sin vulnerar los niveles de seguridad y custodia, pero s\u00ed priorizando la atenci\u00f3n a las condiciones de vida de los presos y tanto la protecci\u00f3n como el ejercicio efectivo de los derechos de la poblaci\u00f3n interna, el personal y sus visitantes.<\/p>\n\n\n\n<p>Adem\u00e1s, podr\u00edan aplicarse estrategias de seguridad que se basen en la transparencia y la institucionalizaci\u00f3n de normas, protocolos, procedimientos y pr\u00e1cticas, que permitan, a su vez, el cumplimiento de los objetivos y la supervisi\u00f3n, conforme a indicadores de desempe\u00f1o que puedan ser evaluados y que formen parte de un proceso continuo. Tambi\u00e9n se deber\u00eda incrementar el personal y desarrollar programas de capacitaci\u00f3n para atender y enfrentar las necesidades que garanticen la gobernabilidad y seguridad en los establecimientos penitenciarios, as\u00ed como el empleo de diferentes intervenciones para la reinserci\u00f3n.<\/p>\n\n\n\n<p>Los proyectos de C\u00e1rceles Productivas se encuentran multiplic\u00e1ndose en Am\u00e9rica Latina como una exitosa alternativa de intervenci\u00f3n durante la ejecuci\u00f3n penal. Hay casos de \u00e9xito en Costa Rica, Colombia, Argentina y M\u00e9xico, entre otros. Estos presentan iniciativas que se destacan por la coordinaci\u00f3n y \u201ccorresponsabilidad\u201d entre el sector privado, organismos no gubernamentales y la administraci\u00f3n p\u00fablica. Finalmente, se deber\u00edan incorporar opciones de intervenci\u00f3n que se fundamenten en enfoques diferenciados para la atenci\u00f3n y protecci\u00f3n de los derechos humanos de los presos.<\/p>\n\n\n\n<p>En el prefacio de su obra <em>El futuro de las prisiones<\/em> (1978), Norval Morris establece una aguda cr\u00edtica a la crisis de la prisi\u00f3n, pues afirma que en los dos siglos transcurridos ha fracasado en sus prop\u00f3sitos con relaci\u00f3n a la rehabilitaci\u00f3n, hoy conocida como reinserci\u00f3n. \u201cLas c\u00e1rceles tienen escasos amigos; el descontento en ellas es cosa generalizada. A menudo son escenarios de brutalidades, violencia y conflictos raciales\u201d.<\/p>\n\n\n\n<p>En este sentido, valdr\u00eda la pena plantear una moderna reforma penitenciaria que sea alternativa al viejo modelo de la prisi\u00f3n. Un esquema que por fin atienda la expectativa de llevar la legalidad a la prisi\u00f3n, m\u00e1s all\u00e1 del desgastado concepto de reinserci\u00f3n, el cual garantice un sistema de justicia sobre la base del derecho a la inclusi\u00f3n de las personas que, como consecuencia de d\u00e9cadas de exclusi\u00f3n y desigualdad, han vivido la vulnerabilidad de sus derechos en libertad y que actualmente se vuelven ej\u00e9rcitos de \u201clos otros\u201d presos, manteniendo y manifestando por diferentes v\u00edas su rechazo.<\/p>\n\n\n\n<p>Es necesaria una reforma que impulse la protecci\u00f3n de los derechos humanos y salvaguarde el principio de dignidad humana de los reclusos en el sistema de justicia de ejecuci\u00f3n penal, pero sobre todo fuera de este. Esta aspiraci\u00f3n no es solo un deseo, sino una esperanza para las naciones latinoamericanas, que afrontan desaf\u00edos y cambios que requieren el trabajo y la cooperaci\u00f3n de todos los que intervienen en \u00e9l.&nbsp;<\/p>\n\n\n\n<p>De este modo, se anhela, si no el final de la encrucijada, s\u00ed la capacidad, fortaleza y, en especial, el \u00e1nimo y la esperanza para seguir trabajando en un sistema de justicia que beneficie la convivencia y la construcci\u00f3n de la paz.<\/p>\n","protected":false},"excerpt":{"rendered":"<p>Tan solo en Brasil hay 800.000 presos, casi el 7% de la poblaci\u00f3n carcelaria mundial, y en M\u00e9xico hay m\u00e1s de 220.000.<\/p>\n","protected":false},"author":541,"featured_media":17039,"comment_status":"closed","ping_status":"closed","sticky":false,"template":"","format":"standard","meta":{"_acf_changed":false,"episode_type":"","audio_file":"","cover_image":"","cover_image_id":"","duration":"","filesize":"","filesize_raw":"","date_recorded":"","explicit":"","block":"","itunes_episode_number":"","itunes_title":"","itunes_season_number":"","itunes_episode_type":"","footnotes":""},"categories":[16468,16468,16666,16540,16540],"tags":[14126],"gps":[],"class_list":{"0":"post-17038","1":"post","2":"type-post","3":"status-publish","4":"format-standard","5":"has-post-thumbnail","7":"category-politica","9":"category-carceles","10":"category-crisis-social","12":"tag-debates-br-es"},"acf":[],"_links":{"self":[{"href":"https:\/\/latinoamerica21.com\/es\/wp-json\/wp\/v2\/posts\/17038","targetHints":{"allow":["GET"]}}],"collection":[{"href":"https:\/\/latinoamerica21.com\/es\/wp-json\/wp\/v2\/posts"}],"about":[{"href":"https:\/\/latinoamerica21.com\/es\/wp-json\/wp\/v2\/types\/post"}],"author":[{"embeddable":true,"href":"https:\/\/latinoamerica21.com\/es\/wp-json\/wp\/v2\/users\/541"}],"replies":[{"embeddable":true,"href":"https:\/\/latinoamerica21.com\/es\/wp-json\/wp\/v2\/comments?post=17038"}],"version-history":[{"count":0,"href":"https:\/\/latinoamerica21.com\/es\/wp-json\/wp\/v2\/posts\/17038\/revisions"}],"wp:featuredmedia":[{"embeddable":true,"href":"https:\/\/latinoamerica21.com\/es\/wp-json\/wp\/v2\/media\/17039"}],"wp:attachment":[{"href":"https:\/\/latinoamerica21.com\/es\/wp-json\/wp\/v2\/media?parent=17038"}],"wp:term":[{"taxonomy":"category","embeddable":true,"href":"https:\/\/latinoamerica21.com\/es\/wp-json\/wp\/v2\/categories?post=17038"},{"taxonomy":"post_tag","embeddable":true,"href":"https:\/\/latinoamerica21.com\/es\/wp-json\/wp\/v2\/tags?post=17038"},{"taxonomy":"gps","embeddable":true,"href":"https:\/\/latinoamerica21.com\/es\/wp-json\/wp\/v2\/gps?post=17038"}],"curies":[{"name":"wp","href":"https:\/\/api.w.org\/{rel}","templated":true}]}}