{"id":17094,"date":"2023-05-12T15:00:00","date_gmt":"2023-05-12T18:00:00","guid":{"rendered":"https:\/\/latinoamerica21.com\/?p=17094"},"modified":"2023-11-09T17:11:47","modified_gmt":"2023-11-09T20:11:47","slug":"el-fiscal-de-la-cpi-y-las-victimas-de-la-crisis-de-venezuela","status":"publish","type":"post","link":"https:\/\/latinoamerica21.com\/es\/el-fiscal-de-la-cpi-y-las-victimas-de-la-crisis-de-venezuela\/","title":{"rendered":"El fiscal de la CPI y las v\u00edctimas de la crisis de Venezuela"},"content":{"rendered":"\n<p>El presidente de la Asamblea Nacional de Venezuela,<a href=\"https:\/\/www.dw.com\/es\/impunidad-nueva-exigencia-de-maduro-para-regresar-al-di%C3%A1logo\/a-65464208\"> Jorge Rodr\u00edguez<\/a>, advirti\u00f3 (antes de la m\u00e1s reciente reuni\u00f3n internacional en Bogot\u00e1 sobre la crisis del pa\u00eds) que uno de los requisitos para retomar el di\u00e1logo con la oposici\u00f3n era lo siguiente: \u201cLas pol\u00edticas de <em>lawfare<\/em> (o \u2018guerra legal\u2019), las pol\u00edticas de ataque a trav\u00e9s de aventuras en tribunales de Estados Unidos, o a trav\u00e9s de la Corte Penal Internacional (CPI), se (tienen que detener) porque afectan directamente a nuestros l\u00edderes m\u00e1s importantes\u201d. En resumidas cuentas, el chavismo exige impunidad ante la corrupci\u00f3n y los cr\u00edmenes de lesa humanidad, para seguir negociando condiciones electorales justas, levantamiento de sanciones y liberaci\u00f3n de presos pol\u00edticos.<\/p>\n\n\n\n<p>En el caso de EE.UU., las decisiones judiciales y administrativas han variado de acuerdo a conveniencias pol\u00edticas: desde la liberaci\u00f3n de<a href=\"https:\/\/www.bbc.com\/mundo\/noticias-america-latina-63105758\"> los sobrinos de la pareja presidencial Maduro-Flores<\/a>, condenados por narcotr\u00e1fico, y el intercambio de siete ejecutivos de la petrolera Citgo que estaban presos en Caracas, hasta la eliminaci\u00f3n de la lista de sancionados de la OFAC (oficina del tesoro) de<a href=\"https:\/\/efectococuyo.com\/politica\/eeuu-elimina-de-lista-de-sancionados-a-sobrino-de-cilia-flores\/\"> otro sobrino de la primera dama Cilia Flores<\/a>, que fue acusado de lavado de dinero.<\/p>\n\n\n\n<p>Pero en el<a href=\"https:\/\/www.hrw.org\/es\/news\/2022\/12\/08\/el-papel-fundamental-de-la-corte-penal-internacional-para-la-justicia-en-venezuela\"> proceso abierto de la CPI<\/a>, que est\u00e1 en etapa de revisi\u00f3n preliminar, el asunto se les complica a los militares y funcionarios civiles venezolanos que est\u00e1n acusados de presuntos cr\u00edmenes de lesa humanidad, cr\u00edmenes que no prescriben. Despu\u00e9s de la conferencia del fiscal jefe de la CPI, Karim Khan, organizada por el Centro<a href=\"https:\/\/encyclopedia.ushmm.org\/content\/en\/article\/raoul-wallenberg-and-the-rescue-of-jews-in-budapest\"> Raoul Wallenberg<\/a> por los Derechos Humanos y la Universidad de Ottawa, da la impresi\u00f3n de que la determinaci\u00f3n de quien deber\u00e1 eventualmente encabezar la acusaci\u00f3n contra los presuntos criminales del chavismo no ser\u00e1 un hueso f\u00e1cil de roer para el r\u00e9gimen de Nicol\u00e1s Maduro.<\/p>\n\n\n\n<figure class=\"wp-block-image size-large\"><a href=\"https:\/\/latinoamerica21.com\/podcast\/ep15-militarizacion-de-la-frontera-chileno-peruana-gustavo-petro-en-espana-y-santiago-pena-nuevo-presidente-del-paraguay-mirada-semanal\/\"><img loading=\"lazy\" decoding=\"async\" width=\"1024\" height=\"331\" src=\"https:\/\/latinoamerica21.com\/wp-content\/uploads\/2023\/05\/MIRADA-SEMANAL-2-1-1024x331.jpg\" alt=\"\" class=\"wp-image-17095\" srcset=\"https:\/\/latinoamerica21.com\/wp-content\/uploads\/2023\/05\/MIRADA-SEMANAL-2-1-1024x331.jpg 1024w, https:\/\/latinoamerica21.com\/wp-content\/uploads\/2023\/05\/MIRADA-SEMANAL-2-1-300x97.jpg 300w, https:\/\/latinoamerica21.com\/wp-content\/uploads\/2023\/05\/MIRADA-SEMANAL-2-1-768x248.jpg 768w, https:\/\/latinoamerica21.com\/wp-content\/uploads\/2023\/05\/MIRADA-SEMANAL-2-1-1536x497.jpg 1536w, https:\/\/latinoamerica21.com\/wp-content\/uploads\/2023\/05\/MIRADA-SEMANAL-2-1.jpg 2000w\" sizes=\"auto, (max-width: 1024px) 100vw, 1024px\" \/><\/a><\/figure>\n\n\n\n<p>Karim Khan no habl\u00f3 directamente del caso de Venezuela, ya que no puede emitir opini\u00f3n p\u00fablica sobre un proceso que se est\u00e1 revisando. Sin embargo, el fiscal jefe de la CPI insisti\u00f3 en su conferencia en que el reto m\u00e1s importante que tiene la corte de La Haya es hacer realidad aquella promesa de \u201cnunca jam\u00e1s\u201d que fue emitida despu\u00e9s de los juicios contra los jerarcas nazis en N\u00faremberg por el genocidio contra los jud\u00edos, los romas y otros grupos humanos. Sin embargo, esta promesa no se ha cumplido tal como lo testimonian los genocidios en Camboya, Ruanda, los Balcanes, y las m\u00e1s recientes persecuciones y masacres contra los rohiny\u00e1s en Birmania o los uigures en China.<\/p>\n\n\n\n<p>Lo que est\u00e1 en juego, seg\u00fan Khan, es la credibilidad del sistema de justicia internacional y de los propios cimientos del orden global establecido despu\u00e9s de la Segunda Guerra Mundial que ha servido, por ahora (y qui\u00e9n sabe hasta cu\u00e1ndo), para evitar otra gran confrontaci\u00f3n que podr\u00eda tener un desenlace nuclear.<\/p>\n\n\n\n<p>\u00bfC\u00f3mo pasar del escepticismo y el cinismo con el que muchos ven las acciones (o la falta de acciones) de la CPI? Khan afirm\u00f3 que los fiscales de la CPI no son \u201cparacaidistas que pueden hacer operaciones rel\u00e1mpago contra los acusados de cr\u00edmenes contra la humanidad\u201d, pero s\u00ed mostr\u00f3 ejemplos de c\u00f3mo se debe aplicar la justicia. Lo m\u00e1s importante para el fiscal es ir al terreno, escuchar a los sobrevivientes y a las v\u00edctimas, comprender el contexto social, pol\u00edtico, cultural y religioso en el que se han cometido los cr\u00edmenes.<\/p>\n\n\n\n<p>La justicia no es una abstracci\u00f3n, sino una acci\u00f3n que tiene consecuencias pr\u00e1cticas. \u00c9l mismo, ante escenarios de conflicto y violaciones de derechos humanos, visit\u00f3 Venezuela en 2021 y 2022. Sus viajes a Caracas han servido para que el gobierno de Maduro se viera visto obligado a firmar un acuerdo con la CPI, lo que implic\u00f3 la apertura de una oficina de la corte internacional en el pa\u00eds. Aunque es obvio que el r\u00e9gimen chavista ha buscado lavarse la cara al recibir a Khan, el propio fiscal jefe ha dicho en<a href=\"https:\/\/supremainjusticia.org\/khan-no-cree-que-crimenes-lesa-humanidad-venezuela-investiguen-a-fondo\/\"> declaraciones a la prensa<\/a>: \u201cUno no puede ser ingenuo, pero uno tampoco puede sospechar innecesariamente, porque entonces no est\u00e1s siendo imparcial\u201d.<\/p>\n\n\n\n<p>La oficina del fiscal de la CPI tiene que hacer frente a limitaciones de presupuesto, tecnol\u00f3gicas y log\u00edsticas. Khan indic\u00f3 en su conferencia que la CPI genera grandes expectativas con respecto a una gran variedad de casos, pero cuenta con pocos recursos. El fiscal jefe cree, sin embargo, que la clave est\u00e1 en la independencia de la corte y de su oficina. Y cuando se le pregunt\u00f3 sobre qui\u00e9nes, desde posiciones de poder, cuestionaban su imparcialidad, afirm\u00f3: \u201cNosotros nos ocupamos del suelo, no del techo\u201d. Enfatiz\u00f3, a su vez, que su foco est\u00e1 en los supervivientes y en las v\u00edctimas de cr\u00edmenes de lesa humanidad. \u201cEllos no han perdido la esperanza de que se haga justicia\u201d, concluy\u00f3.<\/p>\n\n\n\n<figure class=\"wp-block-embed is-type-rich is-provider-spotify wp-block-embed-spotify wp-embed-aspect-21-9 wp-has-aspect-ratio\"><div class=\"wp-block-embed__wrapper\">\n<iframe title=\"Spotify Embed: El cap\u00edtulo venezolano de la justicia internacional\" style=\"border-radius: 12px\" width=\"100%\" height=\"152\" frameborder=\"0\" allowfullscreen allow=\"autoplay; clipboard-write; encrypted-media; fullscreen; picture-in-picture\" loading=\"lazy\" src=\"https:\/\/open.spotify.com\/embed\/episode\/4j9zlyI15smpQ0HCgYaXGy?si=z-g38GA7Q5aM_2xSwz4nHg&#038;utm_source=oembed\"><\/iframe>\n<\/div><\/figure>\n","protected":false},"excerpt":{"rendered":"<p>El proceso, que est\u00e1 en etapa de revisi\u00f3n preliminar, es una amenaza real para los militares y funcionarios civiles venezolanos que est\u00e1n acusados de presuntos cr\u00edmenes de lesa humanidad.<\/p>\n","protected":false},"author":263,"featured_media":17096,"comment_status":"closed","ping_status":"closed","sticky":false,"template":"","format":"standard","meta":{"_acf_changed":false,"episode_type":"","audio_file":"","cover_image":"","cover_image_id":"","duration":"","filesize":"","filesize_raw":"","date_recorded":"","explicit":"","block":"","itunes_episode_number":"","itunes_title":"","itunes_season_number":"","itunes_episode_type":"","footnotes":""},"categories":[16480,16516,16667,16516,16667,16480],"tags":[14126],"gps":[],"class_list":{"0":"post-17094","1":"post","2":"type-post","3":"status-publish","4":"format-standard","5":"has-post-thumbnail","7":"category-venezuela","8":"category-derechos-humanos","9":"category-cpi","13":"tag-debates-br-es"},"acf":[],"_links":{"self":[{"href":"https:\/\/latinoamerica21.com\/es\/wp-json\/wp\/v2\/posts\/17094","targetHints":{"allow":["GET"]}}],"collection":[{"href":"https:\/\/latinoamerica21.com\/es\/wp-json\/wp\/v2\/posts"}],"about":[{"href":"https:\/\/latinoamerica21.com\/es\/wp-json\/wp\/v2\/types\/post"}],"author":[{"embeddable":true,"href":"https:\/\/latinoamerica21.com\/es\/wp-json\/wp\/v2\/users\/263"}],"replies":[{"embeddable":true,"href":"https:\/\/latinoamerica21.com\/es\/wp-json\/wp\/v2\/comments?post=17094"}],"version-history":[{"count":0,"href":"https:\/\/latinoamerica21.com\/es\/wp-json\/wp\/v2\/posts\/17094\/revisions"}],"wp:featuredmedia":[{"embeddable":true,"href":"https:\/\/latinoamerica21.com\/es\/wp-json\/wp\/v2\/media\/17096"}],"wp:attachment":[{"href":"https:\/\/latinoamerica21.com\/es\/wp-json\/wp\/v2\/media?parent=17094"}],"wp:term":[{"taxonomy":"category","embeddable":true,"href":"https:\/\/latinoamerica21.com\/es\/wp-json\/wp\/v2\/categories?post=17094"},{"taxonomy":"post_tag","embeddable":true,"href":"https:\/\/latinoamerica21.com\/es\/wp-json\/wp\/v2\/tags?post=17094"},{"taxonomy":"gps","embeddable":true,"href":"https:\/\/latinoamerica21.com\/es\/wp-json\/wp\/v2\/gps?post=17094"}],"curies":[{"name":"wp","href":"https:\/\/api.w.org\/{rel}","templated":true}]}}