{"id":17301,"date":"2023-05-20T08:00:00","date_gmt":"2023-05-20T11:00:00","guid":{"rendered":"https:\/\/latinoamerica21.com\/?p=17301"},"modified":"2023-11-09T17:11:46","modified_gmt":"2023-11-09T20:11:46","slug":"lasso-disuelve-la-asamblea-en-ecuador","status":"publish","type":"post","link":"https:\/\/latinoamerica21.com\/es\/lasso-disuelve-la-asamblea-en-ecuador\/","title":{"rendered":"Lasso disuelve la Asamblea en Ecuador"},"content":{"rendered":"\n<p>Guillermo Lasso cumplir\u00e1 dos a\u00f1os en el Gobierno de Ecuador el 24 de mayo. En este periodo ha sobrevivido a tres intentos de destituci\u00f3n de diverso tipo e intensidad. En junio del a\u00f1o pasado super\u00f3 un paro nacional de 18 d\u00edas consecutivos liderado por la Confederaci\u00f3n de Nacionalidades Ind\u00edgenas del Ecuador (Conaie) con Leonidas Iza a la cabeza, luego sigui\u00f3 la votaci\u00f3n en la Asamblea para promover su salida anticipada y un grupo de opositores recogi\u00f3 firmas para la revocatoria del mandato.<\/p>\n\n\n\n<p>El Presidente ecuatoriano es un sobreviviente de la oposici\u00f3n de izquierda y de derecha. La primera encarnada en la Revoluci\u00f3n Ciudadana del exmandatario Rafael Correa y el movimiento ind\u00edgena Pachakutik que cuenta con diversos l\u00edderes, y la segunda, en la derecha del Partido Social Cristiano con su figura hist\u00f3rica, Jaime Nebot, exalcalde de Guayaquil.<\/p>\n\n\n\n<p>En estos dos a\u00f1os de gobierno, Lasso no ha logrado un acuerdo pol\u00edtico interpartidario que le permitiese gobernabilidad, m\u00e1s bien ha estado siempre al filo del despe\u00f1adero. Esto ha limitado completamente la gesti\u00f3n y ni siquiera ha logrado concretar un pacto social con organizaciones de la ciudadan\u00eda.<\/p>\n\n\n\n<p>La decisi\u00f3n del mandatario ecuatoriano para disolver la Asamblea (muerte cruzada), amparada en el art\u00edculo 148 de la Constituci\u00f3n de la Rep\u00fablica y expedida v\u00eda Decreto Ejecutivo 741, se produjo en un contexto de crisis simult\u00e1neas. Desde la inseguridad generalizada en todo el pa\u00eds, una alta tasa de desempleo, insatisfacci\u00f3n ante los servicios de salud p\u00fablica, el bloqueo legislativo hasta una limitada capacidad de gesti\u00f3n gubernamental en el \u00e1rea social. Como positivo se destaca el equilibrio de las cuentas macroecon\u00f3micas.<\/p>\n\n\n\n<p>Lasso disolvi\u00f3 la Asamblea, antes de ser juzgado pol\u00edticamente en el proceso por peculado. <a href=\"https:\/\/latinoamerica21.com\/es\/ecuador-la-institucionalidad-a-prueba\/\" target=\"_blank\" rel=\"noreferrer noopener\">La Corte Constitucional aprob\u00f3 la continuidad del juicio<\/a> bajo esa figura y la Comisi\u00f3n de Fiscalizaci\u00f3n de la legislatura bas\u00f3 el proceso sin un informe de consenso por parte de sus nueve legisladores. Adem\u00e1s, no se evidenciaron pruebas contundentes respecto de este delito. En este marco, la oposici\u00f3n quiso cortarle la cabeza al Presidente con figuras que van desde la incapacidad mental hasta el descr\u00e9dito popular.<\/p>\n\n\n\n<p>Tras la \u201cmuerte cruzada\u201d, de momento no ha habido protestas en las calles de Ecuador. El rechazo a la Asamblea es muy amplio y apenas lograba el 5% de aceptaci\u00f3n. Es la legislatura peor evaluada desde la transici\u00f3n a la democracia desde 1979. Y ni siquiera el movimiento ind\u00edgena ha puesto en marcha sus anunciadas protestas en contra del Gobierno, pues el contexto no les favorece.<\/p>\n\n\n\n<p>Por su parte, el Presidente Guillermo Lasso tambi\u00e9n cuenta con una aprobaci\u00f3n baj\u00edsima. Solo el 13% de los ecuatorianos aprueba su gesti\u00f3n, estableciendo tambi\u00e9n un r\u00e9cord el \u00faltimo a\u00f1o, pues su desgaste ha sido intenso y acelerado.<\/p>\n\n\n\n<p><strong>\u00bfQu\u00e9 se viene?<\/strong><\/p>\n\n\n\n<p>La muerte cruzada implica <a href=\"https:\/\/www.bloomberglinea.com\/latinoamerica\/ecuador\/ecuador-fecha-de-nuevas-elecciones-se-conocera-hasta-el-24-de-mayo\/\" target=\"_blank\" rel=\"noreferrer noopener\">elecciones anticipadas para escoger el binomio presidencial y la Asamblea <\/a>por el tiempo que resta a las dos funciones del Estado para el periodo 2021-2025. En otras palabras, se vive un ambiente electoral, pues las organizaciones pol\u00edticas est\u00e1n en b\u00fasqueda de los mejores candidatos para el siguiente a\u00f1o y medio. La situaci\u00f3n es compleja, las nuevas autoridades locales acaban de asumir sus cargos y la poblaci\u00f3n se ve obligada a volver a las urnas en un escenario marcado por el descr\u00e9dito por la pol\u00edtica y la fatiga c\u00edvica.<\/p>\n\n\n\n<p>En el tiempo restante, el Presidente podr\u00e1 gobernar por decretos, en la medida que la Corte Constitucional los apruebe. Lasso tiene apenas seis meses para demostrar que puede concretar alguna de sus ofertas de campa\u00f1a como reducir el desempleo, mejorar el sistema de salud y el acceso a la educaci\u00f3n y, sobre todo, combatir la inseguridad. Desde el oficialismo, a\u00fan no se ha mencionado quien tomar\u00eda la posta. Si bien el Presidente puede volver a ser candidato, los n\u00fameros le son adversos.<\/p>\n\n\n\n<p>A futuro queda la interrogante de si la muerte cruzada es un remedio o una nueva enfermedad para el sistema pol\u00edtico ecuatoriano. Pues cualquier mandatario sin mayor\u00eda legislativa y que sufra el bloqueo pol\u00edtico podr\u00eda aplicarlo antes de cumplir tres de los cuatro a\u00f1os de gobierno.<\/p>\n\n\n\n<p>Por el momento, el mandatario ecuatoriano ha recibido el rechazo de la oposici\u00f3n, el benepl\u00e1cito del cuerpo diplom\u00e1tico acreditado en el pa\u00eds y el respaldo de las fuerzas del orden. Solo el tiempodir\u00e1 si Lasso tom\u00f3, o no, la mejor decisi\u00f3n.<\/p>\n","protected":false},"excerpt":{"rendered":"<p>La decisi\u00f3n del mandatario ecuatoriano de disolver la Asamblea se produjo en un contexto de crisis de inseguridad generalizada, una alta tasa de desempleo y un conflicto permanente con los congresistas.<\/p>\n","protected":false},"author":189,"featured_media":17302,"comment_status":"closed","ping_status":"closed","sticky":false,"template":"","format":"standard","meta":{"_acf_changed":false,"episode_type":"","audio_file":"","cover_image":"","cover_image_id":"","duration":"","filesize":"","filesize_raw":"","date_recorded":"","explicit":"","block":"","itunes_episode_number":"","itunes_title":"","itunes_season_number":"","itunes_episode_type":"","footnotes":""},"categories":[16593,16593,16475,16475,16511,16511],"tags":[],"gps":[],"class_list":{"0":"post-17301","1":"post","2":"type-post","3":"status-publish","4":"format-standard","5":"has-post-thumbnail","7":"category-guillermo-lasso","9":"category-ecuador","11":"category-crisis-politica"},"acf":[],"_links":{"self":[{"href":"https:\/\/latinoamerica21.com\/es\/wp-json\/wp\/v2\/posts\/17301","targetHints":{"allow":["GET"]}}],"collection":[{"href":"https:\/\/latinoamerica21.com\/es\/wp-json\/wp\/v2\/posts"}],"about":[{"href":"https:\/\/latinoamerica21.com\/es\/wp-json\/wp\/v2\/types\/post"}],"author":[{"embeddable":true,"href":"https:\/\/latinoamerica21.com\/es\/wp-json\/wp\/v2\/users\/189"}],"replies":[{"embeddable":true,"href":"https:\/\/latinoamerica21.com\/es\/wp-json\/wp\/v2\/comments?post=17301"}],"version-history":[{"count":0,"href":"https:\/\/latinoamerica21.com\/es\/wp-json\/wp\/v2\/posts\/17301\/revisions"}],"wp:featuredmedia":[{"embeddable":true,"href":"https:\/\/latinoamerica21.com\/es\/wp-json\/wp\/v2\/media\/17302"}],"wp:attachment":[{"href":"https:\/\/latinoamerica21.com\/es\/wp-json\/wp\/v2\/media?parent=17301"}],"wp:term":[{"taxonomy":"category","embeddable":true,"href":"https:\/\/latinoamerica21.com\/es\/wp-json\/wp\/v2\/categories?post=17301"},{"taxonomy":"post_tag","embeddable":true,"href":"https:\/\/latinoamerica21.com\/es\/wp-json\/wp\/v2\/tags?post=17301"},{"taxonomy":"gps","embeddable":true,"href":"https:\/\/latinoamerica21.com\/es\/wp-json\/wp\/v2\/gps?post=17301"}],"curies":[{"name":"wp","href":"https:\/\/api.w.org\/{rel}","templated":true}]}}