{"id":17399,"date":"2023-05-26T08:00:44","date_gmt":"2023-05-26T11:00:44","guid":{"rendered":"https:\/\/latinoamerica21.com\/?p=17399"},"modified":"2023-11-09T17:11:46","modified_gmt":"2023-11-09T20:11:46","slug":"el-verdadero-objetivo-del-acuerdo-sobre-la-migracion-a-traves-del-darien","status":"publish","type":"post","link":"https:\/\/latinoamerica21.com\/es\/el-verdadero-objetivo-del-acuerdo-sobre-la-migracion-a-traves-del-darien\/","title":{"rendered":"El verdadero objetivo del acuerdo sobre la migraci\u00f3n a trav\u00e9s del Dari\u00e9n"},"content":{"rendered":"\n<p>En 2021, unos 133.000 solicitantes de asilo atravesaron el peligroso Paso del Dari\u00e9n para llegar a Estados Unidos. En 2022, la cifra casi se duplic\u00f3 y para este a\u00f1o se prev\u00e9 que se supere los 400.000. Sin embargo, el n\u00famero de solicitantes de asilo no es lo que debe alarmarnos sino el peligro que estos desesperados migrantes de Venezuela, Hait\u00ed, Ecuador, Cuba, Senegal, Ghana, Somalia, Guinea, Congo y muchos otros pa\u00edses deben soportar para llegar a Estados Unidos.<\/p>\n\n\n\n<p>El Tap\u00f3n del Dari\u00e9n es una zona de unos 100km de largo y 50 de ancho entre Colombia y Panam\u00e1 cubierta de densa selva tropical, monta\u00f1as escarpadas, vastos pantanos y r\u00edos que con demasiada frecuencia arrastran a los emigrantes a la muerte. Adem\u00e1s, la ruta est\u00e1 plagada de contrabandistas, miembros de las ex FARC y otros delincuentes que roban, violan, asesinan, secuestran y venden migrantes vulnerables a redes de tr\u00e1fico de personas.<\/p>\n\n\n\n<p>En respuesta a esta creciente calamidad humanitaria, el 11 de abril de 2023, el Departamento de Seguridad Nacional de Estados Unidos public\u00f3 <a href=\"https:\/\/www.latimes.com\/espanol\/eeuu\/articulo\/2023-04-13\/eeuu-colombia-y-panama-buscan-acabar-migracion-por-darien\" target=\"_blank\" rel=\"noreferrer noopener\">una declaraci\u00f3n trilateral de los ministros de Asuntos Exteriores de Estados Unidos, Panam\u00e1 y Colombia <\/a>anunciando un plan para \u00ababordar la grave situaci\u00f3n humanitaria en el Dari\u00e9n\u00bb. El plan de 60 d\u00edas pretende poner fin al movimiento il\u00edcito de personas y mercanc\u00edas a trav\u00e9s del Dari\u00e9n, abrir nuevas v\u00edas legales y flexibles para los migrantes y refugiados y lanzar un plan para reducir la pobreza, mejorar los servicios p\u00fablicos, crear empleo y promover oportunidades econ\u00f3micas y sostenibles en las comunidades fronterizas del norte de Colombia y el sur de Panam\u00e1.<\/p>\n\n\n\n<p>El anuncio fue recibido con cr\u00edticas. \u00abAl Otro Lado\u00bb, una organizaci\u00f3n que ayuda a migrantes en Estados Unidos y M\u00e9xico, critic\u00f3 la aparente falta de viabilidad del plan.\u00a0 La organizaci\u00f3n Haitian Bridge Alliance tach\u00f3 el plan de \u00abaterrador\u00bb porque probablemente requerir\u00e1 la militarizaci\u00f3n de la frontera colombiana y, por tanto, aumentar\u00e1 los peligros de la traves\u00eda.\u00a0Y es que el plan perpetua la opresi\u00f3n a trav\u00e9s de una mayor externalizaci\u00f3n de la pol\u00edtica fronteriza y de inmigraci\u00f3n de Estados Unidos.<\/p>\n\n\n\n<p>Este es el \u00faltimo ejemplo de la externalizaci\u00f3n de la pol\u00edtica de inmigraci\u00f3n de Estados Unidos y la ampliaci\u00f3n de su frontera para impedir que las personas lleguen a territorio estadounidense, donde pueden solicitar asilo legalmente.&nbsp; Por ejemplo, en 2014 se implement\u00f3 el Plan Frontera Sur para que M\u00e9xico pudiera detener a los migrantes centroamericanos antes de llegar a la frontera sur de Estados Unidos.&nbsp;<\/p>\n\n\n\n<p>Adem\u00e1s, durante la administraci\u00f3n Trump se negociaron acuerdos con Guatemala, El Salvador y Honduras para que aceptaran a los solicitantes de asilo en ruta hacia el norte. Estados Unidos tambi\u00e9n empez\u00f3 a exigir a los solicitantes de asilo procedentes de Centroam\u00e9rica que pidieran refugio en uno de estos pa\u00edses o en M\u00e9xico antes de hacerlo en Estados Unidos.<\/p>\n\n\n\n<p>El Gobierno de Trump tambi\u00e9n implement\u00f3 los Protocolos de Protecci\u00f3n de Migrantes que exigen a los aspirantes a solicitar asilo en M\u00e9xico esperar a que sus solicitudes sean adjudicadas y activ\u00f3 el T\u00edtulo 42, una pol\u00edtica de salud p\u00fablica, para permitir que la patrulla fronteriza expulse a los migrantes sin documentos sin procesarlos.&nbsp;&nbsp;<\/p>\n\n\n\n<p>La tendencia contin\u00faa con la Administraci\u00f3n Biden. En octubre de 2022 el gobierno anunci\u00f3 un plan por el que se conced\u00edan 24.000 visados humanitarios a migrantes venezolanos y, al mismo tiempo, se inhabilitaba a los venezolanos para solicitar asilo si no entraban en Estados Unidos por un punto de entrada autorizado. Por otra parte, con la finalizaci\u00f3n del T\u00edtulo 42, que ha supuesto una presi\u00f3n adicional para que la Administraci\u00f3n controle qui\u00e9n llega a la frontera (volviendo a las leyes anteriores que permiten a cualquier persona solicitar asilo en cualquier lugar en suelo estadounidense), la Administraci\u00f3n Biden est\u00e1 tratando, una vez m\u00e1s, de evitar que la gente llegue a los EE.UU.<\/p>\n\n\n\n<p>En conclusi\u00f3n, estas pol\u00edticas crean, reflejan y perpet\u00faan la opresi\u00f3n global que es cuando las pol\u00edticas y pr\u00e1cticas de diferentes Estados se compaginan para frenar procesos como la migraci\u00f3n. En primer lugar, el plan para detener la migraci\u00f3n a trav\u00e9s del Dari\u00e9n no es aleatorio ni accidental, forma parte de una red m\u00e1s amplia de pol\u00edticas y pr\u00e1cticas destinadas a impedir que los solicitantes de asilo lleguen a Estados Unidos.<\/p>\n\n\n\n<p>En segundo lugar, el plan pone a los migrantes venezolanos en un doble aprieto, por el mero hecho de ser venezolanos y pobres ya que, si bien la Administraci\u00f3n est\u00e1 permitiendo que algunos venezolanos entren por los aeropuertos, esta no es una opci\u00f3n para los de bajos recursos.&nbsp;<\/p>\n\n\n\n<p>En tercer lugar, es probable que el plan aumente los peligros a los que se enfrentan los solicitantes de asilo, ya sea porque tienen que soportar la selva sin asistencia humanitaria, porque tienen que pagar a contrabandistas para que los lleven por rutas que eluden a los funcionarios o porque se encontrar\u00e1n con militares que les impedir\u00e1n entrar en el Dari\u00e9n. Como dijo el polit\u00f3logo Joseph Carens, \u00ablas fronteras tienen guardias y los guardias tienen armas\u00bb. En estas circunstancias, los solicitantes de asilo se enfrentan de forma sistem\u00e1tica a una violencia potencial desde m\u00e1s frentes que antes.<\/p>\n\n\n\n<p>Por \u00faltimo, <a href=\"https:\/\/latinoamerica21.com\/es\/el-destapon-del-darien-la-otra-migracion\/\" target=\"_blank\" rel=\"noreferrer noopener\">preocupa que Colombia y Panam\u00e1 promuevan los intereses de Estados Unidos por encima de los propios<\/a>. El hecho de que el electorado estadounidense sea actualmente m\u00e1s xen\u00f3fobo hacia los migrantes latinoamericanos que hacia otros como los ucranianos, no implica que los pa\u00edses latinoamericanos tengan que colaborar con Estados Unidos en impedir su llegada a la frontera sur.\u00a0<\/p>\n\n\n\n<p>Estas naciones podr\u00edan (y durante la mayor parte de la historia lo han hecho) simplemente dejar pasar a estos migrantes por sus pa\u00edses y ofrecerles protecci\u00f3n. Pero el hecho de que hayan optado por no hacerlo, refleja una relaci\u00f3n dominante arraigada en una larga historia de intervenci\u00f3n estadounidense en la regi\u00f3n.<\/p>\n\n\n\n<p>Este plan no busca proteger a los migrantes de un viaje incre\u00edblemente peligroso. As\u00ed que sigamos pensando en mejores formas de ayudar a estos migrantes a construir futuros sin repetir patrones opresivos del pasado.<\/p>\n","protected":false},"excerpt":{"rendered":"<p>El plan perpet\u00faa la opresi\u00f3n a trav\u00e9s de una mayor externalizaci\u00f3n de la pol\u00edtica fronteriza y de inmigraci\u00f3n de Estados Unidos.<\/p>\n","protected":false},"author":321,"featured_media":17400,"comment_status":"closed","ping_status":"closed","sticky":false,"template":"","format":"standard","meta":{"_acf_changed":false,"episode_type":"","audio_file":"","cover_image":"","cover_image_id":"","duration":"","filesize":"","filesize_raw":"","date_recorded":"","explicit":"","block":"","itunes_episode_number":"","itunes_title":"","itunes_season_number":"","itunes_episode_type":"","footnotes":""},"categories":[16468,16518,16518,16520,16468,16520],"tags":[14126],"gps":[],"class_list":{"0":"post-17399","1":"post","2":"type-post","3":"status-publish","4":"format-standard","5":"has-post-thumbnail","7":"category-politica","8":"category-relaiciones-internacionales","10":"category-migracion","13":"tag-debates-br-es"},"acf":[],"_links":{"self":[{"href":"https:\/\/latinoamerica21.com\/es\/wp-json\/wp\/v2\/posts\/17399","targetHints":{"allow":["GET"]}}],"collection":[{"href":"https:\/\/latinoamerica21.com\/es\/wp-json\/wp\/v2\/posts"}],"about":[{"href":"https:\/\/latinoamerica21.com\/es\/wp-json\/wp\/v2\/types\/post"}],"author":[{"embeddable":true,"href":"https:\/\/latinoamerica21.com\/es\/wp-json\/wp\/v2\/users\/321"}],"replies":[{"embeddable":true,"href":"https:\/\/latinoamerica21.com\/es\/wp-json\/wp\/v2\/comments?post=17399"}],"version-history":[{"count":0,"href":"https:\/\/latinoamerica21.com\/es\/wp-json\/wp\/v2\/posts\/17399\/revisions"}],"wp:featuredmedia":[{"embeddable":true,"href":"https:\/\/latinoamerica21.com\/es\/wp-json\/wp\/v2\/media\/17400"}],"wp:attachment":[{"href":"https:\/\/latinoamerica21.com\/es\/wp-json\/wp\/v2\/media?parent=17399"}],"wp:term":[{"taxonomy":"category","embeddable":true,"href":"https:\/\/latinoamerica21.com\/es\/wp-json\/wp\/v2\/categories?post=17399"},{"taxonomy":"post_tag","embeddable":true,"href":"https:\/\/latinoamerica21.com\/es\/wp-json\/wp\/v2\/tags?post=17399"},{"taxonomy":"gps","embeddable":true,"href":"https:\/\/latinoamerica21.com\/es\/wp-json\/wp\/v2\/gps?post=17399"}],"curies":[{"name":"wp","href":"https:\/\/api.w.org\/{rel}","templated":true}]}}