{"id":17467,"date":"2023-05-29T08:00:00","date_gmt":"2023-05-29T11:00:00","guid":{"rendered":"https:\/\/latinoamerica21.com\/?p=17467"},"modified":"2023-11-09T17:11:46","modified_gmt":"2023-11-09T20:11:46","slug":"las-temperaturas-alcanzaran-niveles-records-en-los-proximos-cinco-anos","status":"publish","type":"post","link":"https:\/\/latinoamerica21.com\/es\/las-temperaturas-alcanzaran-niveles-records-en-los-proximos-cinco-anos\/","title":{"rendered":"Las temperaturas alcanzar\u00e1n niveles r\u00e9cords en los pr\u00f3ximos cinco a\u00f1os\u00a0"},"content":{"rendered":"\n<p>Hace unos d\u00edas la Organizaci\u00f3n Meteorol\u00f3gica Mundial (OMM) inform\u00f3 que es probable que \u201clas temperaturas mundiales alcancen niveles sin precedentes en los pr\u00f3ximos cinco a\u00f1os\u201d, debido a las emisiones de gases de efecto invernadero (GEI) y al fen\u00f3meno natural de El Ni\u00f1o. Seg\u00fan el informe, entre 2023 y 2027 la temperatura media anual podr\u00eda superar en 1,5 \u00b0C los niveles preindustriales, y probablemente sea el per\u00edodo m\u00e1s c\u00e1lido desde que se tiene registro. Este dato no se refiere al umbral de 1,5\u00b0 establecido en el Acuerdo de Par\u00eds de 2015. Sin embargo, ha encendido las alarmas por los efectos que podr\u00eda ocasionar. El calentamiento afectar\u00e1 a todas las regiones del mundo, pero de manera desigual: las poblaciones m\u00e1s vulnerables y con menos recursos, que parad\u00f3jicamente son las que menos han contribuido al cambio clim\u00e1tico, son las que m\u00e1s sufren y sufrir\u00e1n las consecuencias.<\/p>\n\n\n\n<p>En marzo de 2023 se public\u00f3 el<a href=\"https:\/\/www.ipcc.ch\/report\/ar6\/syr\/\"> informe s\u00edntesis<\/a> del sexto reporte del Grupo Intergubernamental de Expertos sobre el Cambio Clim\u00e1tico (IPCC) y su mensaje es contundente: las medidas que, hasta el momento, han adoptado los pa\u00edses no son suficientes para evitar las repercusiones del cambio clim\u00e1tico que ya estamos viviendo.<\/p>\n\n\n\n<p>Sin embargo, todav\u00eda hay esperanza. Si se reducen las emisiones de los GEI y se emplean medidas efectivas y urgentes no solo se pueden reducir las p\u00e9rdidas y da\u00f1os para los seres humanos y la naturaleza, sino que tambi\u00e9n es posible garantizar un futuro habitable para todos. Para que esto sea posible, la acci\u00f3n clim\u00e1tica debe centrarse en la justicia, el desarrollo resiliente y la equidad.&nbsp;&nbsp;<\/p>\n\n\n\n<p>El informe del IPCC explica de qu\u00e9 manera <a href=\"https:\/\/latinoamerica21.com\/es\/los-incendios-y-el-piroceno-como-gran-obra-de-la-razon-moderna\/\" target=\"_blank\" rel=\"noreferrer noopener\">la influencia humana ha calentado el clima a un ritmo sin precedentes<\/a>. Y teniendo en cuenta que en la \u00faltima d\u00e9cada la temperatura se ha incrementado un 1,1 grados Celsius por encima de los valores preindustriales, a\u00fan si todos los pa\u00edses cumplieran sus compromisos clim\u00e1ticos, no ser\u00eda suficiente para evitar que se sobrepasen los 1,5 grados.<\/p>\n\n\n\n<p>La continua quema de combustibles f\u00f3siles, los sistemas energ\u00e9ticos insostenibles o los cambios en los usos del suelo y la deforestaci\u00f3n en todo el mundo est\u00e1n causando eventos clim\u00e1ticos extremos m\u00e1s frecuentes y fuertes. Si bien los pa\u00edses desarrollados han tenido una mayor responsabilidad en acelerar el cambio clim\u00e1tico, son los pa\u00edses menos desarrollados los que m\u00e1s sufren las consecuencias. Por ello, la idea de justicia clim\u00e1tica es un eje central sobre el cual hay que crear medidas de adaptaci\u00f3n y mitigaci\u00f3n que est\u00e9n integradas, a fin de lograr un desarrollo resiliente.<\/p>\n\n\n\n<figure class=\"wp-block-image size-large\"><a href=\"https:\/\/latinoamerica21.com\/wp-content\/uploads\/2022\/11\/ESP_Impactos-del-cambio-climatico-en-America-Latina-y-el-Caribe.pdf\"><img loading=\"lazy\" decoding=\"async\" width=\"1024\" height=\"331\" src=\"http:\/\/latinoamerica21.com\/wp-content\/uploads\/2023\/05\/ESCUCHALO-AQUI-2-1024x331.jpg\" alt=\"\" class=\"wp-image-17351\" srcset=\"https:\/\/latinoamerica21.com\/wp-content\/uploads\/2023\/05\/ESCUCHALO-AQUI-2-1024x331.jpg 1024w, https:\/\/latinoamerica21.com\/wp-content\/uploads\/2023\/05\/ESCUCHALO-AQUI-2-300x97.jpg 300w, https:\/\/latinoamerica21.com\/wp-content\/uploads\/2023\/05\/ESCUCHALO-AQUI-2-768x248.jpg 768w, https:\/\/latinoamerica21.com\/wp-content\/uploads\/2023\/05\/ESCUCHALO-AQUI-2-1536x497.jpg 1536w, https:\/\/latinoamerica21.com\/wp-content\/uploads\/2023\/05\/ESCUCHALO-AQUI-2.jpg 2000w\" sizes=\"auto, (max-width: 1024px) 100vw, 1024px\" \/><\/a><\/figure>\n\n\n\n<p><strong>Hacia la justicia clim\u00e1tica: la centralidad del financiamiento<\/strong><\/p>\n\n\n\n<p>El concepto de justicia clim\u00e1tica destaca la dimensi\u00f3n \u00e9tico-pol\u00edtica del cambio clim\u00e1tico y c\u00f3mo las desigualdades sociales y econ\u00f3micas se encuentran en el coraz\u00f3n del problema. Tan importante se ha tornado este concepto que en marzo de este a\u00f1o la Asamblea General de las Naciones Unidas emiti\u00f3 una<a href=\"https:\/\/www.unep.org\/es\/noticias-y-reportajes\/reportajes\/la-justicia-climatica-se-beneficiara-de-cambios-transformacionales#:~:text=AR%3A%20La%20justicia%20clim%C3%A1tica%20puede,y%20acceso%20a%20la%20justicia.\"> resoluci\u00f3n<\/a> para pedir la opini\u00f3n de la Corte Internacional de Justicia (CIJ) sobre las responsabilidades jur\u00eddicas de los Estados, que, por \u201cacci\u00f3n u omisi\u00f3n\u201d, afectan el clima.<\/p>\n\n\n\n<p>Esto tiene varias implicaciones. Por un lado, las que est\u00e1n vinculadas al financiamiento que los pa\u00edses m\u00e1s vulnerables necesitan para enfrentar el impacto de los cambios en el clima. En este punto se ha hecho un gran avance en la COP27, gracias al acuerdo hist\u00f3rico para la creaci\u00f3n de un fondo de<a href=\"https:\/\/www.un.org\/es\/cr%C3%B3nica-onu\/el-fondo-para-p%C3%A9rdidas-y-da%C3%B1os-un-paso-hacia-la-justicia-clim%C3%A1tica\"> \u201cp\u00e9rdidas y da\u00f1os\u201d<\/a> que apoye a los pa\u00edses en v\u00edas de desarrollo. Este fondo apunta a compensar a los pa\u00edses que ya est\u00e1n sufriendo los impactos negativos tanto en lo que se refiere a p\u00e9rdidas econ\u00f3micas (bienes, infraestructura, actividades productivas) como no econ\u00f3micas a los cuales no es posible asignar un valor como la migraci\u00f3n clim\u00e1tica, la p\u00e9rdida de biodiversidad de la que dependen las poblaciones locales o de aspectos simb\u00f3licos o del acervo cultural que generan los v\u00ednculos comunitarios.<\/p>\n\n\n\n<p>Este fondo de financiaci\u00f3n recaer\u00e1 sobre los pa\u00edses desarrollados por sus responsabilidades hist\u00f3ricas, aunque a\u00fan no se han definido los mecanismos de empleo, funcionamiento y las modalidades de pago de las compensaciones. Las negociaciones llevar\u00e1n tiempo, tomando en consideraci\u00f3n que los pa\u00edses desarrollados son renuentes a aceptar la responsabilidad como emisores hist\u00f3ricos. De momento, para avanzar en la ejecuci\u00f3n del fondo, 24 pa\u00edses trabajar\u00e1n conjuntamente, a fin de acordar qu\u00e9 pa\u00edses deben contribuir, c\u00f3mo ser\u00e1 distribuido el financiamiento o cu\u00e1les ser\u00e1n los instrumentos, entre otros factores.<\/p>\n\n\n\n<p>Otro aspecto central es la necesidad de avanzar en la ejecuci\u00f3n de medidas que est\u00e9n orientadas hacia un<a href=\"https:\/\/www.ipcc.ch\/report\/ar6\/wg2\/about\/frequently-asked-questions\/keyfaq6\/\"> \u201cdesarrollo resiliente al clima\u201d<\/a>, que articule de manera integral acciones de adaptaci\u00f3n y mitigaci\u00f3n con miras al desarrollo sostenible, teniendo como objetivo la interdependencia de los sistemas sociales y naturales. Cada pa\u00eds cuenta con distintas capacidades y oportunidades para llevar a cabo medidas de desarrollo resiliente al clima, pero claramente los pa\u00edses vulnerables necesitar\u00e1n mayor financiamiento, transferencia de conocimiento, tecnolog\u00eda y acuerdos que est\u00e9n basados en la cooperaci\u00f3n internacional.<\/p>\n\n\n\n<p>El \u00faltimo aspecto de la justicia clim\u00e1tica que resalta el informe es el fortalecimiento de la participaci\u00f3n social, la equidad y la revalorizaci\u00f3n del conocimiento de comunidades ind\u00edgenas y poblaciones vulnerables en la toma de decisiones a escala local y nacional. Cumplir con las agendas y planes nacionales requiere el fortalecimiento de la producci\u00f3n de conocimiento local y la realizaci\u00f3n de pol\u00edticas p\u00fablicas que incluyan la voz de estas comunidades. Este desaf\u00edo va de la mano del desarrollo de enfoques transdisciplinarios que construyan puentes de legitimidad y confianza entre la ciencia, la pol\u00edtica y la sociedad.<\/p>\n\n\n\n<p>La promoci\u00f3n de espacios de encuentro transdisciplinarios, transnacionales e innovadores se torna fundamental para la acci\u00f3n transformadora. Un ejemplo es el<a href=\"https:\/\/sricongress.org\/\"> Congreso de Investigaci\u00f3n e Innovaci\u00f3n en Sostenibilidad<\/a> 2023 (SRI) que se har\u00e1 en junio en Panam\u00e1. Esta es la reuni\u00f3n trandisciplinaria m\u00e1s grande del mundo, en la que se buscar\u00e1 intercambiar ideas y fomentar un espacio de colaboraci\u00f3n mediante la congregaci\u00f3n de l\u00edderes mundiales, encargados de tomar decisiones en sectores gubernamentales, de la sociedad civil, financiadores e innovadores para pensar ideas y acciones transformadoras, que se basen en los desaf\u00edos de la sustentabilidad.<\/p>\n\n\n\n<p>Como alertan los datos de la OMM y los reportes del IPCC, la acci\u00f3n clim\u00e1tica debe acelerar el paso si queremos evitar que los riesgos relacionados con el clima se agraven a\u00fan m\u00e1s a futuro. Estamos a tiempo y hay una puerta de esperanza.<\/p>\n","protected":false},"excerpt":{"rendered":"<p>El concepto de justicia clim\u00e1tica destaca la dimensi\u00f3n \u00e9tico-pol\u00edtica del cambio clim\u00e1tico y c\u00f3mo las desigualdades sociales y econ\u00f3micas se encuentran en el coraz\u00f3n del problema.<\/p>\n","protected":false},"author":354,"featured_media":17468,"comment_status":"closed","ping_status":"closed","sticky":false,"template":"","format":"standard","meta":{"_acf_changed":false,"episode_type":"","audio_file":"","cover_image":"","cover_image_id":"","duration":"","filesize":"","filesize_raw":"","date_recorded":"","explicit":"","block":"","itunes_episode_number":"","itunes_title":"","itunes_season_number":"","itunes_episode_type":"","footnotes":""},"categories":[16627,16627,16580,16580,16613,16613],"tags":[14126],"gps":[],"class_list":{"0":"post-17467","1":"post","2":"type-post","3":"status-publish","4":"format-standard","5":"has-post-thumbnail","7":"category-sostenibilidad","9":"category-cambio-climatico","11":"category-crisis-climatica","13":"tag-debates-br-es"},"acf":[],"_links":{"self":[{"href":"https:\/\/latinoamerica21.com\/es\/wp-json\/wp\/v2\/posts\/17467","targetHints":{"allow":["GET"]}}],"collection":[{"href":"https:\/\/latinoamerica21.com\/es\/wp-json\/wp\/v2\/posts"}],"about":[{"href":"https:\/\/latinoamerica21.com\/es\/wp-json\/wp\/v2\/types\/post"}],"author":[{"embeddable":true,"href":"https:\/\/latinoamerica21.com\/es\/wp-json\/wp\/v2\/users\/354"}],"replies":[{"embeddable":true,"href":"https:\/\/latinoamerica21.com\/es\/wp-json\/wp\/v2\/comments?post=17467"}],"version-history":[{"count":0,"href":"https:\/\/latinoamerica21.com\/es\/wp-json\/wp\/v2\/posts\/17467\/revisions"}],"wp:featuredmedia":[{"embeddable":true,"href":"https:\/\/latinoamerica21.com\/es\/wp-json\/wp\/v2\/media\/17468"}],"wp:attachment":[{"href":"https:\/\/latinoamerica21.com\/es\/wp-json\/wp\/v2\/media?parent=17467"}],"wp:term":[{"taxonomy":"category","embeddable":true,"href":"https:\/\/latinoamerica21.com\/es\/wp-json\/wp\/v2\/categories?post=17467"},{"taxonomy":"post_tag","embeddable":true,"href":"https:\/\/latinoamerica21.com\/es\/wp-json\/wp\/v2\/tags?post=17467"},{"taxonomy":"gps","embeddable":true,"href":"https:\/\/latinoamerica21.com\/es\/wp-json\/wp\/v2\/gps?post=17467"}],"curies":[{"name":"wp","href":"https:\/\/api.w.org\/{rel}","templated":true}]}}