{"id":17547,"date":"2023-06-03T08:00:00","date_gmt":"2023-06-03T11:00:00","guid":{"rendered":"https:\/\/latinoamerica21.com\/?p=17547"},"modified":"2024-05-10T04:19:05","modified_gmt":"2024-05-10T07:19:05","slug":"el-fin-de-la-emergencia-sanitaria-tensa-la-frontera-sur-estadounidense","status":"publish","type":"post","link":"https:\/\/latinoamerica21.com\/es\/el-fin-de-la-emergencia-sanitaria-tensa-la-frontera-sur-estadounidense\/","title":{"rendered":"El fin de la emergencia sanitaria tensa la frontera sur estadounidense"},"content":{"rendered":"\n<p>En las \u00faltimas semanas, el presidente de Estados Unidos, Joe Biden, ha anunciado <a href=\"https:\/\/elpais.com\/internacional\/2023-05-13\/expiro-el-titulo-42-en-la-frontera-mexico-estados-unidos-ahora-que.html\" target=\"_blank\" rel=\"noreferrer noopener\">la suspensi\u00f3n del T\u00edtulo 42<\/a>, que garantiza (al servicio de fronteras estadounidense) la posibilidad de impedir la entrada de inmigrantes en el pa\u00eds. Con la justificaci\u00f3n de proteger a la poblaci\u00f3n de los riesgos de la pandemia de la COVID-19, los Centros de Control y Prevenci\u00f3n de Enfermedades (CDC, por sus siglas en ingl\u00e9s) han impedido la entrada al pa\u00eds de millones de latinoamericanos en los \u00faltimos dos a\u00f1os por la frontera sur. La suspensi\u00f3n de la medida est\u00e1 siendo vista como un factor potencial para una crisis migratoria.<\/p>\n\n\n\n<p>Los grandes flujos de migrantes latinoamericanos hacia Estados Unidos en busca de nuevas oportunidades de vida no son recientes. A lo largo de los a\u00f1os, miles de personas han abandonado M\u00e9xico, Cuba, Nicaragua y Venezuela, as\u00ed como otros pa\u00edses de la regi\u00f3n, debido a dificultades econ\u00f3micas, falta de oportunidades e incluso porque huyen de la persecuci\u00f3n pol\u00edtica.<\/p>\n\n\n\n<p>El expresidente Donald Trump, que gobern\u00f3 Estados Unidos durante cuatro a\u00f1os, ascendi\u00f3 a la jefatura del pa\u00eds con una propuesta bastante pol\u00e9mica. Su gobierno planeaba construir un muro en la frontera con M\u00e9xico para evitar la migraci\u00f3n ilegal. El presidente republicano tambi\u00e9n anunci\u00f3 que aumentar\u00eda la burocracia para los latinoamericanos que solicitaran la ciudadan\u00eda estadounidense, lo que fue apoyado por varios grupos pol\u00edticos nacionalistas.<\/p>\n\n\n\n<p>Aunque no se construy\u00f3 el muro, s\u00ed se emprendi\u00f3 un cambio importante en la pol\u00edtica migratoria con respecto a Estados Unidos. En marzo de 2020, el presidente Trump estableci\u00f3 el llamado T\u00edtulo 42 que autorizaba la deportaci\u00f3n inmediata de cualquier persona que intentara ingresar ilegalmente a suelo estadounidense. Dicha medida se justificaba por el contexto pand\u00e9mico que se viv\u00eda en ese momento. Seg\u00fan el Gobierno, ser\u00eda necesario extender las barreras fitosanitarias al pa\u00eds, a fin de evitar la propagaci\u00f3n del virus COVID-19, que ya se encontraba en un grado muy fuerte.<\/p>\n\n\n\n<p>El mismo a\u00f1o en que se promulg\u00f3 el T\u00edtulo 42, el presidente Biden gan\u00f3 las elecciones, para lo que se bas\u00f3 en un discurso de atenci\u00f3n a los inmigrantes latinos. El intento de convergencia entre la Casa Blanca y una pol\u00edtica migratoria m\u00e1s suave se vio representado incluso en la composici\u00f3n de la lista presidencial. Biden mantuvo a su lado en la disputa electoral a Kamala Harris, exsenadora por California e hija de inmigrantes.<\/p>\n\n\n\n<p>Pero en la pr\u00e1ctica, el presidente dem\u00f3crata se ha mantenido muy estricto en relaci\u00f3n con la entrada de inmigrantes latinos en su pa\u00eds. De acuerdo con las autoridades migratorias, alrededor de 2,8 millones de personas han sido deportadas de Estados Unidos sin posibilidad de solicitar asilo, una de las disposiciones contenidas en el T\u00edtulo 42.<\/p>\n\n\n\n<p>Esta medida migratoria, de tipo restrictivo, sin embargo, expir\u00f3 <a href=\"https:\/\/latinoamerica21.com\/podcast\/ep17-se-estrena-la-muerte-cruzada-en-ecuador-finaliza-el-titulo-42-en-los-eeuu-y-cierre-de-el-periodico-en-guatemala-mirada-semanal\/\">el 12 de mayo de 2023<\/a>, luego de que la Organizaci\u00f3n Mundial de la Salud (OMS) anunciara que se hab\u00eda superado la peor fase de la pandemia.<\/p>\n\n\n\n<p>Estados Unidos y los pa\u00edses latinoamericanos tienen una preocupaci\u00f3n justificada por el retraso de tres a\u00f1os para los que solicitan entrar en el pa\u00eds. Para evitar incidentes, el presidente Biden ha desplazado a la frontera mexicana a m\u00e1s de 24.000 agentes de inmigraci\u00f3n, incluyendo a polic\u00edas federales y a militares, que, seg\u00fan el Pent\u00e1gono, solo ayudan a mantener el orden en las zonas con aglomeraciones de gente.<\/p>\n\n\n\n<p>El presidente de M\u00e9xico, Andr\u00e9s Manuel L\u00f3pez Obrador, se ha ofrecido a ayudar a acercar a los pa\u00edses latinoamericanos y a Estados Unidos para evitar una situaci\u00f3n ca\u00f3tica. En los estados del norte de M\u00e9xico, en particular, se est\u00e1n congregando miles de personas, esperando el momento adecuado para cruzar a Estados Unidos. Tambi\u00e9n hay <a href=\"https:\/\/latinoamerica21.com\/es\/el-verdadero-objetivo-del-acuerdo-sobre-la-migracion-a-traves-del-darien\/\" target=\"_blank\" rel=\"noreferrer noopener\">una acumulaci\u00f3n de poblaci\u00f3n en el estrecho de Dari\u00e9n<\/a>, que une a Colombia y a Panam\u00e1, un denso espacio selv\u00e1tico que cruzan los migrantes que viajan desde Suram\u00e9rica hasta Centroam\u00e9rica.<\/p>\n\n\n\n<p>El procedimiento para la legalizaci\u00f3n de latinos en Estados Unidos sigue siendo riguroso y se aplican sanciones a quienes permanecen ilegalmente en el pa\u00eds.<\/p>\n\n\n\n<p>Organizaciones internacionales especializadas en derechos humanos han presentado informes que se\u00f1alan una serie de violaciones de los principios internacionales y han denunciado violencia, asesinatos, violaciones y otros cr\u00edmenes cometidos contra inmigrantes que se encuentran en el proceso de la b\u00fasqueda de asilo en Estados Unidos.<\/p>\n\n\n\n<p>Las pr\u00f3ximas semanas ser\u00e1n muy delicadas ante un posible caos migratorio de personas procedentes de diferentes pa\u00edses de Am\u00e9rica Latina y el Caribe en busca de una nueva vida en suelo americano.<\/p>\n\n\n\n<figure class=\"wp-block-embed is-type-rich is-provider-spotify wp-block-embed-spotify wp-embed-aspect-21-9 wp-has-aspect-ratio\"><div class=\"wp-block-embed__wrapper\">\n<iframe title=\"Spotify Embed: Pol\u00edtica y migraci\u00f3n hispanoamericana en los EE.UU.\" style=\"border-radius: 12px\" width=\"100%\" height=\"152\" frameborder=\"0\" allowfullscreen allow=\"autoplay; clipboard-write; encrypted-media; fullscreen; picture-in-picture\" loading=\"lazy\" src=\"https:\/\/open.spotify.com\/embed\/episode\/3pYoWrDIAro2Chcln78oIq?si=1ba22b4678cd4600&#038;utm_source=oembed\"><\/iframe>\n<\/div><\/figure>\n","protected":false},"excerpt":{"rendered":"<p>La suspensi\u00f3n del T\u00edtulo 42, que garantiza la posibilidad de impedir la entrada de inmigrantes a Estados Unidos, podr\u00eda desatar una crisis migratoria.<\/p>\n","protected":false},"author":428,"featured_media":17550,"comment_status":"closed","ping_status":"closed","sticky":false,"template":"","format":"standard","meta":{"_acf_changed":false,"episode_type":"","audio_file":"","cover_image":"","cover_image_id":"","duration":"","filesize":"","filesize_raw":"","date_recorded":"","explicit":"","block":"","itunes_episode_number":"","itunes_title":"","itunes_season_number":"","itunes_episode_type":"","footnotes":""},"categories":[16547,16513,16513,16520,16520],"tags":[14126],"gps":[],"class_list":{"0":"post-17547","1":"post","2":"type-post","3":"status-publish","4":"format-standard","5":"has-post-thumbnail","7":"category-salud","8":"category-eeuu","10":"category-migracion","12":"tag-debates-br-es"},"acf":[],"_links":{"self":[{"href":"https:\/\/latinoamerica21.com\/es\/wp-json\/wp\/v2\/posts\/17547","targetHints":{"allow":["GET"]}}],"collection":[{"href":"https:\/\/latinoamerica21.com\/es\/wp-json\/wp\/v2\/posts"}],"about":[{"href":"https:\/\/latinoamerica21.com\/es\/wp-json\/wp\/v2\/types\/post"}],"author":[{"embeddable":true,"href":"https:\/\/latinoamerica21.com\/es\/wp-json\/wp\/v2\/users\/428"}],"replies":[{"embeddable":true,"href":"https:\/\/latinoamerica21.com\/es\/wp-json\/wp\/v2\/comments?post=17547"}],"version-history":[{"count":0,"href":"https:\/\/latinoamerica21.com\/es\/wp-json\/wp\/v2\/posts\/17547\/revisions"}],"wp:featuredmedia":[{"embeddable":true,"href":"https:\/\/latinoamerica21.com\/es\/wp-json\/wp\/v2\/media\/17550"}],"wp:attachment":[{"href":"https:\/\/latinoamerica21.com\/es\/wp-json\/wp\/v2\/media?parent=17547"}],"wp:term":[{"taxonomy":"category","embeddable":true,"href":"https:\/\/latinoamerica21.com\/es\/wp-json\/wp\/v2\/categories?post=17547"},{"taxonomy":"post_tag","embeddable":true,"href":"https:\/\/latinoamerica21.com\/es\/wp-json\/wp\/v2\/tags?post=17547"},{"taxonomy":"gps","embeddable":true,"href":"https:\/\/latinoamerica21.com\/es\/wp-json\/wp\/v2\/gps?post=17547"}],"curies":[{"name":"wp","href":"https:\/\/api.w.org\/{rel}","templated":true}]}}