{"id":17553,"date":"2023-06-04T05:00:00","date_gmt":"2023-06-04T08:00:00","guid":{"rendered":"https:\/\/latinoamerica21.com\/?p=17553"},"modified":"2023-12-20T05:34:59","modified_gmt":"2023-12-20T08:34:59","slug":"el-papel-de-la-juventud-iniigena-en-la-conservacion-de-la-biodiversidad","status":"publish","type":"post","link":"https:\/\/latinoamerica21.com\/es\/el-papel-de-la-juventud-iniigena-en-la-conservacion-de-la-biodiversidad\/","title":{"rendered":"El papel de la juventud ind\u00edgena en la conservaci\u00f3n de la biodiversidad"},"content":{"rendered":"\n<p>En las comunidades que habitan el Abya Yala se viene gestando, desde hace d\u00e9cadas, la reconstituci\u00f3n de los territorios de los pueblos ind\u00edgenas y los procesos de reconocimiento de los modelos de vida ancestrales.&nbsp;Desde la declaraci\u00f3n de tierras comunitarias de origen (TCO) (tierras de propiedad comunitaria) y la titulaci\u00f3n colectiva de tierras con la que pasaron a denominarse territorios ind\u00edgenas originarios campesinos (TIOC), hasta el reconocimiento constitucional de las autonom\u00edas ind\u00edgenas, estos procesos se han ido haciendo en los diferentes pa\u00edses partiendo de la experiencia de los l\u00edderes ind\u00edgenas, sobre todo los mayores de 35 a\u00f1os. Por ello, en la actualidad se viene cuestionando el papel (o la falta del papel) de la juventud ind\u00edgena en los procesos de reconstituci\u00f3n y en los espacios de di\u00e1logo y debate.<\/p>\n\n\n\n<p><strong>El cambio clim\u00e1tico y la conservaci\u00f3n de la biodiversidad<\/strong><\/p>\n\n\n\n<p>Como parte de las COP y otros espacios de investigaci\u00f3n, negociaci\u00f3n y decisi\u00f3n se viene evidenciando el factor clave que tiene el involucramiento de los pueblos ind\u00edgenas en la conservaci\u00f3n de la biodiversidad y las acciones ante la crisis clim\u00e1tica. Esto, debido a que su modelo de vida tiene como esencia el interrelacionamiento respetuoso con su entorno.<\/p>\n\n\n\n<p>De hecho, los principales protagonistas de la lucha por la conservaci\u00f3n, preservaci\u00f3n y defensa del medioambiente son los pueblos ind\u00edgenas que, en muchos casos, son perseguidos y asesinados.<\/p>\n\n\n\n<p>Sin embargo, en un contexto latinoamericano, atravesado por el colonialismo, el racismo y la discriminaci\u00f3n e inferiorizacion de lo nativo y ancestral, el que las juventudes ind\u00edgenas encarnen un papel activo para incidir en la reconstituci\u00f3n de los pueblos ind\u00edgenas y su protagonismo en el respeto y la defensa del medio ambiente es todo un reto. De hecho, el rol de este sector de las comunidades en la reconexi\u00f3n con el conocimiento comunitario local y la revalorizaci\u00f3n de los saberes ancestrales es un asunto que est\u00e1 en debate.<\/p>\n\n\n\n<p>Y es que el autorreconocimiento es un paso inicial para la juventud ind\u00edgena. Tanto desde la individualidad hasta desde lo familiar, comunitario y colectivo, es necesario que los j\u00f3venes puedan superar los prejuicios y revaloricen y sientan orgullo de su pueblo, sus valores, creencias y cultura. La concertaci\u00f3n, partiendo de lo colectivo, es esencial para la construcci\u00f3n de una sociedad comunitaria que reproduzca e interrelacione las pr\u00e1cticas y conocimientos como parte del modelo de vida.<\/p>\n\n\n\n<figure class=\"wp-block-image size-large\"><a href=\"https:\/\/latinoamerica21.com\/wp-content\/uploads\/2022\/11\/ESP_Impactos-del-cambio-climatico-en-America-Latina-y-el-Caribe.pdf\"><img loading=\"lazy\" decoding=\"async\" width=\"1024\" height=\"331\" src=\"http:\/\/latinoamerica21.com\/wp-content\/uploads\/2023\/05\/ESCUCHALO-AQUI-2-1024x331.jpg\" alt=\"\" class=\"wp-image-17351\" srcset=\"https:\/\/latinoamerica21.com\/wp-content\/uploads\/2023\/05\/ESCUCHALO-AQUI-2-1024x331.jpg 1024w, https:\/\/latinoamerica21.com\/wp-content\/uploads\/2023\/05\/ESCUCHALO-AQUI-2-300x97.jpg 300w, https:\/\/latinoamerica21.com\/wp-content\/uploads\/2023\/05\/ESCUCHALO-AQUI-2-768x248.jpg 768w, https:\/\/latinoamerica21.com\/wp-content\/uploads\/2023\/05\/ESCUCHALO-AQUI-2-1536x497.jpg 1536w, https:\/\/latinoamerica21.com\/wp-content\/uploads\/2023\/05\/ESCUCHALO-AQUI-2.jpg 2000w\" sizes=\"auto, (max-width: 1024px) 100vw, 1024px\" \/><\/a><\/figure>\n\n\n\n<p><strong>Di\u00e1logos intercient\u00edficos<\/strong><\/p>\n\n\n\n<p>En este contexto, la interculturalidad o la b\u00fasqueda de la concertaci\u00f3n y el relacionamiento respetuoso tiene como objetivo la transformaci\u00f3n constructiva del conflicto (entendido como la expresi\u00f3n de las necesidades y la oportunidad de cambio), teniendo como herramientas la gesti\u00f3n de emociones, supuestos y poder. As\u00ed, la interculturalidad se convierte en una de las herramientas fundamentales para el entendimiento de la diversidad y la construcci\u00f3n de sociedades m\u00e1s justas.<\/p>\n\n\n\n<p>En este marco, la b\u00fasqueda de soluciones a las diferentes crisis que aquejan a nuestras realidades pone sobre la mesa la necesidad de un enfoque transdisciplinario, donde las disciplinas cient\u00edficas (o ramas de la ciencia occidental-c\u00e9ntrica) puedan dialogar y concertar mediante un conocimiento m\u00e1s general.<\/p>\n\n\n\n<p>El conocimiento validado por la Academia tiende a ser privilegiado y elitista, y a discriminar a los dem\u00e1s conocimientos que no cumplen estrictamente con los par\u00e1metros de la Academia y son considerados inferiores o err\u00f3neos. Sin embargo, la experiencia de algunos acad\u00e9micos o pueblos ind\u00edgenas da pie a la b\u00fasqueda de la validaci\u00f3n de los conocimientos locales. De hecho, algunas experiencias aisladas han demostrado la riqueza del interrelacionamiento del conocimiento local y la ciencia occidental.<\/p>\n\n\n\n<p><strong>Espacios de di\u00e1logo<\/strong><\/p>\n\n\n\n<p>El <a href=\"https:\/\/sricongress.org\/\" target=\"_blank\" rel=\"noreferrer noopener\">Congreso de Investigaci\u00f3n e Innovaci\u00f3n en Sostenibilidad (SRI)<\/a>, la reuni\u00f3n transdisciplinaria m\u00e1s grande del mundo para la comunidad global de sostenibilidad, ser\u00e1 un espacio de di\u00e1logo entre los conocimientos locales y la ciencia acad\u00e9mica con un enfoque transdisciplinario.<\/p>\n\n\n\n<p>Este es un espacio, por lo tanto, para el debate sobre el papel de la juventud ind\u00edgena en los procesos de reconstituci\u00f3n de los territorios ind\u00edgenas originarios y su relacionamiento con otras cosmovisiones para poder afrontar las diferentes crisis que se viven, con m\u00e1s intensidad, en sus territorios. Los conocimientos, que permitan encaminar sus acciones, son claves, por lo que es fundamental fomentar la complementariedad intercultural. En conclusi\u00f3n, uno de los retos m\u00e1s grandes para la conservaci\u00f3n de la biodiversidad es que la juventud ind\u00edgena tenga la disposici\u00f3n a escuchar, partiendo de la sabidur\u00eda ancestral de los pueblos del Abya Yala, para desarrollar una diplomacia intercient\u00edfica que les permita alcanzar los tres saberes (saber, saber ser y saber hacer) para el encuentro con el Vivir Bien (<em>sumaj kausay<\/em>&#8211;<em>sumaj kama\u00f1a<\/em>), Vivir Sabroso y Vivir Bonito (<em>k\u00b4acha kausakunapaq<\/em>).<\/p>\n","protected":false},"excerpt":{"rendered":"<p>Los principales protagonistas de la lucha por la conservaci\u00f3n, preservaci\u00f3n y defensa del medioambiente son los pueblos ind\u00edgenas.<\/p>\n","protected":false},"author":445,"featured_media":17554,"comment_status":"closed","ping_status":"closed","sticky":false,"template":"","format":"standard","meta":{"_acf_changed":false,"episode_type":"","audio_file":"","cover_image":"","cover_image_id":"","duration":"","filesize":"","filesize_raw":"","date_recorded":"","explicit":"","block":"","itunes_episode_number":"","itunes_title":"","itunes_season_number":"","itunes_episode_type":"","footnotes":""},"categories":[16507,16507,16669,16669,16671,16671],"tags":[14128],"gps":[],"class_list":{"0":"post-17553","1":"post","2":"type-post","3":"status-publish","4":"format-standard","5":"has-post-thumbnail","7":"category-medioambiente","9":"category-jovenes","11":"category-biodiversidad","13":"tag-ideas-en-es"},"acf":[],"_links":{"self":[{"href":"https:\/\/latinoamerica21.com\/es\/wp-json\/wp\/v2\/posts\/17553","targetHints":{"allow":["GET"]}}],"collection":[{"href":"https:\/\/latinoamerica21.com\/es\/wp-json\/wp\/v2\/posts"}],"about":[{"href":"https:\/\/latinoamerica21.com\/es\/wp-json\/wp\/v2\/types\/post"}],"author":[{"embeddable":true,"href":"https:\/\/latinoamerica21.com\/es\/wp-json\/wp\/v2\/users\/445"}],"replies":[{"embeddable":true,"href":"https:\/\/latinoamerica21.com\/es\/wp-json\/wp\/v2\/comments?post=17553"}],"version-history":[{"count":0,"href":"https:\/\/latinoamerica21.com\/es\/wp-json\/wp\/v2\/posts\/17553\/revisions"}],"wp:featuredmedia":[{"embeddable":true,"href":"https:\/\/latinoamerica21.com\/es\/wp-json\/wp\/v2\/media\/17554"}],"wp:attachment":[{"href":"https:\/\/latinoamerica21.com\/es\/wp-json\/wp\/v2\/media?parent=17553"}],"wp:term":[{"taxonomy":"category","embeddable":true,"href":"https:\/\/latinoamerica21.com\/es\/wp-json\/wp\/v2\/categories?post=17553"},{"taxonomy":"post_tag","embeddable":true,"href":"https:\/\/latinoamerica21.com\/es\/wp-json\/wp\/v2\/tags?post=17553"},{"taxonomy":"gps","embeddable":true,"href":"https:\/\/latinoamerica21.com\/es\/wp-json\/wp\/v2\/gps?post=17553"}],"curies":[{"name":"wp","href":"https:\/\/api.w.org\/{rel}","templated":true}]}}