{"id":17640,"date":"2023-06-08T08:00:00","date_gmt":"2023-06-08T11:00:00","guid":{"rendered":"https:\/\/latinoamerica21.com\/?p=17640"},"modified":"2023-12-28T04:16:01","modified_gmt":"2023-12-28T07:16:01","slug":"desconfianza-y-polarizacion-en-america-latina","status":"publish","type":"post","link":"https:\/\/latinoamerica21.com\/es\/desconfianza-y-polarizacion-en-america-latina\/","title":{"rendered":"Desconfianza y polarizaci\u00f3n en Am\u00e9rica Latina"},"content":{"rendered":"\n<p>\u00bfQu\u00e9 distingue a <a href=\"https:\/\/latinoamerica21.com\/es\/futbol-y-politica-entresijos-de-la-polarizacion\/\" target=\"_blank\" rel=\"noreferrer noopener\">la polarizaci\u00f3n actual<\/a>? \u00bfPor qu\u00e9 es el t\u00e9rmino de moda para describir la coyuntura pol\u00edtica latinoamericana y global? \u00bfEs estructural o pasajera? Pero, sobre todo, \u00bfqu\u00e9 efectos tiene en la vida cotidiana de las personas?<\/p>\n\n\n\n<p>No es un secreto que las \u201cinstituciones de la democracia representativa\u201d est\u00e1n en crisis. Son muchos los que han analizado sus causas y propuesto explicaciones al porqu\u00e9 presidentes, Congresos, polic\u00edas, cortes de justicia y partidos pol\u00edticos est\u00e1n en los \u00faltimos lugares de confianza entre la ciudadan\u00eda.<\/p>\n\n\n\n<p>La agencia mundial de comunicaci\u00f3n <a href=\"https:\/\/www.edelman.com.es\/2023-edelman-trust-barometer\" target=\"_blank\" rel=\"noreferrer noopener\">Edelman Trust Barometer 2023 distingue cuatro tendencias que conducen a la polarizaci\u00f3n<\/a>: preocupaciones econ\u00f3micas, desequilibrio institucional, divisi\u00f3n de clases y lucha por la verdad.<\/p>\n\n\n\n<p>En cuanto a lo econ\u00f3mico, el estudio indic\u00f3 que el 93% de los encuestados considera que la principal preocupaci\u00f3n es perder el empleo. Aunque su estudio se enfoc\u00f3 en Argentina, Brasil, Colombia y M\u00e9xico, el resultado se puede extrapolar al resto de la regi\u00f3n. Mientras tanto, el informe de la Comisi\u00f3n Econ\u00f3mica para Am\u00e9rica Latina y el Caribe (Cepal), <em>Panorama laboral 2022<\/em>, se\u00f1al\u00f3 que actualmente uno de cada dos trabajadores de la regi\u00f3n es informal.<\/p>\n\n\n\n<figure class=\"wp-block-image size-large\"><a href=\"https:\/\/latinoamerica21.com\/podcast\/ep19-elecciones-municipales-en-espana-balance-de-la-cumbre-sudamericana-y-protestas-indigenas-en-brasil-04-06-2023\/\"><img loading=\"lazy\" decoding=\"async\" width=\"1024\" height=\"331\" src=\"https:\/\/latinoamerica21.com\/wp-content\/uploads\/2023\/06\/MIRADA-SEMANAL-1024x331.jpg\" alt=\"\" class=\"wp-image-17642\" srcset=\"https:\/\/latinoamerica21.com\/wp-content\/uploads\/2023\/06\/MIRADA-SEMANAL-1024x331.jpg 1024w, https:\/\/latinoamerica21.com\/wp-content\/uploads\/2023\/06\/MIRADA-SEMANAL-300x97.jpg 300w, https:\/\/latinoamerica21.com\/wp-content\/uploads\/2023\/06\/MIRADA-SEMANAL-768x248.jpg 768w, https:\/\/latinoamerica21.com\/wp-content\/uploads\/2023\/06\/MIRADA-SEMANAL-1536x497.jpg 1536w, https:\/\/latinoamerica21.com\/wp-content\/uploads\/2023\/06\/MIRADA-SEMANAL.jpg 2000w\" sizes=\"auto, (max-width: 1024px) 100vw, 1024px\" \/><\/a><\/figure>\n\n\n\n<p>En cuanto al desequilibrio institucional, m\u00e1s de la mitad de los encuestados considera que las instituciones gubernamentales son una fuente de informaci\u00f3n falsa y enga\u00f1osa. A reserva de profundizar en el significado de \u201cdesconfianza\u201d, este dato nos revela que, m\u00e1s que una crisis de representaci\u00f3n, la democracia vive una crisis de legitimidad. La diferencia no es balad\u00ed: la primera se resolver\u00eda, entre otros aspectos, con una reforma a las modalidades de participaci\u00f3n, pero la segunda implica un deterioro del sistema.<\/p>\n\n\n\n<p>En democracia, confiamos (a trav\u00e9s del voto) a otros la labor de representar, defender y fomentar nuestros intereses y necesidades. Una crisis de legitimidad implica preguntarnos: si perdemos la confianza en aquellos representantes, \u00bfsigue siendo necesario el voto para elegirlos?<\/p>\n\n\n\n<p>Evidentemente el voto sigue siendo necesario, pero si la crisis de la democracia representativa es s\u00edntoma de una enfermedad m\u00e1s profunda, no es casual que, como lo han mostrado otras mediciones, los latinoamericanos cada vez estemos m\u00e1s dispuestos a renunciar al voto a cambio de bienestar material y seguridad personal.<\/p>\n\n\n\n<p>As\u00ed, llama la atenci\u00f3n que los medios de comunicaci\u00f3n ocupen el segundo lugar de desconfianza entre los encuestados y que los periodistas se sit\u00faen en el pen\u00faltimo lugar. A luz de estos resultados, debemos preguntarnos por qu\u00e9 las personas no se sienten identificadas o proclives a confiar en ellos. \u00bfSer\u00e1 que, a pesar de la proliferaci\u00f3n de noticias falsas en redes sociales, estas reflejan emociones ausentes en aquellos medios?<\/p>\n\n\n\n<p>Para restaurar la confianza en la conservaci\u00f3n del empleo, los Gobiernos y los medios de comunicaci\u00f3n, hay mucho por hacer. Es fundamental entender el impacto de la desconfianza en el d\u00eda a d\u00eda de los latinoamericanos.<\/p>\n\n\n\n<p>Seg\u00fan el Edelman Trust Barometer 2023, casi la mitad de los encuestados desconf\u00eda de los ciudadanos de su pa\u00eds y de la gente de su comunidad. Para el 65% de los encuestados, el efecto m\u00e1s grave de la desconfianza es la violencia en las calles. La educaci\u00f3n, por su parte, no parece ser la soluci\u00f3n, ya que casi tres de cada cuatro piensan que la falta de civismo y de respeto mutuo es el problema m\u00e1s grave.<\/p>\n\n\n\n<p>Con relaci\u00f3n a la convivencia entre personas con ideas opuestas, la encuesta muestra que apenas tres de cada diez ayudar\u00edan a otra con la que no estuvieran de acuerdo y solo dos de cada diez estar\u00edan dispuestas a vivir en el mismo vecindario. Pero quiz\u00e1 el dato m\u00e1s preocupante es que el 60% de los sondeados est\u00e1 de acuerdo con la siguiente afirmaci\u00f3n: \u201cNuestro pa\u00eds est\u00e1 m\u00e1s dividido hoy que antes\u201d.<\/p>\n\n\n\n<p>Al analizar el fen\u00f3meno de la polarizaci\u00f3n, solemos hacerlo partiendo de las palabras y las acciones de quienes gobiernan y la forma en que estas dividen a los ciudadanos, un fen\u00f3meno que llamar\u00eda <em>polarizaci\u00f3n vertical<\/em>. Sin embargo, no debemos olvidarnos de su otra cara: la <em>polarizaci\u00f3n horizontal<\/em>. Esta tiene a la desconfianza como su base emocional y a trav\u00e9s de ella miramos al otro. No obstante, ese otro no es el extranjero, el ej\u00e9rcito enemigo o el ofensor de la patria: el otro es nuestro vecino, nuestro compa\u00f1ero de trabajo, la persona que viaja a nuestro lado en el transporte p\u00fablico.<\/p>\n\n\n\n<p>Si la tendencia se sigue acentuando, la democracia terminar\u00e1 por derrumbarse y no lo har\u00e1 por una fuerza externa, sino por la desconfianza hacia nosotros mismos como sociedad.<\/p>\n\n\n\n<figure class=\"wp-block-embed is-type-rich is-provider-spotify wp-block-embed-spotify wp-embed-aspect-21-9 wp-has-aspect-ratio\"><div class=\"wp-block-embed__wrapper\">\n<iframe title=\"Spotify Embed: Crisis de la democracia en Latinoam\u00e9rica\" style=\"border-radius: 12px\" width=\"100%\" height=\"152\" frameborder=\"0\" allowfullscreen allow=\"autoplay; clipboard-write; encrypted-media; fullscreen; picture-in-picture\" loading=\"lazy\" src=\"https:\/\/open.spotify.com\/embed\/episode\/3XBfbiL2vbQuBv8hsX3iGD?si=f717fd0ea06d4fb1&#038;utm_source=oembed\"><\/iframe>\n<\/div><\/figure>\n","protected":false},"excerpt":{"rendered":"<p>Presidentes, Congresos, polic\u00edas, cortes de justicia y partidos pol\u00edticos est\u00e1n en los \u00faltimos lugares de confianza entre la ciudadan\u00eda.<\/p>\n","protected":false},"author":535,"featured_media":17641,"comment_status":"closed","ping_status":"closed","sticky":false,"template":"","format":"standard","meta":{"_acf_changed":false,"episode_type":"","audio_file":"","cover_image":"","cover_image_id":"","duration":"","filesize":"","filesize_raw":"","date_recorded":"","explicit":"","block":"","itunes_episode_number":"","itunes_title":"","itunes_season_number":"","itunes_episode_type":"","footnotes":""},"categories":[16497,16497,16530,16530,16555,16555],"tags":[14128],"gps":[],"class_list":{"0":"post-17640","1":"post","2":"type-post","3":"status-publish","4":"format-standard","5":"has-post-thumbnail","7":"category-democracia","9":"category-polarizacion","11":"category-extremismo","13":"tag-ideas-en-es"},"acf":[],"_links":{"self":[{"href":"https:\/\/latinoamerica21.com\/es\/wp-json\/wp\/v2\/posts\/17640","targetHints":{"allow":["GET"]}}],"collection":[{"href":"https:\/\/latinoamerica21.com\/es\/wp-json\/wp\/v2\/posts"}],"about":[{"href":"https:\/\/latinoamerica21.com\/es\/wp-json\/wp\/v2\/types\/post"}],"author":[{"embeddable":true,"href":"https:\/\/latinoamerica21.com\/es\/wp-json\/wp\/v2\/users\/535"}],"replies":[{"embeddable":true,"href":"https:\/\/latinoamerica21.com\/es\/wp-json\/wp\/v2\/comments?post=17640"}],"version-history":[{"count":0,"href":"https:\/\/latinoamerica21.com\/es\/wp-json\/wp\/v2\/posts\/17640\/revisions"}],"wp:featuredmedia":[{"embeddable":true,"href":"https:\/\/latinoamerica21.com\/es\/wp-json\/wp\/v2\/media\/17641"}],"wp:attachment":[{"href":"https:\/\/latinoamerica21.com\/es\/wp-json\/wp\/v2\/media?parent=17640"}],"wp:term":[{"taxonomy":"category","embeddable":true,"href":"https:\/\/latinoamerica21.com\/es\/wp-json\/wp\/v2\/categories?post=17640"},{"taxonomy":"post_tag","embeddable":true,"href":"https:\/\/latinoamerica21.com\/es\/wp-json\/wp\/v2\/tags?post=17640"},{"taxonomy":"gps","embeddable":true,"href":"https:\/\/latinoamerica21.com\/es\/wp-json\/wp\/v2\/gps?post=17640"}],"curies":[{"name":"wp","href":"https:\/\/api.w.org\/{rel}","templated":true}]}}