{"id":17890,"date":"2023-06-21T08:00:00","date_gmt":"2023-06-21T11:00:00","guid":{"rendered":"https:\/\/latinoamerica21.com\/?p=17890"},"modified":"2023-12-20T05:34:44","modified_gmt":"2023-12-20T08:34:44","slug":"amlo-camufla-la-eleccion-interna-oficialista","status":"publish","type":"post","link":"https:\/\/latinoamerica21.com\/es\/amlo-camufla-la-eleccion-interna-oficialista\/","title":{"rendered":"AMLO camufla la elecci\u00f3n interna oficialista"},"content":{"rendered":"\n<p>El pasado 11 de junio, el Consejo Nacional del Movimiento de Regeneraci\u00f3n Nacional, Morena, se reuni\u00f3 en la Ciudad de M\u00e9xico para legitimar el mecanismo mediante el cual se elegir\u00e1 al candidato a la Presidencia de la rep\u00fablica en las elecciones que se celebrar\u00e1n el 2 junio de 2024. El mecanismo aprobado es el de una encuesta nacional sobre la que no se ha dado informaci\u00f3n t\u00e9cnica (pregunta, muestra, estratos, medio). Eso s\u00ed, ya el oficialismo lo ha calificado de mecanismo \u201cdemocr\u00e1tico\u201d, aunque comprende singularidades que distan de serlo.<\/p>\n\n\n\n<p>La primera obligaci\u00f3n que tienen los aspirantes es separarse de sus cargos (incluyendo los de elecci\u00f3n popular) para que el 16 de junio se presenten ante las instancias partidarias y firmen los compromisos que tienen que ver con el ideario de lo que Andr\u00e9s Manuel L\u00f3pez Obrador (AMLO) ha ofrecido como Gobierno de \u201ccontinuidad con cambio\u201d.<\/p>\n\n\n\n<p>Entre el 16 de junio y el 27 de agosto los aspirantes deber\u00e1n recorrer el pa\u00eds para seguir d\u00e1ndose a conocer y promover el voto a su favor en la encuesta que la Comisi\u00f3n Nacional de Encuestas de Morena habr\u00e1 de hacer en septiembre. Esto, sin duda, es una campa\u00f1a anticipada, ya que la fecha establecida constitucionalmente para el inicio de las campa\u00f1as de las elecciones internas para todos los partidos es a finales de noviembre.<\/p>\n\n\n\n<p>A\u00fan m\u00e1s dudas generan el financiamiento de esta segunda fase de \u201cprecampa\u00f1a\u201d que parte en medio de <a href=\"https:\/\/www.debate.com.mx\/politica\/Morena-arranca-su-lucha-interna-para-suceder-a-AMLO-Aspirantes-recorreran-el-pais-20230619-0036.html\" target=\"_blank\" rel=\"noreferrer noopener\">eventos promocionales en todo el pa\u00eds<\/a>, pero sin que se haya aclarado la procedencia del dinero invertido ante la autoridad correspondiente, lo que significa t\u00e9cnicamente desventajas entre los aspirantes.<\/p>\n\n\n\n<p>En las resoluciones del Consejo Nacional de Morena se establecen unas reglas del juego que cada uno de los participantes deber\u00e1 asumir para llegar a buen puerto a finales de agosto. Al menos tres de estas son discutibles desde el punto de vista democr\u00e1tico, ya que se reduce a los aspirantes a simples propagandistas de la llamada cuarta transformaci\u00f3n.<\/p>\n\n\n\n<figure class=\"wp-block-image size-large\"><a href=\"https:\/\/latinoamerica21.com\/podcast\/gira-latinoamericana-de-ursula-von-der-leyen-inicia-la-carrera-presidencial-en-ecuador-y-segundo-juicio-contra-donald-trump-18-06-2023\/\"><img loading=\"lazy\" decoding=\"async\" width=\"1024\" height=\"331\" src=\"https:\/\/latinoamerica21.com\/wp-content\/uploads\/2023\/06\/MIRADA-SEMANAL-1-1-1024x331.jpg\" alt=\"\" class=\"wp-image-17892\" srcset=\"https:\/\/latinoamerica21.com\/wp-content\/uploads\/2023\/06\/MIRADA-SEMANAL-1-1-1024x331.jpg 1024w, https:\/\/latinoamerica21.com\/wp-content\/uploads\/2023\/06\/MIRADA-SEMANAL-1-1-300x97.jpg 300w, https:\/\/latinoamerica21.com\/wp-content\/uploads\/2023\/06\/MIRADA-SEMANAL-1-1-768x248.jpg 768w, https:\/\/latinoamerica21.com\/wp-content\/uploads\/2023\/06\/MIRADA-SEMANAL-1-1-1536x497.jpg 1536w, https:\/\/latinoamerica21.com\/wp-content\/uploads\/2023\/06\/MIRADA-SEMANAL-1-1.jpg 2000w\" sizes=\"auto, (max-width: 1024px) 100vw, 1024px\" \/><\/a><\/figure>\n\n\n\n<p>En primer lugar, se evitar\u00e1n los debates p\u00fablicos y pol\u00e9micas entre los aspirantes, cuando el debate es indispensable en todo ejercicio democr\u00e1tico. Otra de las reglas, quiz\u00e1s la m\u00e1s escandalosa, llama a evitar los \u201cmedios reaccionarios, conservadores, adversarios de la cuarta transformaci\u00f3n y partidarios del viejo r\u00e9gimen\u201d, es decir, los medios cr\u00edticos, lo que resulta inaudito en clave democr\u00e1tica, dado el derecho a saber de los ciudadanos.&nbsp;&nbsp;<\/p>\n\n\n\n<p>Y, finalmente, otra de las medidas establece que despu\u00e9s del 27 de agosto los candidatos deben suspender sus actividades y no pueden llevar a cabo acciones ni declaraciones relacionadas con el proceso. Es decir, los aspirantes a la candidatura no podr\u00e1n confrontar entre s\u00ed, con el objetivo de que no se pueda desafiar al alfil del presidente, Claudia Sheinbaum.<\/p>\n\n\n\n<p>A pesar de que se busca que la aspiraci\u00f3n a la nominaci\u00f3n presidencial no se traduzca en una lucha abierta, no est\u00e1n definidas las sanciones para quienes osen violar este proceso de promoci\u00f3n. Solo se menciona que quien as\u00ed lo hiciere, \u201cm\u00e1s all\u00e1 de beneficiar a los aspirantes, les har\u00e1 perder la confianza del pueblo\u201d.<\/p>\n\n\n\n<p>Durante el \u00faltimo tiempo, el presidente Andr\u00e9s Manuel L\u00f3pez Obrador se ha encargado de exponer p\u00fablicamente a los cuatro aspirantes y de demostrar su respaldo. Y es que el presidente ha cubierto pr\u00e1cticamente todo el espacio pol\u00edtico de su formaci\u00f3n, y los aspirantes han estado a su sombra, de manera que sus capacidades y su visi\u00f3n de pa\u00eds ha quedado obnubilada por su narrativa preelectoral.<\/p>\n\n\n\n<p>Dos de los candidatos ejercieron cargos electos que constitucionalmente son irrenunciables, como la jefa de Gobierno de la Ciudad de M\u00e9xico, Claudia Sheinbaum, considerada el alfil del presidente, y el excoordinador de la facci\u00f3n morenista en el Senado de la Rep\u00fablica, Ricardo Monreal. Los otros dos candidatos ejercen cargos delegados, como el exsecretario de Relaciones Exteriores, Marcelo Ebrard, y el secretario de Gobernaci\u00f3n, Ad\u00e1n Augusto L\u00f3pez Hern\u00e1ndez.<\/p>\n\n\n\n<p>Adem\u00e1s, a \u00faltimo momento se han sumado a la lista de aspirantes, y por el lado de los aliados electorales, el senador y peso pesado del partido Verde, Manuel Velasco Coello, y el pol\u00e9mico diputado del Partido del Trabajo, Gerardo Fern\u00e1ndez Noro\u00f1a, quienes, para sostenerse, deben ser propuestos por sus partidos.<\/p>\n\n\n\n<p>En definitiva, el mecanismo de consulta no se puede separar de lo que hasta ahora ha sido un proceso bajo control del presidente L\u00f3pez Obrador, quien act\u00faa como el \u201cgran elector\u201d de la interna morenista. Por ello, hay posibilidades de una ruptura, lo que significar\u00eda el fracaso del mecanismo aprobado por los consejeros morenistas y prevalecer\u00eda la incertidumbre democr\u00e1tica.<\/p>\n\n\n\n<figure class=\"wp-block-embed is-type-rich is-provider-spotify wp-block-embed-spotify wp-embed-aspect-21-9 wp-has-aspect-ratio\"><div class=\"wp-block-embed__wrapper\">\n<iframe title=\"Spotify Embed: M\u00e9xico y la tentaci\u00f3n hegem\u00f3nica\" style=\"border-radius: 12px\" width=\"100%\" height=\"152\" frameborder=\"0\" allowfullscreen allow=\"autoplay; clipboard-write; encrypted-media; fullscreen; picture-in-picture\" loading=\"lazy\" src=\"https:\/\/open.spotify.com\/embed\/episode\/7AAghleeXsHaBOdZE0PzDD?si=d177bb85299546cb&#038;utm_source=oembed\"><\/iframe>\n<\/div><\/figure>\n","protected":false},"excerpt":{"rendered":"<p>El pasado 11 de junio, el Consejo Nacional de Morena se reuni\u00f3 en la Ciudad de M\u00e9xico para legitimar el mecanismo mediante el cual se elegir\u00e1 al candidato a la Presidencia.<\/p>\n","protected":false},"author":331,"featured_media":17891,"comment_status":"closed","ping_status":"closed","sticky":false,"template":"","format":"standard","meta":{"_acf_changed":false,"episode_type":"","audio_file":"","cover_image":"","cover_image_id":"","duration":"","filesize":"","filesize_raw":"","date_recorded":"","explicit":"","block":"","itunes_episode_number":"","itunes_title":"","itunes_season_number":"","itunes_episode_type":"","footnotes":""},"categories":[16466,16650,16466,16536,16650,16536],"tags":[14128],"gps":[],"class_list":{"0":"post-17890","1":"post","2":"type-post","3":"status-publish","4":"format-standard","5":"has-post-thumbnail","7":"category-mexico","8":"category-elecciones-primarias","10":"category-lopez-obrador","13":"tag-ideas-en-es"},"acf":[],"_links":{"self":[{"href":"https:\/\/latinoamerica21.com\/es\/wp-json\/wp\/v2\/posts\/17890","targetHints":{"allow":["GET"]}}],"collection":[{"href":"https:\/\/latinoamerica21.com\/es\/wp-json\/wp\/v2\/posts"}],"about":[{"href":"https:\/\/latinoamerica21.com\/es\/wp-json\/wp\/v2\/types\/post"}],"author":[{"embeddable":true,"href":"https:\/\/latinoamerica21.com\/es\/wp-json\/wp\/v2\/users\/331"}],"replies":[{"embeddable":true,"href":"https:\/\/latinoamerica21.com\/es\/wp-json\/wp\/v2\/comments?post=17890"}],"version-history":[{"count":0,"href":"https:\/\/latinoamerica21.com\/es\/wp-json\/wp\/v2\/posts\/17890\/revisions"}],"wp:featuredmedia":[{"embeddable":true,"href":"https:\/\/latinoamerica21.com\/es\/wp-json\/wp\/v2\/media\/17891"}],"wp:attachment":[{"href":"https:\/\/latinoamerica21.com\/es\/wp-json\/wp\/v2\/media?parent=17890"}],"wp:term":[{"taxonomy":"category","embeddable":true,"href":"https:\/\/latinoamerica21.com\/es\/wp-json\/wp\/v2\/categories?post=17890"},{"taxonomy":"post_tag","embeddable":true,"href":"https:\/\/latinoamerica21.com\/es\/wp-json\/wp\/v2\/tags?post=17890"},{"taxonomy":"gps","embeddable":true,"href":"https:\/\/latinoamerica21.com\/es\/wp-json\/wp\/v2\/gps?post=17890"}],"curies":[{"name":"wp","href":"https:\/\/api.w.org\/{rel}","templated":true}]}}