{"id":18190,"date":"2023-07-06T08:00:00","date_gmt":"2023-07-06T11:00:00","guid":{"rendered":"https:\/\/latinoamerica21.com\/?p=18190"},"modified":"2023-12-20T05:34:33","modified_gmt":"2023-12-20T08:34:33","slug":"el-dia-en-que-se-detuvo-internet","status":"publish","type":"post","link":"https:\/\/latinoamerica21.com\/es\/el-dia-en-que-se-detuvo-internet\/","title":{"rendered":"El d\u00eda en que se detuvo Internet"},"content":{"rendered":"\r\n<p>Bastaron poco m\u00e1s de veinte a\u00f1os para que la World Wide Web, inventada por Tim Berners-Lee en 1989 y abierta al mundo en 1991, alcanzara a un tercio de la poblaci\u00f3n del planeta y llegara a casi 2.500 millones de usuarios interconectados en 2012. El 18 de enero de ese a\u00f1o, sin embargo, Internet dej\u00f3 de funcionar.<\/p>\r\n\r\n\r\n\r\n<p>La interrupci\u00f3n de la red mundial no se debi\u00f3 a ning\u00fan problema t\u00e9cnico; fue, de hecho, un acto pol\u00edtico, impulsado por miles de plataformas digitales que suprimieron o interrumpieron temporalmente sus contenidos en l\u00ednea para protestar contra dos propuestas de ley que se estaban tramitando en el Congreso de Estados Unidos. Quienes intentaron visitar algunos de los sitios web m\u00e1s populares del momento, aquel 18 de enero, se encontraron con mensajes de oposici\u00f3n a tales proyectos de ley: la Stop Online Piracy Act (SOPA) y la Protect Intellectual Property Act (PIPA) (Detener la Pirater\u00eda Online y Proteger la Propiedad Intelectual, respectivamente).<\/p>\r\n\r\n\r\n\r\n<p>Tales propuestas legislativas representaban la bala de plata de la industria cultural estadounidense contra lo que denominaban \u00abpirater\u00eda digital\u00bb, categor\u00eda que inclu\u00eda el acceso no remunerado a bienes culturales en Internet, aunque fuera para consumo propio. Apoyados con pu\u00f1o de hierro por las asociaciones de la industria cinematogr\u00e1fica y fonogr\u00e1fica, esos proyectos de ley, de aprobarse, ampliar\u00edan la capacidad de aplicaci\u00f3n de la legislaci\u00f3n estadounidense sobre derechos de autor para incluir la descarga y el <em>streaming<\/em> de contenidos protegidos por derechos de autor.<\/p>\r\n\r\n\r\n\r\n<p>La marea, sin embargo, soplaba a favor de los barcos piratas, con la bandera de la libre circulaci\u00f3n de la informaci\u00f3n y la cultura enarbolada por el propio Berners-Lee, capit\u00e1n de mar y guerra del movimiento. Junto al inventor de la World Wide Web, estaban la <a href=\"https:\/\/www.muycomputer.com\/2012\/01\/17\/apagon-en-wikipedia-el-18-de-enero-como-protesta-ante-la-sopa-y-la-pipa\/\" target=\"_blank\" rel=\"noreferrer noopener\">Wikipedia<\/a> brit\u00e1nica y organizaciones de derechos digitales sin \u00e1nimo de lucro como Fight for the Future y Electronic Frontier Foundation.<\/p>\r\n\r\n\r\n\r\n<p>Sobre la ola de piratas de la cultura libre surfeaba un grupo de empresas comerciales, en su mayor\u00eda, reci\u00e9n fundadas por j\u00f3venes blancos, procedentes de prestigiosas universidades estadounidenses. Los nuevos corsarios de Internet ser\u00edan pronto conocidos con el sobrenombre de <em>big tech<\/em>: prometedoras corporaciones tecnol\u00f3gicas cuyos recursos financieros ya hac\u00edan frente, en 2012, a los doblones invertidos por las viejas industrias culturales en el mercado legalizado de los <em>lobbies<\/em> del Congreso estadounidense.<\/p>\r\n\r\n\r\n\r\n<figure class=\"wp-block-image size-large\"><a href=\"https:\/\/latinoamerica21.com\/podcast\/resultados-electorales-en-guatemala-el-viacrucis-de-la-primaria-opositora-en-venezuela-y-militarizacion-de-las-carceles-en-honduras-mirada-semanal\/\"><img loading=\"lazy\" decoding=\"async\" width=\"1024\" height=\"331\" class=\"wp-image-18192\" src=\"https:\/\/latinoamerica21.com\/wp-content\/uploads\/2023\/07\/MIRADA-SEMANAL-1-1024x331.jpg\" alt=\"\" srcset=\"https:\/\/latinoamerica21.com\/wp-content\/uploads\/2023\/07\/MIRADA-SEMANAL-1-1024x331.jpg 1024w, https:\/\/latinoamerica21.com\/wp-content\/uploads\/2023\/07\/MIRADA-SEMANAL-1-300x97.jpg 300w, https:\/\/latinoamerica21.com\/wp-content\/uploads\/2023\/07\/MIRADA-SEMANAL-1-768x248.jpg 768w, https:\/\/latinoamerica21.com\/wp-content\/uploads\/2023\/07\/MIRADA-SEMANAL-1-1536x497.jpg 1536w, https:\/\/latinoamerica21.com\/wp-content\/uploads\/2023\/07\/MIRADA-SEMANAL-1.jpg 2000w\" sizes=\"auto, (max-width: 1024px) 100vw, 1024px\" \/><\/a><\/figure>\r\n\r\n\r\n\r\n<p>M\u00e1s evidente que la disputa econ\u00f3mica en los pasillos de Washington fue, no obstante, la batalla librada en el terreno de la \u00e9tica. Frente a la maximizaci\u00f3n de los derechos de propiedad intelectual, que fue reclamada por viejas corporaciones como Warner, Disney, Universal y Sony, las nuevas empresas de Internet recurrieron al tarot de los valores humanos universales para tirar las cartas de la libertad de expresi\u00f3n y el derecho de acceso a la informaci\u00f3n, pero personificando la figura de paladines guardianes del arte, la cultura y la diversidad. Tal personaje, antes de la llegada de los <em>outsiders<\/em> digitales, lo encarnaban precisamente las industrias cinematogr\u00e1fica y fonogr\u00e1fica, que gozaban de enorme prestigio y protagonismo desde la conquista del salvaje oeste norteamericano, embelesando corazones, mentes y bolsillos con sus pel\u00edculas y discos.<\/p>\r\n\r\n\r\n\r\n<p>Este idilio, sin embargo, empieza a sufrir turbulencias con el desarrollo de la tecnolog\u00eda digital, que permite potenciar lo que Walter Benjamin denomin\u00f3 la reproducibilidad t\u00e9cnica de la obra de arte. Las nuevas posibilidades de copiar, reproducir y compartir contenidos culturales e informativos a trav\u00e9s de Internet se han convertido, en el siglo XXI, en una amenaza para los modelos de negocio construidos en torno a la explotaci\u00f3n de los derechos de autor.<\/p>\r\n\r\n\r\n\r\n<p>Para los defensores del libre tr\u00e1nsito de informaci\u00f3n en la red, tales modelos representan el inmovilismo, la petrificaci\u00f3n, el estrangulamiento de la circulaci\u00f3n; en el l\u00edmite, la muerte de la cultura. En el discurso de la industria cultural, en cambio, se hace hincapi\u00e9 en los perjuicios que supuestamente sufren millones de personas empleadas directa o indirectamente en las cadenas productivas del sector y dan el sobrenombre de piratas (categor\u00eda con gran peso moral) a todos aquellos que copian, comparten o ponen a disposici\u00f3n copias digitales de contenidos protegidos por las leyes de propiedad intelectual y derechos de autor.<\/p>\r\n\r\n\r\n\r\n<p>Adem\u00e1s de la ofensiva moral, las asociaciones de las industrias fonogr\u00e1fica y cinematogr\u00e1fica empezaron a emprender acciones legales contra los consumidores de m\u00fasica y pel\u00edculas por descarga, demandando a miles de personas en la d\u00e9cada de 2000, lo que contribuy\u00f3 a erosionar la imagen p\u00fablica de las discogr\u00e1ficas y los estudios de Hollywood y a minar el apoyo popular a los proyectos de ley antipirater\u00eda de 2012.<\/p>\r\n\r\n\r\n\r\n<p>Derrotadas, aunque temporalmente (como demostrar\u00eda la historia en posteriores acuerdos entre la industria cultural y plataformas de <em>streaming<\/em> como Netflix, Spotify y la pionera YouTube), las asociaciones de la industria musical y cinematogr\u00e1fica acusaron a las empresas de Internet de utilizar sus plataformas para incitar a la opini\u00f3n p\u00fablica estadounidense en contra de los proyectos de ley.<\/p>\r\n\r\n\r\n\r\n<p>El d\u00eda en que Internet se paraliz\u00f3, la p\u00e1gina de inicio de Google, por ejemplo, mostraba una gran barra de censura que tapaba su conocido logotipo; al hacer clic en ella, los visitantes acced\u00edan a otro sitio web que conten\u00eda informaci\u00f3n y la petici\u00f3n contra SOPA y PIPA. En aquel momento, los movimientos por la libre circulaci\u00f3n de la informaci\u00f3n y la cultura no vieron en ello ning\u00fan problema, porque la causa era noble: se trataba de defender la libertad en Internet.\u00a0\u00a0<\/p>\r\n\r\n\r\n\r\n<p>La m\u00e1scara ideol\u00f3gica de las grandes empresas tecnol\u00f3gicas cae cuando, despu\u00e9s de 11 a\u00f1os de resurgimiento del discurso de odio, la desinformaci\u00f3n y el negacionismo ambiental y cient\u00edfico en las redes digitales, por fin est\u00e1 prevista la votaci\u00f3n de la <a href=\"https:\/\/latinoamerica21.com\/es\/gansteres-digitales\/\" target=\"_blank\" rel=\"noreferrer noopener\">Ley Brasile\u00f1a de Libertad, Responsabilidad y Transparencia en Internet<\/a> (PL 2630).<\/p>\r\n\r\n\r\n\r\n<p>En v\u00edsperas de la votaci\u00f3n, en mayo de 2023, se repite el <em>modus operandi<\/em> de 2012: la p\u00e1gina de inicio de Google muestra la frase \u00abPL 2630 puede aumentar la confusi\u00f3n sobre lo que es verdad o mentira en Brasil\u00bb; Spotify emite un anuncio con la misma frase, pero en audio; YouTube difunde informaci\u00f3n err\u00f3nea sobre la PL a los creadores de contenido en la plataforma, incluso promoviendo un <em>hashtag<\/em> contrario al proyecto; y Telegram env\u00eda a sus millones de usuarios brasile\u00f1os un mensaje diciendo que \u00abBrasil est\u00e1 a punto de probar una ley que acabar\u00e1 con la libertad de expresi\u00f3n\u00bb.<\/p>\r\n\r\n\r\n\r\n<p>La historia demuestra que, ya sea en el pasado o en el presente, la motivaci\u00f3n de las grandes tecnol\u00f3gicas sigue siendo la misma: nunca ha sido la libertad, sino el liberalismo. Nunca ha sido la defensa de la libre comunicaci\u00f3n y el intercambio de informaci\u00f3n entre individuos, sino la defensa de modelos de negocio libres de cualquier tipo de regulaci\u00f3n o supervisi\u00f3n. En 2012, esto a\u00fan no estaba claro para mucha gente; en 2023, ya no se puede ocultar.<\/p>\r\n\r\n\r\n\r\n<figure class=\"wp-block-embed is-type-rich is-provider-spotify wp-block-embed-spotify wp-embed-aspect-21-9 wp-has-aspect-ratio\">\r\n<div class=\"wp-block-embed__wrapper\">https:\/\/open.spotify.com\/episode\/6eQ0P1Hzn0C5wz0gZTbdog?si=58dacd7aeade4be4<\/div>\r\n<\/figure>\r\n","protected":false},"excerpt":{"rendered":"<p>La interrupci\u00f3n de la red mundial el 18 de enero de 2012 no se debi\u00f3 a un problema t\u00e9cnico, fue un acto pol\u00edtico impulsado por miles de plataformas digitales.<\/p>\n","protected":false},"author":443,"featured_media":18191,"comment_status":"closed","ping_status":"closed","sticky":false,"template":"","format":"standard","meta":{"_acf_changed":false,"episode_type":"","audio_file":"","cover_image":"","cover_image_id":"","duration":"","filesize":"","filesize_raw":"","date_recorded":"","explicit":"","block":"","itunes_episode_number":"","itunes_title":"","itunes_season_number":"","itunes_episode_type":"","footnotes":""},"categories":[16852,16599,16487,16537,16909,17039],"tags":[14128],"gps":[],"class_list":{"0":"post-18190","1":"post","2":"type-post","3":"status-publish","4":"format-standard","5":"has-post-thumbnail","7":"category-brasil-en","8":"category-internet-es","9":"category-brasil","10":"category-globalizacion","11":"category-globalizacion-en","12":"category-internet-es-en","13":"tag-ideas-en-es"},"acf":[],"_links":{"self":[{"href":"https:\/\/latinoamerica21.com\/es\/wp-json\/wp\/v2\/posts\/18190","targetHints":{"allow":["GET"]}}],"collection":[{"href":"https:\/\/latinoamerica21.com\/es\/wp-json\/wp\/v2\/posts"}],"about":[{"href":"https:\/\/latinoamerica21.com\/es\/wp-json\/wp\/v2\/types\/post"}],"author":[{"embeddable":true,"href":"https:\/\/latinoamerica21.com\/es\/wp-json\/wp\/v2\/users\/443"}],"replies":[{"embeddable":true,"href":"https:\/\/latinoamerica21.com\/es\/wp-json\/wp\/v2\/comments?post=18190"}],"version-history":[{"count":0,"href":"https:\/\/latinoamerica21.com\/es\/wp-json\/wp\/v2\/posts\/18190\/revisions"}],"wp:featuredmedia":[{"embeddable":true,"href":"https:\/\/latinoamerica21.com\/es\/wp-json\/wp\/v2\/media\/18191"}],"wp:attachment":[{"href":"https:\/\/latinoamerica21.com\/es\/wp-json\/wp\/v2\/media?parent=18190"}],"wp:term":[{"taxonomy":"category","embeddable":true,"href":"https:\/\/latinoamerica21.com\/es\/wp-json\/wp\/v2\/categories?post=18190"},{"taxonomy":"post_tag","embeddable":true,"href":"https:\/\/latinoamerica21.com\/es\/wp-json\/wp\/v2\/tags?post=18190"},{"taxonomy":"gps","embeddable":true,"href":"https:\/\/latinoamerica21.com\/es\/wp-json\/wp\/v2\/gps?post=18190"}],"curies":[{"name":"wp","href":"https:\/\/api.w.org\/{rel}","templated":true}]}}