{"id":18205,"date":"2023-07-07T08:00:00","date_gmt":"2023-07-07T11:00:00","guid":{"rendered":"https:\/\/latinoamerica21.com\/?p=18205"},"modified":"2023-12-20T05:34:31","modified_gmt":"2023-12-20T08:34:31","slug":"mexico-y-la-ciberpolitica-rumbo-al-2024","status":"publish","type":"post","link":"https:\/\/latinoamerica21.com\/es\/mexico-y-la-ciberpolitica-rumbo-al-2024\/","title":{"rendered":"M\u00e9xico y la ciberpol\u00edtica rumbo al 2024"},"content":{"rendered":"\n<p>En momentos de grandes cambios en los procesos pol\u00edticos de M\u00e9xico y con las <a href=\"https:\/\/latinoamerica21.com\/es\/el-oficialismo-se-posiciona-en-el-estado-de-mexico-frente-a-las-elecciones-de-2024\/\" target=\"_blank\" rel=\"noreferrer noopener\">elecciones federales de 2024 <\/a>a la vuelta de la esquina, se presenta en el escenario el uso de la tecnolog\u00eda para revolucionar las estrategias electorales que permitan establecer una comunicaci\u00f3n innovadora con la ciudadan\u00eda. Entre otros objetivos, las herramientas digitales buscan cambiar la aparente apat\u00eda frente a las figuras pol\u00edticas que ocupan o aspiran a ocupar cargos gubernamentales.<\/p>\n\n\n\n<p>Seg\u00fan el \u00faltimo <a href=\"https:\/\/www.asociaciondeinternet.mx\/estudios\/habitos-de-internet\" target=\"_blank\" rel=\"noreferrer noopener\">estudio de H\u00e1bitos de los Usuarios en Internet<\/a>, realizado por la Asociaci\u00f3n de Internet en M\u00e9xico en 2023, m\u00e1s del 80% de la poblaci\u00f3n usa la red a escala nacional. Asimismo, del total de esos usuarios, m\u00e1s de la mitad pasan siete o m\u00e1s horas al d\u00eda navegando por el ciberespacio, principalmente a trav\u00e9s de sus dispositivos electr\u00f3nicos, y lo que m\u00e1s hacen es consultar redes sociales (WhatsApp, Facebook, Instagram, Twitter y TikTok, entre las principales), motivo por el cual estos espacios se han convertido en lugares capitalizables para llevar a cabo lo que hoy se conoce como ciberpol\u00edtica.<\/p>\n\n\n\n<p>El parteaguas en M\u00e9xico para hablar de esta actividad se remonta a 2012, cuando hubo un primer movimiento social que estuvo encabezado por j\u00f3venes y que recibi\u00f3 el nombre de #YoSoy132. Estos afirmaban estar en contra de la elecci\u00f3n como presidente del entonces candidato Enrique Pe\u00f1a Nieto y se movilizaron a ra\u00edz de una manifestaci\u00f3n organizada dentro de la Universidad Iberoamericana de la Ciudad de M\u00e9xico cuando Pe\u00f1a Nieto, quien luego se convirti\u00f3 en presidente, realiz\u00f3 un acto de campa\u00f1a dentro de la instituci\u00f3n.<\/p>\n\n\n\n<p>Los j\u00f3venes fueron acusados de ser financiados por la oposici\u00f3n, a lo que 131 de ellos respondieron en un video de YouTube, matr\u00edcula en mano, que eran estudiantes activos y que ejercieron sus derechos ciudadanos de manifestaci\u00f3n libre. As\u00ed, el simb\u00f3lico 132 se extendi\u00f3 por todo el pa\u00eds.<\/p>\n\n\n\n<p>Para muchos, aquel momento fue el germen del activismo pol\u00edtico digitalizado, el nacimiento del metaverso partidario e ideol\u00f3gico. Debido a dicho movimiento, que tuvo reacciones en Facebook y Twitter principalmente, hubo otras actividades que estuvieron encabezadas por activistas de diferentes sectores y que han servido para visibilizar asuntos que tienen que ver con aspectos como la violencia de g\u00e9nero, el cuidado del medio ambiente, la protecci\u00f3n de los animales e incluso para llevar a cabo denuncias por incumplimiento de promesas de gobernantes, o como una especie de \u201cperiodismo ciudadano\u201d para reportar hechos cuestionables o pol\u00e9micos en tiempo real.<\/p>\n\n\n\n<p>Es llamativo el contraste entre el gran n\u00famero de j\u00f3venes volcados a los lenguajes tecnomedi\u00e1ticos para expresar sus ideas y que tan solo una minor\u00eda de los pol\u00edticos aprovechen las herramientas digitales para su labor electoral o de Gobierno. Ese contraste tendr\u00e1 consecuencias, ya que esos j\u00f3venes de entre los 15 y los 35 a\u00f1os de edad son los que influenciar\u00e1n la pol\u00edtica en los pr\u00f3ximos a\u00f1os.<\/p>\n\n\n\n<p>A escala internacional, en 2008 Barack Obama se volvi\u00f3 un referente en el mundo con su cibercampa\u00f1a que se dio a conocer en el portal \u201cmybarackobama.com\u201d. Sin embargo, fueron pocas las sociedades y las elites pol\u00edticas que se adaptaron a la comunicaci\u00f3n digital. En M\u00e9xico, por ejemplo, las campa\u00f1as pol\u00edticas usan las redes sociales o las p\u00e1ginas web, con el fin de compartir el d\u00eda a d\u00eda del proceso electoral. Pero eso ocurre exclusivamente en relaci\u00f3n con lo que se hace en los espacios \u201creales\u201d, no en los \u201cvirtuales\u201d.<\/p>\n\n\n\n<p>Esa hibridizaci\u00f3n le resta eficacia a la estrategia y limita la interacci\u00f3n con los votantes en las redes sociales. Ello ocurre porque no se entiende que el espacio digital es completamente distinto del convencional, anal\u00f3gico, y que, por lo tanto, requiere otras herramientas a las tradicionales como los m\u00edtines, los discursos, los recorridos por las colonias, las entrevistas en radio o TV, entre otros recursos.<\/p>\n\n\n\n<p>De todas maneras, hay excepciones. Personajes como Gabriel Quadri de la Torre en 2012 o Jaime Rodr\u00edguez Calder\u00f3n, el Bronco, en 2018 ejecutaron estrategias de construcci\u00f3n de mensajes o comunicaci\u00f3n con usuarios de Internet exclusivamente para plataformas digitales, de manera que adquirieron presencia y se dieron a conocer en el mundo <em>online<\/em>. Si bien sus respectivas campa\u00f1as no estaban dirigidas hacia el triunfo en el Gobierno federal, sirvieron para posicionar su imagen y reconocimiento en el mundo virtual.<\/p>\n\n\n\n<p><strong>Todo cambi\u00f3 con la pandemia de la COVID-19<\/strong><\/p>\n\n\n\n<p>A partir del a\u00f1o 2020, las redes sociales se convierten en el palco donde, ante el encierro, se pod\u00eda volcar una campa\u00f1a pol\u00edtica exclusivamente en los escenarios digitales. La primera campa\u00f1a que logr\u00f3 una estrategia funcional en redes fue la del actual gobernador de Nuevo Le\u00f3n, quien en 2021, gracias a su estrategia digital, alcanz\u00f3 el triunfo electoral.<\/p>\n\n\n\n<p>Tras el reconocimiento de estas estrategias, los presidenciables para 2024 en M\u00e9xico comenzaron a utilizar las redes sociales para compartir otro tipo de mensajes que los ayudara a posicionarse en cuanto a la ciudadan\u00eda joven y vencer, as\u00ed, la apat\u00eda de los votantes. Precandidatos como Claudia Sheinbaum, Marcelo Ebrard, Ad\u00e1n Augusto L\u00f3pez, Beatriz Paredes y Samuel Garc\u00eda ya tienen una fuerte presencia en redes. Y, aprovechando que este espacio a\u00fan no est\u00e1 regulado por el Instituto Nacional Electoral (INE), sin duda tendr\u00e1 un papel fundamental en los pr\u00f3ximos comicios y abre una ventana a la democracia en la era digital.<\/p>\n\n\n\n<p><em><sub>*Texto presentado en el X Congreso de WAPOR Latinoam\u00e9rica:\u00a0 www.waporlatinoamerica.org.<\/sub><\/em><\/p>\n\n\n\n<figure class=\"wp-block-embed is-type-rich is-provider-spotify wp-block-embed-spotify wp-embed-aspect-21-9 wp-has-aspect-ratio\"><div class=\"wp-block-embed__wrapper\">\n<iframe title=\"Spotify Embed: Campa\u00f1as electorales en pandemia\" style=\"border-radius: 12px\" width=\"100%\" height=\"152\" frameborder=\"0\" allowfullscreen allow=\"autoplay; clipboard-write; encrypted-media; fullscreen; picture-in-picture\" loading=\"lazy\" src=\"https:\/\/open.spotify.com\/embed\/episode\/5FJwVMzI4vBrvDEfTEHZAW?si=7cffd2ed62484e5e&#038;utm_source=oembed\"><\/iframe>\n<\/div><\/figure>\n","protected":false},"excerpt":{"rendered":"<p>El uso de la tecnolog\u00eda est\u00e1 revolucionando las estrategias electorales ya que permitan establecer una comunicaci\u00f3n innovadora con la ciudadan\u00eda.<\/p>\n","protected":false},"author":462,"featured_media":18207,"comment_status":"closed","ping_status":"closed","sticky":false,"template":"","format":"standard","meta":{"_acf_changed":false,"episode_type":"","audio_file":"","cover_image":"","cover_image_id":"","duration":"","filesize":"","filesize_raw":"","date_recorded":"","explicit":"","block":"","itunes_episode_number":"","itunes_title":"","itunes_season_number":"","itunes_episode_type":"","footnotes":""},"categories":[17121,16466,16466,16676,16676],"tags":[14128],"gps":[],"class_list":{"0":"post-18205","1":"post","2":"type-post","3":"status-publish","4":"format-standard","5":"has-post-thumbnail","7":"category-interne-en","8":"category-mexico","10":"category-propaganda","12":"tag-ideas-en-es"},"acf":[],"_links":{"self":[{"href":"https:\/\/latinoamerica21.com\/es\/wp-json\/wp\/v2\/posts\/18205","targetHints":{"allow":["GET"]}}],"collection":[{"href":"https:\/\/latinoamerica21.com\/es\/wp-json\/wp\/v2\/posts"}],"about":[{"href":"https:\/\/latinoamerica21.com\/es\/wp-json\/wp\/v2\/types\/post"}],"author":[{"embeddable":true,"href":"https:\/\/latinoamerica21.com\/es\/wp-json\/wp\/v2\/users\/462"}],"replies":[{"embeddable":true,"href":"https:\/\/latinoamerica21.com\/es\/wp-json\/wp\/v2\/comments?post=18205"}],"version-history":[{"count":0,"href":"https:\/\/latinoamerica21.com\/es\/wp-json\/wp\/v2\/posts\/18205\/revisions"}],"wp:featuredmedia":[{"embeddable":true,"href":"https:\/\/latinoamerica21.com\/es\/wp-json\/wp\/v2\/media\/18207"}],"wp:attachment":[{"href":"https:\/\/latinoamerica21.com\/es\/wp-json\/wp\/v2\/media?parent=18205"}],"wp:term":[{"taxonomy":"category","embeddable":true,"href":"https:\/\/latinoamerica21.com\/es\/wp-json\/wp\/v2\/categories?post=18205"},{"taxonomy":"post_tag","embeddable":true,"href":"https:\/\/latinoamerica21.com\/es\/wp-json\/wp\/v2\/tags?post=18205"},{"taxonomy":"gps","embeddable":true,"href":"https:\/\/latinoamerica21.com\/es\/wp-json\/wp\/v2\/gps?post=18205"}],"curies":[{"name":"wp","href":"https:\/\/api.w.org\/{rel}","templated":true}]}}