{"id":18480,"date":"2023-07-19T08:00:00","date_gmt":"2023-07-19T11:00:00","guid":{"rendered":"https:\/\/latinoamerica21.com\/?p=18480"},"modified":"2023-11-09T17:11:43","modified_gmt":"2023-11-09T20:11:43","slug":"el-retorno-de-la-militarizacion-de-la-seguridad-publica-a-honduras","status":"publish","type":"post","link":"https:\/\/latinoamerica21.com\/es\/el-retorno-de-la-militarizacion-de-la-seguridad-publica-a-honduras\/","title":{"rendered":"El retorno de la militarizaci\u00f3n de la seguridad p\u00fablica a Honduras"},"content":{"rendered":"\n<p>El pasado 20 de junio hubo una brutal revuelta que termin\u00f3 con un saldo de 46 reclusas fallecidas en la penitenciar\u00eda central de T\u00e1mara, a pocos kil\u00f3metros del norte de la capital, Tegucigalpa. Seg\u00fan los informes proporcionados por los principales medios de comunicaci\u00f3n del pa\u00eds, los hechos fueron producto de una embestida planificada por un grupo de pandilleras pertenecientes a Barrio18 contra internas de la MS13, la pandilla contraria.<\/p>\n\n\n\n<p>Tras esta masacre, que fue la tercera m\u00e1s letal en la historia carcelaria del pa\u00eds centroamericano, la presidenta Xiomara Castro anunci\u00f3 una serie de \u201cmedidas dr\u00e1sticas\u201d (tal como ella las denomin\u00f3) que incluyen la militarizaci\u00f3n de las c\u00e1rceles, los toques de queda, los allanamientos y las detenciones, con el objeto de hacer frente a las pandillas, recuperar el control de las c\u00e1rceles y desmantelar las redes de comunicaci\u00f3n que los reclusos han acumulado mediante sobornos a las autoridades penitenciarias. Estas acciones se suman al estado de <a href=\"https:\/\/www.coyuntura.co\/post\/militarizaci%C3%B3n-y-torturas-desencadenan-crisis-de-derechos-humanos-desde-las-c%C3%A1rceles-de-honduras\" target=\"_blank\" rel=\"noreferrer noopener\">excepci\u00f3n que ha estado en vigor en gran parte del pa\u00eds desde diciembre de 2022<\/a> y que acaba de ser prolongado por quinta vez.<\/p>\n\n\n\n<p>De forma inmediata, Castro destituy\u00f3 a su ministro de Seguridad, Ram\u00f3n Sabill\u00f3n, quien fue el responsable de destapar los nexos entre el expresidente Juan Orlando Hern\u00e1ndez con el narcotr\u00e1fico y de supervisar la extradici\u00f3n del exmandatario a Estados Unidos en abril de 2022. En su lugar, Castro nombr\u00f3 al general Gustavo S\u00e1nchez, quien hasta ese momento se desempe\u00f1aba como director de la polic\u00eda de Honduras. Esta decisi\u00f3n fue acompa\u00f1ada por la disoluci\u00f3n de la comisi\u00f3n especial para sanear las prisiones que, si bien realiz\u00f3 diagn\u00f3sticos de la situaci\u00f3n, no llev\u00f3 a cabo ninguna medida para responder a la problem\u00e1tica acuciante que la origin\u00f3.<\/p>\n\n\n\n<figure class=\"wp-block-image size-large\"><a href=\"https:\/\/latinoamerica21.com\/podcast\/amparo-constitucional-mantiene-la-continuidad-electoral-en-guatemala-nicaragua-y-colombia-definen-su-frontera-y-bukele-oficializa-su-interes-de-mantenerse-en-el-poder-mirada-semanal\/\"><img loading=\"lazy\" decoding=\"async\" width=\"1024\" height=\"331\" src=\"https:\/\/latinoamerica21.com\/wp-content\/uploads\/2023\/07\/MIRADA-SEMANAL-3-1-1024x331.jpg\" alt=\"\" class=\"wp-image-18485\" srcset=\"https:\/\/latinoamerica21.com\/wp-content\/uploads\/2023\/07\/MIRADA-SEMANAL-3-1-1024x331.jpg 1024w, https:\/\/latinoamerica21.com\/wp-content\/uploads\/2023\/07\/MIRADA-SEMANAL-3-1-300x97.jpg 300w, https:\/\/latinoamerica21.com\/wp-content\/uploads\/2023\/07\/MIRADA-SEMANAL-3-1-768x248.jpg 768w, https:\/\/latinoamerica21.com\/wp-content\/uploads\/2023\/07\/MIRADA-SEMANAL-3-1-1536x497.jpg 1536w, https:\/\/latinoamerica21.com\/wp-content\/uploads\/2023\/07\/MIRADA-SEMANAL-3-1.jpg 2000w\" sizes=\"auto, (max-width: 1024px) 100vw, 1024px\" \/><\/a><\/figure>\n\n\n\n<p>Estos sucesos y las medidas adoptadas como consecuencia de ellos ponen en evidencia tres factores relevantes. El primero de ellos y, sin duda el m\u00e1s preocupante, es la incapacidad del Estado para afrontar una de sus funciones b\u00e1sicas que es brindar seguridad a sus ciudadanos. Los hechos violentos que se produjeron a lo largo de las \u00faltimas semanas reflejan la profundizaci\u00f3n de la crisis de seguridad p\u00fablica que atraviesa el pa\u00eds y la creciente erosi\u00f3n democr\u00e1tica de las instituciones que se encuentran azotadas por la corrupci\u00f3n y el narcotr\u00e1fico.<\/p>\n\n\n\n<p>En segundo lugar, la decisi\u00f3n de poner al frente de la seguridad p\u00fablica a la Polic\u00eda Militar de Orden P\u00fablico (PMOP) fue, sin duda, una de las m\u00e1s pol\u00e9micas en esta crisis porque la polic\u00eda militar fue creada por el expresidente Hern\u00e1ndez como una especie de guardia pretoriana que le respond\u00eda directamente. El fortalecimiento de esta fuerza militar gener\u00f3 sorpresa, porque Xiomara Castro cuestion\u00f3 duramente su actuaci\u00f3n en la seguridad p\u00fablica, en el pasado, como candidata presidencial y antes como l\u00edder de la oposici\u00f3n.<\/p>\n\n\n\n<p>Si bien las pol\u00edticas de \u201cmano dura\u201d no son nuevas en Honduras (ya existentes desde el Gobierno de Ricardo Maduro) ni tampoco en la regi\u00f3n centroamericana, la decisi\u00f3n de militarizar la seguridad p\u00fablica y la ejecuci\u00f3n de estas medidas despert\u00f3 la preocupaci\u00f3n de la comunidad internacional y, en especial, la de los organismos defensores de derechos humanos. Estos \u00faltimos manifestaron que no es con la represi\u00f3n que se ataca el problema estructural de la violencia y la ingobernabilidad en los centros penales; por el contrario, su empleo en el pasado ha causado graves violaciones de derechos humanos y han demostrado ser completamente ineficaces en el control y en el combate de la criminalidad y la violencia.<\/p>\n\n\n\n<p>Por \u00faltimo, la aplicaci\u00f3n de estas medidas por parte del Gobierno de Honduras, as\u00ed como la difusi\u00f3n de im\u00e1genes de presos descalzos y con el torso desnudo en c\u00e1rceles, custodiados por militares, parecen emular los procedimientos realizados por el actual presidente salvadore\u00f1o.<\/p>\n\n\n\n<p>Sin embargo, \u00bfes el modelo Bukele la soluci\u00f3n para afrontar los problemas de seguridad en Centroam\u00e9rica? Sin duda, las medidas adoptadas por Xiomara Castro y su gabinete para afrontar la crisis de seguridad p\u00fablica del pa\u00eds sugieren que el Gobierno de Honduras as\u00ed lo considera.<\/p>\n","protected":false},"excerpt":{"rendered":"<p>Si bien las pol\u00edticas de \u201cmano dura\u201d no son nuevas en Honduras, la decisi\u00f3n de militarizar la seguridad p\u00fablica y la ejecuci\u00f3n de estas medidas despert\u00f3 la preocupaci\u00f3n de la comunidad internacional.<\/p>\n","protected":false},"author":466,"featured_media":18483,"comment_status":"closed","ping_status":"closed","sticky":false,"template":"","format":"standard","meta":{"_acf_changed":false,"episode_type":"","audio_file":"","cover_image":"","cover_image_id":"","duration":"","filesize":"","filesize_raw":"","date_recorded":"","explicit":"","block":"","itunes_episode_number":"","itunes_title":"","itunes_season_number":"","itunes_episode_type":"","footnotes":""},"categories":[16660,16566,16587,16566,16660,16587],"tags":[14126],"gps":[],"class_list":{"0":"post-18480","1":"post","2":"type-post","3":"status-publish","4":"format-standard","5":"has-post-thumbnail","7":"category-seguridad-publica","8":"category-militarizacion","9":"category-honduras-es","13":"tag-debates-br-es"},"acf":[],"_links":{"self":[{"href":"https:\/\/latinoamerica21.com\/es\/wp-json\/wp\/v2\/posts\/18480","targetHints":{"allow":["GET"]}}],"collection":[{"href":"https:\/\/latinoamerica21.com\/es\/wp-json\/wp\/v2\/posts"}],"about":[{"href":"https:\/\/latinoamerica21.com\/es\/wp-json\/wp\/v2\/types\/post"}],"author":[{"embeddable":true,"href":"https:\/\/latinoamerica21.com\/es\/wp-json\/wp\/v2\/users\/466"}],"replies":[{"embeddable":true,"href":"https:\/\/latinoamerica21.com\/es\/wp-json\/wp\/v2\/comments?post=18480"}],"version-history":[{"count":0,"href":"https:\/\/latinoamerica21.com\/es\/wp-json\/wp\/v2\/posts\/18480\/revisions"}],"wp:featuredmedia":[{"embeddable":true,"href":"https:\/\/latinoamerica21.com\/es\/wp-json\/wp\/v2\/media\/18483"}],"wp:attachment":[{"href":"https:\/\/latinoamerica21.com\/es\/wp-json\/wp\/v2\/media?parent=18480"}],"wp:term":[{"taxonomy":"category","embeddable":true,"href":"https:\/\/latinoamerica21.com\/es\/wp-json\/wp\/v2\/categories?post=18480"},{"taxonomy":"post_tag","embeddable":true,"href":"https:\/\/latinoamerica21.com\/es\/wp-json\/wp\/v2\/tags?post=18480"},{"taxonomy":"gps","embeddable":true,"href":"https:\/\/latinoamerica21.com\/es\/wp-json\/wp\/v2\/gps?post=18480"}],"curies":[{"name":"wp","href":"https:\/\/api.w.org\/{rel}","templated":true}]}}