{"id":18725,"date":"2023-08-02T08:00:00","date_gmt":"2023-08-02T11:00:00","guid":{"rendered":"https:\/\/latinoamerica21.com\/?p=18725"},"modified":"2023-12-20T05:31:02","modified_gmt":"2023-12-20T08:31:02","slug":"la-inevitable-convulsion-social-en-peru","status":"publish","type":"post","link":"https:\/\/latinoamerica21.com\/es\/la-inevitable-convulsion-social-en-peru\/","title":{"rendered":"La inevitable convulsi\u00f3n social en Per\u00fa"},"content":{"rendered":"\n<p>Luego de cuatro meses de un relativo apaciguamiento de los \u00e1nimos de los miles de ciudadanos que protestaron a lo largo y ancho del territorio peruano, esta semana el pa\u00eds retoma un cuadro de gran preocupaci\u00f3n por su seguridad p\u00fablica. Los discursos de la presidenta Dina Boluarte y los esfuerzos de su equipo no han sido suficientes para evitar que la poblaci\u00f3n peruana exprese su descontento con la pol\u00edtica nacional.<\/p>\n\n\n\n<p>Per\u00fa es un pa\u00eds que ha enfrentado, en los \u00faltimos a\u00f1os, una serie de episodios de <a href=\"https:\/\/latinoamerica21.com\/es\/el-peru-fracturado\/\" target=\"_blank\" rel=\"noreferrer noopener\">inestabilidad pol\u00edtica <\/a>marcados por la ca\u00edda y ascenso de personalidades al poder. En los \u00faltimos cinco a\u00f1os, el pa\u00eds ha tenido seis jefes de Estado diferentes. La sexta figura en ocupar tal cargo fue elegida en 2021 como vicepresidente del pa\u00eds. Tras un intento de golpe de Estado, marcado por la orden de disolver el Congreso, el presidente Pedro Castillo fue destituido y detenido ante las acusaciones que a\u00fan recaen sobre el ex mandatario. Su compa\u00f1era de f\u00f3rmula, la actual Presidenta Dina Boluarte, fue la primera mujer en la historia republicana de Per\u00fa en gobernar el pa\u00eds.<\/p>\n\n\n\n<p>Boluarte, abogada de formaci\u00f3n y con experiencia en diversos cargos de la administraci\u00f3n p\u00fablica, asumi\u00f3 el cargo en diciembre de 2022 y ya en sus primeros actos como presidenta tuvo que enfrentarse a fuertes protestas organizadas por distintos sectores de la sociedad. Al principio, un peque\u00f1o grupo de partidarios del ex presidente Castillo sali\u00f3 a las calles. Poco a poco, los movimientos aglutinaron a estudiantes, trabajadores, mujeres y representantes de diversas minor\u00edas sociales para cuestionar la legitimidad del gobierno de turno. Aunque las protestas no est\u00e1n unificadas en sus intereses, convergen en el deseo de que el actual presidente adelante las elecciones que constitucionalmente deber\u00edan celebrarse en 2026.<\/p>\n\n\n\n<p>La reacci\u00f3n de los poderes p\u00fablicos ante las protestas fue bastante dura. Especialmente en Ayacucho y Juliaca, dos ciudades peruanas, decenas de personas fueron violadas -y algunas asesinadas- por las Fuerzas de Seguridad Nacional, que exigieron la paralizaci\u00f3n inmediata de los movimientos de protesta. Entre diciembre de 2022 y marzo de 2023, la violencia urbana alcanz\u00f3 niveles que preocuparon incluso a la Comisi\u00f3n Interamericana de Derechos Humanos (CIDH), que declar\u00f3 estar observando muy de cerca la situaci\u00f3n en el pa\u00eds.<\/p>\n\n\n\n<figure class=\"wp-block-image size-large\"><a href=\"https:\/\/latinoamerica21.com\/podcast\/escenarios-politicos-tras-las-elecciones-espanolas-y-visita-de-la-candidata-guatemalteca-sandra-torres-a-los-eeuu\/\"><img loading=\"lazy\" decoding=\"async\" width=\"1024\" height=\"331\" src=\"http:\/\/latinoamerica21.com\/wp-content\/uploads\/2023\/07\/MIRADA-SEMANAL-5-1024x331.jpg\" alt=\"\" class=\"wp-image-18664\" srcset=\"https:\/\/latinoamerica21.com\/wp-content\/uploads\/2023\/07\/MIRADA-SEMANAL-5-1024x331.jpg 1024w, https:\/\/latinoamerica21.com\/wp-content\/uploads\/2023\/07\/MIRADA-SEMANAL-5-300x97.jpg 300w, https:\/\/latinoamerica21.com\/wp-content\/uploads\/2023\/07\/MIRADA-SEMANAL-5-768x248.jpg 768w, https:\/\/latinoamerica21.com\/wp-content\/uploads\/2023\/07\/MIRADA-SEMANAL-5-1536x497.jpg 1536w, https:\/\/latinoamerica21.com\/wp-content\/uploads\/2023\/07\/MIRADA-SEMANAL-5.jpg 2000w\" sizes=\"auto, (max-width: 1024px) 100vw, 1024px\" \/><\/a><\/figure>\n\n\n\n<p>A mediados de junio, tras un periodo de negociaciones entre el gobierno y la poblaci\u00f3n, <a href=\"https:\/\/www.elsaltodiario.com\/peru\/vuelven-protestas-peru-tercera-toma-lima\" target=\"_blank\" rel=\"noreferrer noopener\">se reanudaron las protestas<\/a>. En v\u00edsperas del 202 aniversario de la independencia de Per\u00fa, las calles de Lima y otras partes del pa\u00eds volvieron a llenarse de descontento.<\/p>\n\n\n\n<p>La presidenta, que parec\u00eda estar negociando unas elecciones anticipadas, ha empezado a dar se\u00f1ales de que pretende permanecer en el cargo hasta que expire el mandato para el que fue formalmente investida en 2022. En sus discursos oficiales, la presidenta culpa al Congreso de la imposibilidad de resolver el impasse. Para que se celebraran nuevas elecciones, el legislativo nacional deb\u00eda ser habilitado, cosa que no ocurri\u00f3. En una reciente encuesta de opini\u00f3n p\u00fablica publicada por Latinobar\u00f3metro, la presidenta peruana tiene uno de los niveles m\u00e1s bajos de aprobaci\u00f3n popular entre los l\u00edderes latinoamericanos, s\u00f3lo superada por el presidente ecuatoriano Guillermo Lasso.<\/p>\n\n\n\n<p>En un discurso de m\u00e1s de tres horas ante el Congreso y las principales autoridades peruanas, la presidenta Boluarte lament\u00f3 la violencia entre las fuerzas de seguridad y la poblaci\u00f3n sin reconocerse, sin embargo, responsable de estos enfrentamientos. Su discurso careci\u00f3 del mea culpa esperado por diversos sectores de la sociedad. La presidenta defendi\u00f3 tambi\u00e9n un \u00abpacto de reconciliaci\u00f3n nacional\u00bb destinado a restablecer el orden p\u00fablico nacional, que ya ha sufrido p\u00e9rdidas econ\u00f3micas inesperadas.<\/p>\n\n\n\n<p>Al mismo tiempo que tend\u00eda la mano a la poblaci\u00f3n, tambi\u00e9n pidi\u00f3 al Congreso que autoriz\u00e1ra la ampliaci\u00f3n de las capacidades de seguridad del poder ejecutivo. La justificaci\u00f3n es la posibilidad de que grupos criminales, incluidos terroristas, se aprovechen de la debilidad social en la que se encuentra el pa\u00eds para cometer diversos delitos. &nbsp;<\/p>\n","protected":false},"excerpt":{"rendered":"<p>Los discursos de la presidenta Dina Boluarte y los esfuerzos de su equipo no han sido suficientes para evitar que la poblaci\u00f3n peruana exprese su descontento con la pol\u00edtica nacional.<\/p>\n","protected":false},"author":428,"featured_media":18728,"comment_status":"closed","ping_status":"closed","sticky":false,"template":"","format":"standard","meta":{"_acf_changed":false,"episode_type":"","audio_file":"","cover_image":"","cover_image_id":"","duration":"","filesize":"","filesize_raw":"","date_recorded":"","explicit":"","block":"","itunes_episode_number":"","itunes_title":"","itunes_season_number":"","itunes_episode_type":"","footnotes":""},"categories":[16540,16540,16493,16493,16511,16511],"tags":[14128],"gps":[],"class_list":{"0":"post-18725","1":"post","2":"type-post","3":"status-publish","4":"format-standard","5":"has-post-thumbnail","7":"category-crisis-social","9":"category-peru","11":"category-crisis-politica","13":"tag-ideas-en-es"},"acf":[],"_links":{"self":[{"href":"https:\/\/latinoamerica21.com\/es\/wp-json\/wp\/v2\/posts\/18725","targetHints":{"allow":["GET"]}}],"collection":[{"href":"https:\/\/latinoamerica21.com\/es\/wp-json\/wp\/v2\/posts"}],"about":[{"href":"https:\/\/latinoamerica21.com\/es\/wp-json\/wp\/v2\/types\/post"}],"author":[{"embeddable":true,"href":"https:\/\/latinoamerica21.com\/es\/wp-json\/wp\/v2\/users\/428"}],"replies":[{"embeddable":true,"href":"https:\/\/latinoamerica21.com\/es\/wp-json\/wp\/v2\/comments?post=18725"}],"version-history":[{"count":0,"href":"https:\/\/latinoamerica21.com\/es\/wp-json\/wp\/v2\/posts\/18725\/revisions"}],"wp:featuredmedia":[{"embeddable":true,"href":"https:\/\/latinoamerica21.com\/es\/wp-json\/wp\/v2\/media\/18728"}],"wp:attachment":[{"href":"https:\/\/latinoamerica21.com\/es\/wp-json\/wp\/v2\/media?parent=18725"}],"wp:term":[{"taxonomy":"category","embeddable":true,"href":"https:\/\/latinoamerica21.com\/es\/wp-json\/wp\/v2\/categories?post=18725"},{"taxonomy":"post_tag","embeddable":true,"href":"https:\/\/latinoamerica21.com\/es\/wp-json\/wp\/v2\/tags?post=18725"},{"taxonomy":"gps","embeddable":true,"href":"https:\/\/latinoamerica21.com\/es\/wp-json\/wp\/v2\/gps?post=18725"}],"curies":[{"name":"wp","href":"https:\/\/api.w.org\/{rel}","templated":true}]}}