{"id":18733,"date":"2023-08-01T08:00:00","date_gmt":"2023-08-01T11:00:00","guid":{"rendered":"https:\/\/latinoamerica21.com\/?p=18733"},"modified":"2023-11-09T17:11:42","modified_gmt":"2023-11-09T20:11:42","slug":"en-las-proximas-elecciones-en-argentina-cualquiera-puede-ganar","status":"publish","type":"post","link":"https:\/\/latinoamerica21.com\/es\/en-las-proximas-elecciones-en-argentina-cualquiera-puede-ganar\/","title":{"rendered":"En las pr\u00f3ximas elecciones en Argentina cualquiera puede ganar"},"content":{"rendered":"\n<p>Se aproximan las elecciones generales en Argentina y sigue siendo altamente <a href=\"https:\/\/www.clarin.com\/politica\/nuevas-encuestas-semanas-paso-vienen-bullrich-larreta-massa-milei_0_2ZcQbbCYyb.html\" target=\"_blank\" rel=\"noreferrer noopener\">incierto qu\u00e9 candidato y de qu\u00e9 fuerza pol\u00edtica podr\u00e1 ser el triunfador<\/a>. Argentina sufre una inflaci\u00f3n mensual que oscila entre el 6 y 8 % y la pobreza afecta a cuatro de cada diez personas.<\/p>\n\n\n\n<p>Es muy extra\u00f1o que bajo esta situaci\u00f3n no se descarte que el frente oficialista, ahora llamado Uni\u00f3n por la Patria, pierda la elecci\u00f3n. Y es que Sergio Massa aterriz\u00f3 en la cartera econ\u00f3mica, hace ya un a\u00f1o, con un d\u00f3lar paralelo que cotizaba en $296 y hoy sobrepasa los $550. La pobreza sigue marcando porcentajes por encima del 40%, seg\u00fan todas las mediciones, y la indigencia ronda el 10% de la poblaci\u00f3n. Adem\u00e1s, el Banco Central a fines de julio ya marc\u00f3 un saldo negativo de 7.000 millones de d\u00f3lares, mientras se siguen negociando acuerdos con el FMI para sortear la crisis y el pa\u00eds contin\u00faa endeud\u00e1ndose.<\/p>\n\n\n\n<p>Hace un a\u00f1o, cuando la macroeconom\u00eda se encontraba en una situaci\u00f3n menos horrible que la actual, Massa y su equipo comentaban que se estaba \u201ccoqueteando con la hiperinflaci\u00f3n\u201d. En este contexto, es dif\u00edcil imaginar que el candidato del frente oficialista pueda ganar una elecci\u00f3n, principalmente si el candidato es el ministro de Econom\u00eda que nos sigue sucumbiendo en tama\u00f1a crisis macro y socio-econ\u00f3mica.<\/p>\n\n\n\n<p>Por otro lado, la coalici\u00f3n Juntos por el Cambio (JxC), que es una ampliaci\u00f3n de la alianza Cambiemos, que gan\u00f3 las elecciones presidenciales en 2015, sigue fortaleci\u00e9ndose a nivel provincial y local. En las elecciones que vienen celebr\u00e1ndose en los diferentes distritos JxC ha conquistado espacios, ya sea por ganar gobernaciones o intendencias provinciales o porque suma legisladores en varios de estos territorios.<\/p>\n\n\n\n<p>En este marco, las chances de JxC de ganar a nivel nacional, al presentarse org\u00e1nicamente como la principal oposici\u00f3n, deber\u00edan ser alt\u00edsimas. Sin embargo, la escisi\u00f3n que existe al interior de la coalici\u00f3n, permite que la interna entre las \u201cpalomas\u201d, los m\u00e1s dialoguistas que responden a la candidatura de Horacio Rodr\u00edguez Larreta, y los \u201chalcones\u201d, los m\u00e1s duros que responden a la candidatura de Patricia Bullrich, debilite un apoyo integral a la coalici\u00f3n.<\/p>\n\n\n\n<p>La interna en Juntos por el Cambio por momentos se vuelve descarnada. En una campa\u00f1a extremadamente sucia se pudo constatar, de cara a las PASO- elecciones internas-, celebradas en Santa Fe, como la senadora nacional Carolina Losada, \u201chalcona\u201d de JxC, vincul\u00f3 al ex ministro de Seguridad de la provincia de Santa Fe, Maximiliano Pullaro, \u201cpaloma\u201d de JxC, al narcotr\u00e1fico.<\/p>\n\n\n\n<p>Pullaro gan\u00f3 la interna holgadamente y Losada, quien fue apoyada por Patricia Bullrich y Mauricio Macri, debe ahora recalcular para volver al dialogo con quien acus\u00f3 de graves delitos. Este tipo de enfrentamientos virulentos entre pares en la coalici\u00f3n se replica en la ciudad porte\u00f1a y en varios distritos.<\/p>\n\n\n\n<p>A nivel nacional, Bullrich deja entrever en sus spots de campa\u00f1a que ella es el cambio y que Rodr\u00edguez Larreta, su competidor dentro de la coalici\u00f3n, puede representar una continuidad, es decir seguir haciendo lo que hace tan mal el oficialismo. Rodr\u00edguez Larreta, por su parte, recuerda que Bullrich fue parte del desastre de 2001, siendo ministra de Trabajo de la Alianza, Alianza que tuvo que interrumpir el mandato dos a\u00f1os antes porque la Argentina se desbord\u00f3 pol\u00edticamente.<\/p>\n\n\n\n<p>Las PASO nacionales se celebrar\u00e1n el 13 de agosto, y al d\u00eda siguiente de la elecci\u00f3n, quienes hayan perdido la elecci\u00f3n, ya sea \u201chalcones\u201d o \u201cpalomas\u201d, deber\u00e1n convencer a sus electores de votar a sus f\u00e9rreos y descalificados opositores en la interna.<\/p>\n\n\n\n<p>La tercera fuerza con chances de triunfar en las pr\u00f3ximas elecciones, es <a href=\"https:\/\/latinoamerica21.com\/es\/argentina-baila-al-borde-del-abismo\/\" target=\"_blank\" rel=\"noreferrer noopener\">La Libertad Avanza conducida por Javier Milei<\/a>. Seg\u00fan diferentes sondeos de opini\u00f3n, Milei estar\u00eda perdiendo apoyo electoral o no estar\u00eda ganando adeptos en este tramo de la campa\u00f1a.&nbsp; Como sea, se estima que el l\u00edder libertario alcanzar\u00eda probablemente el apoyo de aproximadamente un tercio del electorado desencantado con la pol\u00edtica y con la \u201ccasta\u201d que vive de la pol\u00edtica y no para la pol\u00edtica.<\/p>\n\n\n\n<p>Probablemente esta posible p\u00e9rdida de apoyo hacia Milei responda a que se volvi\u00f3 de p\u00fablico conocimiento la presunta compra y venta de candidaturas entre Milei y Sergio Massa, a partir de constatar que un alto porcentaje de candidatos en las listas de la fuerza libertaria en las provincias y municipios, son miembros del Frente Renovador de Massa y del kirchnerismo, de la \u201ccasta\u201d seg\u00fan el ideario de Milei y su militancia.<\/p>\n\n\n\n<p>Todo indica que en Argentina nos enfrentamos a una elecci\u00f3n de tercios y por tal motivo, una segunda vuelta electoral pareciera lo esperable. Y es probable que esto ocurra porque Juntos por el Cambio no se junta, y debido a un dato que tal vez se est\u00e9 subestimando. Y es que en las elecciones provinciales- en 19 provincias de 24 ya hubo o est\u00e1n celebr\u00e1ndose elecciones desdobladas con las nacionales- la abstenci\u00f3n electoral alcanza entre el 30 y el 40% del padr\u00f3n electoral.<\/p>\n\n\n\n<p>Todo esto parece querer decir al menos tres cosas. En primero lugar, que, si se replica tal situaci\u00f3n a nivel nacional, el porcentaje de los que no votan puede equivaler o superar a los porcentajes que las diversas encuestadoras les asignan a las tres fuerzas con chances de alcanzar la presidencia. En segundo lugar, que no todos los desencantados con la pol\u00edtica optar\u00edan por Javier Milei, que en todas las provincias obtuvo una \u00ednfima cantidad de votos o ni compiti\u00f3. Y finalmente, que, si los desencantados con la pol\u00edtica no votan, las fuerzas que cuentan con \u201ctecho bajo, pero piso alto\u201d, como el oficialismo, pueden ganar una elecci\u00f3n, incluso tras haber gobernado muy mal durante los \u00faltimos tres a\u00f1os y siete meses.<\/p>\n\n\n\n<figure class=\"wp-block-embed is-type-rich is-provider-spotify wp-block-embed-spotify wp-embed-aspect-21-9 wp-has-aspect-ratio\"><div class=\"wp-block-embed__wrapper\">\n<iframe title=\"Spotify Embed: An\u00e1lisis de las elecciones legislativas argentinas\" style=\"border-radius: 12px\" width=\"100%\" height=\"152\" frameborder=\"0\" allowfullscreen allow=\"autoplay; clipboard-write; encrypted-media; fullscreen; picture-in-picture\" loading=\"lazy\" src=\"https:\/\/open.spotify.com\/embed\/episode\/57MdY9YKtMYT3CuNOnkuvZ?si=38dfcd4cf0c74bff&#038;utm_source=oembed\"><\/iframe>\n<\/div><\/figure>\n","protected":false},"excerpt":{"rendered":"<p>Se aproximan las elecciones generales en Argentina y sigue siendo altamente incierto qu\u00e9 candidato y de qu\u00e9 fuerza pol\u00edtica podr\u00e1 ser el triunfador.<\/p>\n","protected":false},"author":273,"featured_media":18735,"comment_status":"closed","ping_status":"closed","sticky":false,"template":"","format":"standard","meta":{"_acf_changed":false,"episode_type":"","audio_file":"","cover_image":"","cover_image_id":"","duration":"","filesize":"","filesize_raw":"","date_recorded":"","explicit":"","block":"","itunes_episode_number":"","itunes_title":"","itunes_season_number":"","itunes_episode_type":"","footnotes":""},"categories":[16468,16468,16471,16471,16489,16489],"tags":[14126],"gps":[],"class_list":{"0":"post-18733","1":"post","2":"type-post","3":"status-publish","4":"format-standard","5":"has-post-thumbnail","7":"category-politica","9":"category-elecciones","11":"category-argentina","13":"tag-debates-br-es"},"acf":[],"_links":{"self":[{"href":"https:\/\/latinoamerica21.com\/es\/wp-json\/wp\/v2\/posts\/18733","targetHints":{"allow":["GET"]}}],"collection":[{"href":"https:\/\/latinoamerica21.com\/es\/wp-json\/wp\/v2\/posts"}],"about":[{"href":"https:\/\/latinoamerica21.com\/es\/wp-json\/wp\/v2\/types\/post"}],"author":[{"embeddable":true,"href":"https:\/\/latinoamerica21.com\/es\/wp-json\/wp\/v2\/users\/273"}],"replies":[{"embeddable":true,"href":"https:\/\/latinoamerica21.com\/es\/wp-json\/wp\/v2\/comments?post=18733"}],"version-history":[{"count":0,"href":"https:\/\/latinoamerica21.com\/es\/wp-json\/wp\/v2\/posts\/18733\/revisions"}],"wp:featuredmedia":[{"embeddable":true,"href":"https:\/\/latinoamerica21.com\/es\/wp-json\/wp\/v2\/media\/18735"}],"wp:attachment":[{"href":"https:\/\/latinoamerica21.com\/es\/wp-json\/wp\/v2\/media?parent=18733"}],"wp:term":[{"taxonomy":"category","embeddable":true,"href":"https:\/\/latinoamerica21.com\/es\/wp-json\/wp\/v2\/categories?post=18733"},{"taxonomy":"post_tag","embeddable":true,"href":"https:\/\/latinoamerica21.com\/es\/wp-json\/wp\/v2\/tags?post=18733"},{"taxonomy":"gps","embeddable":true,"href":"https:\/\/latinoamerica21.com\/es\/wp-json\/wp\/v2\/gps?post=18733"}],"curies":[{"name":"wp","href":"https:\/\/api.w.org\/{rel}","templated":true}]}}