{"id":18854,"date":"2023-08-05T08:00:00","date_gmt":"2023-08-05T11:00:00","guid":{"rendered":"https:\/\/latinoamerica21.com\/?p=18854"},"modified":"2023-11-09T17:11:42","modified_gmt":"2023-11-09T20:11:42","slug":"constitucion-extractivismo-y-el-conflicto-en-jujuy-argentina","status":"publish","type":"post","link":"https:\/\/latinoamerica21.com\/es\/constitucion-extractivismo-y-el-conflicto-en-jujuy-argentina\/","title":{"rendered":"Constituci\u00f3n, extractivismo y el conflicto en Jujuy (Argentina)"},"content":{"rendered":"\n<p>A mediados de junio, el gobernador de la provincia argentina de Jujuy, Gerardo Morales, reci\u00e9n reelecto por el opositor Juntos por el Cambio, hizo aprobar en la c\u00e1mara provincial una reforma de la constituci\u00f3n de la provincia. La reforma ha desatado un conflicto al interior de la provincia, con repercusiones en la pol\u00edtica nacional, de cara a la elecci\u00f3n presidencial de octubre, y se enmarca en una cuesti\u00f3n hace a\u00f1os presente en Sudam\u00e9rica: <a href=\"https:\/\/latinoamerica21.com\/es\/dejemos-el-petroleo-en-el-subsuelo-transformemos-las-instituciones\/\" target=\"_blank\" rel=\"noreferrer noopener\">el extractivismo minero<\/a> y las tierras que comunidades abor\u00edgenes ancestrales reclaman como propias.<\/p>\n\n\n\n<p>A nivel regional, ha habido enfrentamientos entre comunidades locales y gobiernos por temas vinculados al extractivismo en numerosas ocasiones. En Bolivia, el gobierno de Evo Morales se vio enfrentado a comunidades locales por el tratado de la ruta interoce\u00e1nica (TIPNIS), as\u00ed como en Ecuador hubo conflictos y una ruptura definitiva de las relaciones entre la Confederaci\u00f3n Nacional Ind\u00edgena del Ecuador (CONAIE) y el gobierno de Rafael Correa luego de la habilitaci\u00f3n de inversiones petroleras en tierras comunales.<\/p>\n\n\n\n<p>En Argentina, la reforma constitucional que promovi\u00f3 el gobernador Morales, dicho sea de paso, candidato a vicepresidente para las elecciones primarias de una de las dos listas del opositor Juntos por el Cambio, promueve entre otras cosas la modificaci\u00f3n de un articulado anterior por el cual se establec\u00eda que \u201cel derecho a la propiedad privada no podr\u00e1 ser efectuado en oposici\u00f3n a la funci\u00f3n social o en detrimento de la salud, seguridad, libertad o dignidad humanas\u201d.&nbsp;<\/p>\n\n\n\n<p>Adem\u00e1s, la reforma indica que \u201clas leyes procesales de la Provincia deben incorporar mecanismos y v\u00edas r\u00e1pidas y expeditivas que protejan la propiedad privada y restablezcan cualquier alteraci\u00f3n en la posesi\u00f3n, uso y goce de los bienes a favor de su titular\u201d. Y se a\u00f1ade que \u201cser\u00e1 considerada grave violaci\u00f3n al derecho de propiedad la ocupaci\u00f3n no consentida por parte de una o varias personas que impida al titular de la propiedad ejercer los derechos que le asisten seg\u00fan esta Constituci\u00f3n\u201d.<\/p>\n\n\n\n<p>Por otro lado, tambi\u00e9n se dio de baja un art\u00edculo que garantizaba derechos ancestrales de las comunidades ind\u00edgenas sobre sus territorios, a la vez que lo suplanta por otro articulado que establece que el Estado promover\u00e1 la entrega de otras tierras para el desarrollo de las comunidades afectadas. La nueva Constituci\u00f3n se resguarda, adem\u00e1s, de las protestas de las comunidades afectadas ya que considera que el Estado debe asegurar \u201cla convivencia democr\u00e1tica\u201d asegurando los derechos de todas las personas. Y para ello establece la \u201cprohibici\u00f3n de cortes de calles y cortes de rutas, as\u00ed como toda otra perturbaci\u00f3n al derecho a la libre circulaci\u00f3n de las personas y la ocupaci\u00f3n indebida de edificios p\u00fablicos\u201d.<\/p>\n\n\n\n<p>Muchos pa\u00edses latinoamericanos han reformado sus constituciones en las \u00faltimas tres d\u00e9cadas para dar paso a modificaciones sustantivas en el desenvolvimiento econ\u00f3mico y pol\u00edtico de los pa\u00edses y han introducido cambios estrat\u00e9gicos afines a los programas pol\u00edticos de los gobiernos que promovieron esas reformas. En esta clave se debe entender la reforma de la Constituci\u00f3n provincial de Jujuy: modificaciones que aparecen como las m\u00e1s importantes y publicitadas, junto a reformas de base que dan pie al despliegue de nuevos intereses y proyectos. Y en el caso de Jujuy, la reforma se enmarca en el extractivismo minero en relaci\u00f3n a la nueva perla de la econom\u00eda mundial: el litio.<\/p>\n\n\n\n<p>Parece ser que la Argentina tiene, despu\u00e9s de Bolivia y Chile, el tercer gran yacimiento mundial de litio, componente esencial de las nuevas bater\u00edas que alimentan desde celulares a autos el\u00e9ctricos. Y, en Argentina, los yacimientos de litio est\u00e1n en Jujuy, en territorios que hasta ahora solo eran dep\u00f3sitos de sal, mineral estrat\u00e9gica y comercialmente menor. Esas salinas, m\u00e1s las tierras contiguas que se ver\u00e1n afectadas por este extractivismo expansivo dado que necesita rutas, canales comerciales, ingresos de maquinarias, es lo que suscit\u00f3 el reclamo de comunidades abor\u00edgenes del lugar, que, si bien son muy peque\u00f1as en relaci\u00f3n a sus vecinos, siempre han sido marginadas por los gobiernos de turno.<\/p>\n\n\n\n<p>Pero este nuevo escenario modific\u00f3 esa relaci\u00f3n a la vez que gener\u00f3 nuevas demandas y formas de <a href=\"https:\/\/www.lanacion.com.ar\/sociedad\/quienes-protagonizan-los-piquetes-tension-y-denuncias-cruzadas-en-jujuy-tras-un-mes-y-medio-de-nid30072023\/\" target=\"_blank\" rel=\"noreferrer noopener\">acci\u00f3n colectiva de la protesta social<\/a>. Ante la reforma constitucional, y la lectura que se hizo de ella en funci\u00f3n de los intereses de las potenciales compa\u00f1\u00edas mineras, estall\u00f3 la protesta en forma de cortes indefinidos de rutas estrat\u00e9gicas para el comercio y el turismo del noroeste argentino, y la comunicaci\u00f3n fronteriza con Bolivia.<\/p>\n\n\n\n<p>La primera represi\u00f3n del gobierno de la provincia para desalojar los cortes nacionaliz\u00f3 el conflicto, dado que se a\u00f1adi\u00f3 la cuesti\u00f3n pol\u00edtica electoral en vista de las elecciones primarias de agosto (PASO) y las generales de Octubre, teniendo en cuenta que el gobernador Morales es precandidato a la vicepresidencia junto a Horacio Rodr\u00edguez Larreta por Juntos por el Cambio. Esto moviliz\u00f3 al oficialismo nacional junto a los candidatos del oficialista Uni\u00f3n por la Patria a repudiar la represi\u00f3n contra los manifestantes en las rutas y a rechazar la nueva constituci\u00f3n bajo la consigna de que responde a los intereses de las mineras.<\/p>\n\n\n\n<p>Otro aspecto a tener en cuenta es que, si bien el gobierno nacional apoyo la protesta en el caso de Jujuy, en otras provincias el mismo gobierno gener\u00f3 y sostiene otro tipo de relaci\u00f3n con el extractivismo y las corporaciones mineras transnacionales.<\/p>\n\n\n\n<p>Por ello, m\u00e1s all\u00e1 de c\u00f3mo evolucione el conflicto, que pareciera diluirse en el tiempo, lo cierto es que una vez m\u00e1s se plantea el dilema estructural entre las necesidades econ\u00f3micas de nuestros pa\u00edses y la preservaci\u00f3n ambiental en la regi\u00f3n. El extractivismo minero es absolutamente da\u00f1ino del medio ambiente, pero seduce con la rentabilidad inmediata. Mientras, a mediano plazo, se evidencia cada vez m\u00e1s la posibilidad del colapso ambiental.<\/p>\n","protected":false},"excerpt":{"rendered":"<p>A mediados de junio, el gobernador de la provincia de Jujuy, hizo aprobar en la c\u00e1mara provincial una reforma de la constituci\u00f3n de la provincia con repercusiones a nivel nacional.<\/p>\n","protected":false},"author":176,"featured_media":18855,"comment_status":"closed","ping_status":"closed","sticky":false,"template":"","format":"standard","meta":{"_acf_changed":false,"episode_type":"","audio_file":"","cover_image":"","cover_image_id":"","duration":"","filesize":"","filesize_raw":"","date_recorded":"","explicit":"","block":"","itunes_episode_number":"","itunes_title":"","itunes_season_number":"","itunes_episode_type":"","footnotes":""},"categories":[16584,16584,16489,16489,16622,16622],"tags":[14126],"gps":[],"class_list":{"0":"post-18854","1":"post","2":"type-post","3":"status-publish","4":"format-standard","5":"has-post-thumbnail","7":"category-conflicto-social-es","9":"category-argentina","11":"category-extractivismo-es","13":"tag-debates-br-es"},"acf":[],"_links":{"self":[{"href":"https:\/\/latinoamerica21.com\/es\/wp-json\/wp\/v2\/posts\/18854","targetHints":{"allow":["GET"]}}],"collection":[{"href":"https:\/\/latinoamerica21.com\/es\/wp-json\/wp\/v2\/posts"}],"about":[{"href":"https:\/\/latinoamerica21.com\/es\/wp-json\/wp\/v2\/types\/post"}],"author":[{"embeddable":true,"href":"https:\/\/latinoamerica21.com\/es\/wp-json\/wp\/v2\/users\/176"}],"replies":[{"embeddable":true,"href":"https:\/\/latinoamerica21.com\/es\/wp-json\/wp\/v2\/comments?post=18854"}],"version-history":[{"count":0,"href":"https:\/\/latinoamerica21.com\/es\/wp-json\/wp\/v2\/posts\/18854\/revisions"}],"wp:featuredmedia":[{"embeddable":true,"href":"https:\/\/latinoamerica21.com\/es\/wp-json\/wp\/v2\/media\/18855"}],"wp:attachment":[{"href":"https:\/\/latinoamerica21.com\/es\/wp-json\/wp\/v2\/media?parent=18854"}],"wp:term":[{"taxonomy":"category","embeddable":true,"href":"https:\/\/latinoamerica21.com\/es\/wp-json\/wp\/v2\/categories?post=18854"},{"taxonomy":"post_tag","embeddable":true,"href":"https:\/\/latinoamerica21.com\/es\/wp-json\/wp\/v2\/tags?post=18854"},{"taxonomy":"gps","embeddable":true,"href":"https:\/\/latinoamerica21.com\/es\/wp-json\/wp\/v2\/gps?post=18854"}],"curies":[{"name":"wp","href":"https:\/\/api.w.org\/{rel}","templated":true}]}}